{"id":531804,"date":"2025-11-13T17:38:11","date_gmt":"2025-11-13T17:38:11","guid":{"rendered":"https:\/\/www.europesays.com\/fr\/531804\/"},"modified":"2025-11-13T17:38:11","modified_gmt":"2025-11-13T17:38:11","slug":"fluctuat-nec-mergitur-jesse-hughes-des-eagles-of-death-metal-sest-fait-tatouer-le-blason-de-paris-dans-le-dos","status":"publish","type":"post","link":"https:\/\/www.europesays.com\/fr\/531804\/","title":{"rendered":"\u00ab\u00a0Fluctuat nec mergitur\u00a0\u00bb: Jesse Hughes des Eagles of Death Metal s&rsquo;est fait tatouer le blason de Paris dans le dos"},"content":{"rendered":"<p class=\"mb-4 text-lg md:leading-8 break-words\">Le tatouage recouvre son dos. <a href=\"https:\/\/rmc.bfmtv.com\/actualites\/police-justice\/proces-du-13-novembre-le-chanteur-des-eagles-of-death-metal-affirme-pardonner-aux-terroristes_AV-202205180153.html\" rel=\"nofollow noopener\" target=\"_blank\" data-ylk=\"slk:Jesse Hughes;elm:context_link;itc:0;sec:content-canvas\" class=\"link \">Jesse Hughes<\/a>, le leader des <a href=\"https:\/\/fr.news.yahoo.com\/90-amis-%C3%A9t%C3%A9-tu%C3%A9s-au-135625259.html\" data-ylk=\"slk:Eagles of Death Metal;elm:context_link;itc:0;sec:content-canvas;outcm:mb_qualified_link;_E:mb_qualified_link;ct:story;\" class=\"link  yahoo-link\" target=\"_blank\" rel=\"noopener\">Eagles of Death Metal<\/a>, le groupe qui jouait au Bataclan le 13 novembre 2025, s&rsquo;est fait tatouer, comme le r\u00e9v\u00e8le TF1, le blason de la Ville de Paris accompagn\u00e9 de sa c\u00e9l\u00e8bre devise, \u00ab\u00a0Fluctuat nec mergitur\u00a0\u00bb.<\/p>\n<p class=\"mb-4 text-lg md:leading-8 break-words\">\u00ab\u00a0Cette phrase latine r\u00e9sume tout pour moi. Il est battu par les flots mais ne sombre pas\u00a0\u00bb, explique le chanteur, de passage \u00e0 Paris pour assister aux comm\u00e9morations.<\/p>\n<p class=\"mb-4 text-lg md:leading-8 break-words\">Le tatouage, dessin\u00e9 \u00e0 l&rsquo;occasion des 10 ans du 13-Novembre, comportera quatre couleurs lorsqu&rsquo;il sera termin\u00e9.<\/p>\n<p class=\"mb-4 text-lg md:leading-8 break-words\">Et si Jesse Hughes ne veut plus penser aux terroristes, il assure qu&rsquo;il n&rsquo;oubliera jamais <a href=\"https:\/\/www.bfmtv.com\/societe\/direct-attentats-du-13-novembre-dix-ans-apres-la-france-rend-hommage-aux-victimes-de-saint-denis-des-terrasses-et-du-bataclan_LN-202511130152.html\" rel=\"nofollow noopener\" target=\"_blank\" data-ylk=\"slk:les 90 victimes tu\u00e9es le 13 novembre 2015 au Bataclan;elm:context_link;itc:0;sec:content-canvas\" class=\"link \">les 90 victimes tu\u00e9es le 13 novembre 2015 au Bataclan<\/a>: \u00ab\u00a0ils m\u00e9ritent, ils ont gagn\u00e9 le droit qu\u2019on se souvienne d\u2019eux\u00a0\u00bb. Il se dit \u00ab\u00a0tr\u00e8s reconnaissant envers (ses) fr\u00e8res et s\u0153urs parisiens\u00a0\u00bb. \u00ab\u00a0Et je suis tr\u00e8s reconnaissant envers chaque personne qui \u00e9tait pr\u00e9sente cette nuit-l\u00e0.\u00a0\u00bb<\/p>\n<p class=\"mb-4 text-lg md:leading-8 break-words\">\u00ab\u00a0Je n&rsquo;ai jamais ressenti quelque chose d&rsquo;aussi fort qu&rsquo;avec les Fran\u00e7ais\u00a0\u00bb, dit-il \u00e9galement dans <a href=\"https:\/\/www.lepoint.fr\/societe\/exclusif-jesse-hughes-des-eagles-of-death-metal-se-confie-avant-le-10e-anniversaire-des-attentats-du-bataclan-12-11-2025-2603003_23.php\" rel=\"nofollow noopener\" target=\"_blank\" data-ylk=\"slk:un long entretien;elm:context_link;itc:0;sec:content-canvas\" class=\"link \">un long entretien<\/a> avec le journaliste du Point, J\u00e9r\u00e9my Maccaud, lui aussi au Bataclan ce soir-l\u00e0.<\/p>\n<p class=\"mb-4 text-lg md:leading-8 break-words\">Il y raconte sa lente reconstruction et les nombreux t\u00e9moignages d&rsquo;amour et de soutien qu&rsquo;il a re\u00e7us de la part de rescap\u00e9s, de fans fran\u00e7ais, mais aussi de gens qui ne le connaissaient pas, comme cette septuag\u00e9naire, crois\u00e9e au Hellfest. \u00ab\u00a0Une petite vieille de la campagne fran\u00e7aise, qui ne me conna\u00eet ni d&rsquo;\u00c8ve ni d&rsquo;Adam, est venue me montrer son soutien\u00a0\u00bb, s&rsquo;\u00e9meut-il.<\/p>\n<p>Rejouer au Bataclan<\/p>\n<p class=\"mb-4 text-lg md:leading-8 break-words\">\u00ab\u00a0J&rsquo;ai beaucoup appris des fans fran\u00e7ais. J&rsquo;ai appris le pardon, l&rsquo;acceptation, la r\u00e9silience, le fait de se relever, de ne jamais laisser les m\u00e9chants gagner\u00a0\u00bb, dit-il encore.<\/p>\n<p class=\"mb-4 text-lg md:leading-8 break-words\">Il assure aussi vouloir revenir<a href=\"https:\/\/fr.news.yahoo.com\/c%C3%A9tait-important-dy-retourner-dix-090205016.html\" data-ylk=\"slk:jouer au Bataclan;elm:context_link;itc:0;sec:content-canvas;outcm:mb_qualified_link;_E:mb_qualified_link;ct:story;\" class=\"link  yahoo-link\" target=\"_blank\" rel=\"noopener\"> jouer au Bataclan<\/a>. Absent du concert de r\u00e9ouverture de la salle, le 12 novembre 2016, avec Sting et <a href=\"https:\/\/fr.news.yahoo.com\/ibrahim-maalouf-bient%C3%B4t-retour-album-155231118.html\" data-ylk=\"slk:Ibrahim Maalouf;elm:context_link;itc:0;sec:content-canvas;outcm:mb_qualified_link;_E:mb_qualified_link;ct:story;\" class=\"link  yahoo-link\" target=\"_blank\" rel=\"noopener\">Ibrahim Maalouf<\/a>, en raison de <a href=\"https:\/\/www.bfmtv.com\/people\/musique\/attentat-au-bataclan-jesse-hughes-s-excuse-finalement-d-avoir-remis-en-doute-l-integrite-des-vigiles_AN-201603120023.html\" rel=\"nofollow noopener\" target=\"_blank\" data-ylk=\"slk:diff\u00e9rentes pol\u00e9miques;elm:context_link;itc:0;sec:content-canvas\" class=\"link \">diff\u00e9rentes pol\u00e9miques<\/a>, Jesse Hughes n&rsquo;a jamais rejou\u00e9 au Bataclan depuis le 13 novembre 2015.<\/p>\n<p class=\"mb-4 text-lg md:leading-8 break-words\">\u00ab\u00a0Oui, je viendrai rejouer l\u00e0-bas \u00e0 la seconde o\u00f9 ce sera possible. Tous ceux qui \u00e9taient l\u00e0 ce soir-l\u00e0 m&rsquo;ont soutenu. Bien s\u00fbr que j&rsquo;y retournerai\u00a0\u00bb, d\u00e9clare-t-il au Point.<\/p>\n<p class=\"mb-4 text-lg md:leading-8 break-words\"><a href=\"https:\/\/www.bfmtv.com\/people\/musique\/fluctuat-nec-mergitur-jesse-hughes-des-eagles-of-death-metal-s-est-fait-tatouer-le-blason-de-paris-dans-le-dos_AV-202511130796.html#xtor=AL-68\" rel=\"nofollow noopener\" target=\"_blank\" data-ylk=\"slk:Article original publi\u00e9 sur BFMTV.com;elm:context_link;itc:0;sec:content-canvas\" class=\"link \">Article original publi\u00e9 sur BFMTV.com<\/a><\/p>\n","protected":false},"excerpt":{"rendered":"Le tatouage recouvre son dos. Jesse Hughes, le leader des Eagles of Death Metal, le groupe qui jouait&hellip;\n","protected":false},"author":2,"featured_media":531805,"comment_status":"","ping_status":"","sticky":false,"template":"","format":"standard","meta":{"footnotes":""},"categories":[1888],"tags":[1111,1928,11,1927,18543,65131,1777,674,1011,27,65130,4006,12,1926,626,1925,25,25840],"class_list":{"0":"post-531804","1":"post","2":"type-post","3":"status-publish","4":"format-standard","5":"has-post-thumbnail","7":"category-paris","8":"tag-actu","9":"tag-actu-paris","10":"tag-actualites","11":"tag-actualites-paris","12":"tag-bataclan","13":"tag-eagles-of-death-metal","14":"tag-eu","15":"tag-europe","16":"tag-fr","17":"tag-france","18":"tag-jesse-hughes","19":"tag-le-chanteur","20":"tag-news","21":"tag-news-paris","22":"tag-paris","23":"tag-paris-news","24":"tag-republique-francaise","25":"tag-viktorija-burakauskas"},"share_on_mastodon":{"url":"https:\/\/pubeurope.com\/@fr\/115543612116496294","error":""},"_links":{"self":[{"href":"https:\/\/www.europesays.com\/fr\/wp-json\/wp\/v2\/posts\/531804","targetHints":{"allow":["GET"]}}],"collection":[{"href":"https:\/\/www.europesays.com\/fr\/wp-json\/wp\/v2\/posts"}],"about":[{"href":"https:\/\/www.europesays.com\/fr\/wp-json\/wp\/v2\/types\/post"}],"author":[{"embeddable":true,"href":"https:\/\/www.europesays.com\/fr\/wp-json\/wp\/v2\/users\/2"}],"replies":[{"embeddable":true,"href":"https:\/\/www.europesays.com\/fr\/wp-json\/wp\/v2\/comments?post=531804"}],"version-history":[{"count":0,"href":"https:\/\/www.europesays.com\/fr\/wp-json\/wp\/v2\/posts\/531804\/revisions"}],"wp:featuredmedia":[{"embeddable":true,"href":"https:\/\/www.europesays.com\/fr\/wp-json\/wp\/v2\/media\/531805"}],"wp:attachment":[{"href":"https:\/\/www.europesays.com\/fr\/wp-json\/wp\/v2\/media?parent=531804"}],"wp:term":[{"taxonomy":"category","embeddable":true,"href":"https:\/\/www.europesays.com\/fr\/wp-json\/wp\/v2\/categories?post=531804"},{"taxonomy":"post_tag","embeddable":true,"href":"https:\/\/www.europesays.com\/fr\/wp-json\/wp\/v2\/tags?post=531804"}],"curies":[{"name":"wp","href":"https:\/\/api.w.org\/{rel}","templated":true}]}}