{"id":531808,"date":"2025-11-13T17:40:15","date_gmt":"2025-11-13T17:40:15","guid":{"rendered":"https:\/\/www.europesays.com\/fr\/531808\/"},"modified":"2025-11-13T17:40:15","modified_gmt":"2025-11-13T17:40:15","slug":"ubisoft-demande-la-suspension-de-sa-cotation-a-la-bourse-de-paris","status":"publish","type":"post","link":"https:\/\/www.europesays.com\/fr\/531808\/","title":{"rendered":"Ubisoft demande la suspension de sa cotation \u00e0 la Bourse de Paris"},"content":{"rendered":"<p>\n    Le g\u00e9ant fran\u00e7ais des jeux vid\u00e9o a \u00e9galement d\u00e9cal\u00e9 la publication de ses r\u00e9sultats pour le premier semestre, pr\u00e9vus jeudi soir.<\/p>\n<p class=\"fig-paragraph\">Que se passe-t-il chez\u00a0<a href=\"http:\/\/www.lefigaro.fr\/medias\/ubisoft-perd-le-directeur-de-sa-plus-grande-franchise-assassin-s-creed-20251014\" data-fig-type=\"NewsFlash\" data-gtm-custom-categorie=\"navigation\" data-gtm-custom-action=\"crossclick\" data-gtm-custom-label=\"Contextuel\" data-gtm-event=\"customEventSPE\" data-fig-domain=\"LEFIGARO\" target=\"_blank\" rel=\"noopener\">Ubisoft\u00a0<\/a>? Le g\u00e9ant fran\u00e7ais des jeux vid\u00e9o a d\u00e9cal\u00e9 la publication de ses r\u00e9sultats pour le premier semestre, pr\u00e9vus ce jeudi soir, et demand\u00e9 la suspension de sa cotation \u00e0 la Bourse de Paris, a-t-il annonc\u00e9 dans un communiqu\u00e9.<\/p>\n<p class=\"fig-paragraph\">\u00abUbisoft a demand\u00e9 \u00e0 Euronext de suspendre la cotation de ses actions et de ses obligations \u00e0 compter de l&rsquo;ouverture des march\u00e9s le 14 novembre 2025\u00bb et ce jusqu&rsquo;\u00e0 la diffusion de ses r\u00e9sultats \u00abdans les prochains jours\u00bb, a indiqu\u00e9 l&rsquo;\u00e9diteur, dont l&rsquo;action a plong\u00e9 de pr\u00e8s de 50% depuis le d\u00e9but de l&rsquo;ann\u00e9e. \u00abUbisoft tiendra le march\u00e9 inform\u00e9 de la date de reprise de la cotation\u00bb.<\/p>\n<p>                                    <a class=\"fig-a11y-skip a11y-hidden\" href=\"#fig-a11y-skip-main-inarticle\"><br \/>\n        Passer la publicit\u00e9<br \/>\n    <\/a><\/p>\n<p class=\"fig-paragraph\">Interrog\u00e9 par le Figaro, le groupe fran\u00e7ais n\u2019a pas apport\u00e9 plus d\u2019explications \u00e0 cette suspension.<\/p>\n<p class=\"fig-paragraph\">Plus d\u2019informations \u00e0 suivre&#8230;<\/p>\n","protected":false},"excerpt":{"rendered":"Le g\u00e9ant fran\u00e7ais des jeux vid\u00e9o a \u00e9galement d\u00e9cal\u00e9 la publication de ses r\u00e9sultats pour le premier semestre,&hellip;\n","protected":false},"author":2,"featured_media":531809,"comment_status":"","ping_status":"","sticky":false,"template":"","format":"standard","meta":{"footnotes":""},"categories":[1888],"tags":[11,1777,674,1011,27,12,626,25,4455],"class_list":{"0":"post-531808","1":"post","2":"type-post","3":"status-publish","4":"format-standard","5":"has-post-thumbnail","7":"category-paris","8":"tag-actualites","9":"tag-eu","10":"tag-europe","11":"tag-fr","12":"tag-france","13":"tag-news","14":"tag-paris","15":"tag-republique-francaise","16":"tag-ubisoft"},"share_on_mastodon":{"url":"https:\/\/pubeurope.com\/@fr\/115543619990643781","error":""},"_links":{"self":[{"href":"https:\/\/www.europesays.com\/fr\/wp-json\/wp\/v2\/posts\/531808","targetHints":{"allow":["GET"]}}],"collection":[{"href":"https:\/\/www.europesays.com\/fr\/wp-json\/wp\/v2\/posts"}],"about":[{"href":"https:\/\/www.europesays.com\/fr\/wp-json\/wp\/v2\/types\/post"}],"author":[{"embeddable":true,"href":"https:\/\/www.europesays.com\/fr\/wp-json\/wp\/v2\/users\/2"}],"replies":[{"embeddable":true,"href":"https:\/\/www.europesays.com\/fr\/wp-json\/wp\/v2\/comments?post=531808"}],"version-history":[{"count":0,"href":"https:\/\/www.europesays.com\/fr\/wp-json\/wp\/v2\/posts\/531808\/revisions"}],"wp:featuredmedia":[{"embeddable":true,"href":"https:\/\/www.europesays.com\/fr\/wp-json\/wp\/v2\/media\/531809"}],"wp:attachment":[{"href":"https:\/\/www.europesays.com\/fr\/wp-json\/wp\/v2\/media?parent=531808"}],"wp:term":[{"taxonomy":"category","embeddable":true,"href":"https:\/\/www.europesays.com\/fr\/wp-json\/wp\/v2\/categories?post=531808"},{"taxonomy":"post_tag","embeddable":true,"href":"https:\/\/www.europesays.com\/fr\/wp-json\/wp\/v2\/tags?post=531808"}],"curies":[{"name":"wp","href":"https:\/\/api.w.org\/{rel}","templated":true}]}}