{"id":531810,"date":"2025-11-13T17:41:24","date_gmt":"2025-11-13T17:41:24","guid":{"rendered":"https:\/\/www.europesays.com\/fr\/531810\/"},"modified":"2025-11-13T17:41:24","modified_gmt":"2025-11-13T17:41:24","slug":"pourquoi-matvey-safonov-a-ete-libere-par-la-russie","status":"publish","type":"post","link":"https:\/\/www.europesays.com\/fr\/531810\/","title":{"rendered":"pourquoi Matvey Safonov a \u00e9t\u00e9 lib\u00e9r\u00e9 par la Russie"},"content":{"rendered":"<p>Titulaire hier soir lors du match amical entre la <a href=\"https:\/\/www.footmercato.net\/selection\/russie\/\" target=\"_blank\" rel=\"noopener\">Russie<\/a> et le P\u00e9rou, <a href=\"https:\/\/www.footmercato.net\/joueur\/matvei-safonov\/\" target=\"_blank\" rel=\"noopener\">Matvey Safonov<\/a> a v\u00e9cu une soir\u00e9e difficile. Coupable d\u2019une bourde, le portier parisien s\u2019est attir\u00e9 les foudres de son s\u00e9lectionneur et de la presse locale. Ce jeudi, on apprenait m\u00eame que le Russe ne figurait pas dans le groupe convoqu\u00e9 pour le match face au Chili. Pour autant, selon les derni\u00e8res informations du <a href=\"https:\/\/www.leparisien.fr\/sports\/football\/psg\/football-pourquoi-le-gardien-matvey-safonov-a-t-il-ete-remis-a-la-disposition-du-psg-apres-une-boulette-avec-la-russie-13-11-2025-KMQJKG4ISBBN5JS2GN5FDQSW2E.php\" target=\"_blank\" rel=\"noopener\">Parisien<\/a>, ce retour n\u2019est pas une sanction. <\/p>\n<p>            La suite apr\u00e8s cette publicit\u00e9<\/p>\n<p>Au sein du club parisien, on affirme, en effet, qu\u2019il \u00e9tait convenu que Safonov ne dispute que la premi\u00e8re rencontre, suivant la logique du s\u00e9lectionneur russe, habitu\u00e9 \u00e0 changer son \u00e9quipe d\u2019un match \u00e0 l\u2019autre. Le <a href=\"https:\/\/www.footmercato.net\/club\/psg\/\" target=\"_blank\" rel=\"noopener\">PSG<\/a> l\u2019a, par ailleurs, autoris\u00e9 \u00e0 s\u00e9journer quelques jours en Russie aux c\u00f4t\u00e9s de sa famille et notamment sa fille de quatre ans, rest\u00e9e au pays. Le dernier rempart de 26 ans fera son retour pour pr\u00e9parer la r\u00e9ception du HAC lors de la 13e journ\u00e9e de <a href=\"https:\/\/www.footmercato.net\/france\/ligue-1\/\" target=\"_blank\" rel=\"noopener\">Ligue 1<\/a>. <\/p>\n<p>\n    Pub. le 13\/11\/2025 17:39<br \/>\n            &#8211; MAJ le 13\/11\/2025 18:28\n    <\/p>\n","protected":false},"excerpt":{"rendered":"Titulaire hier soir lors du match amical entre la Russie et le P\u00e9rou, Matvey Safonov a v\u00e9cu une&hellip;\n","protected":false},"author":2,"featured_media":530986,"comment_status":"","ping_status":"","sticky":false,"template":"","format":"standard","meta":{"footnotes":""},"categories":[1591],"tags":[11,1887,12,1885,1886,132],"class_list":{"0":"post-531810","1":"post","2":"type-post","3":"status-publish","4":"format-standard","5":"has-post-thumbnail","7":"category-russie","8":"tag-actualites","9":"tag-federation-de-russie","10":"tag-news","11":"tag-russia","12":"tag-russian-federation","13":"tag-russie"},"share_on_mastodon":{"url":"https:\/\/pubeurope.com\/@fr\/115543624014742588","error":""},"_links":{"self":[{"href":"https:\/\/www.europesays.com\/fr\/wp-json\/wp\/v2\/posts\/531810","targetHints":{"allow":["GET"]}}],"collection":[{"href":"https:\/\/www.europesays.com\/fr\/wp-json\/wp\/v2\/posts"}],"about":[{"href":"https:\/\/www.europesays.com\/fr\/wp-json\/wp\/v2\/types\/post"}],"author":[{"embeddable":true,"href":"https:\/\/www.europesays.com\/fr\/wp-json\/wp\/v2\/users\/2"}],"replies":[{"embeddable":true,"href":"https:\/\/www.europesays.com\/fr\/wp-json\/wp\/v2\/comments?post=531810"}],"version-history":[{"count":0,"href":"https:\/\/www.europesays.com\/fr\/wp-json\/wp\/v2\/posts\/531810\/revisions"}],"wp:featuredmedia":[{"embeddable":true,"href":"https:\/\/www.europesays.com\/fr\/wp-json\/wp\/v2\/media\/530986"}],"wp:attachment":[{"href":"https:\/\/www.europesays.com\/fr\/wp-json\/wp\/v2\/media?parent=531810"}],"wp:term":[{"taxonomy":"category","embeddable":true,"href":"https:\/\/www.europesays.com\/fr\/wp-json\/wp\/v2\/categories?post=531810"},{"taxonomy":"post_tag","embeddable":true,"href":"https:\/\/www.europesays.com\/fr\/wp-json\/wp\/v2\/tags?post=531810"}],"curies":[{"name":"wp","href":"https:\/\/api.w.org\/{rel}","templated":true}]}}