{"id":531814,"date":"2025-11-13T17:44:13","date_gmt":"2025-11-13T17:44:13","guid":{"rendered":"https:\/\/www.europesays.com\/fr\/531814\/"},"modified":"2025-11-13T17:44:13","modified_gmt":"2025-11-13T17:44:13","slug":"sara-sharif-la-fillette-martyrisee-qui-aurait-pu-etre-sauvee-si-educateurs-et-voisins-navaient-pas-craint-detre-accuses-de-racisme","status":"publish","type":"post","link":"https:\/\/www.europesays.com\/fr\/531814\/","title":{"rendered":"Sara Sharif, la fillette martyris\u00e9e qui aurait pu \u00eatre sauv\u00e9e si \u00e9ducateurs et voisins n\u2019avaient pas craint d\u2019\u00eatre accus\u00e9s de racisme"},"content":{"rendered":"<p>\n    Un rapport accablant montre que nombre de professionnels de l\u2019enfance ont pr\u00e9f\u00e9r\u00e9 fermer les yeux sur les signes alarmants, alors que les s\u00e9vices ont dur\u00e9 des ann\u00e9es avant la mort de la petite fille anglo-pakistanaise en ao\u00fbt 2023.<\/p>\n<p class=\"fig-paragraph\">Au drame et \u00e0 la barbarie, s\u2019ajoutent l\u2019absurde et la honte. Il y a deux ans, une fillette anglo-pakistanaise de 10 ans, Sara Sharif, \u00e9tait tortur\u00e9e jusqu\u2019\u00e0 la mort par son p\u00e8re et sa belle-m\u00e8re, \u00e0 Woking, dans le Surrey. Aujourd\u2019hui, un rapport montre que les chances de pr\u00e9venir cet horrible meurtre ont \u00e9t\u00e9 \u00abg\u00e2ch\u00e9es par des consid\u00e9rations raciales\u00bb.<\/p>\n<p class=\"fig-paragraph\">Au terme d\u2019un proc\u00e8s tr\u00e8s m\u00e9diatis\u00e9, les tortionnaires ont \u00e9t\u00e9 condamn\u00e9s \u00e0 la prison \u00e0 vie en d\u00e9cembre 2024. Le p\u00e8re, Urfan Sharif, un chauffeur de taxi de 43 ans, et la belle-m\u00e8re, Beinash Batool, 31 ans, s\u2019\u00e9taient envol\u00e9s pour le Pakistan au lendemain de la mort de Sara, abandonnant le corps de la petite fille sur un lit. Apr\u00e8s un mois de cavale, sous pression de la police pakistanaise, ils \u00e9taient revenus au Royaume-Uni. Les magistrats ont relev\u00e9 un \u00abdegr\u00e9 de cruaut\u00e9 presque inconcevable\u00bb.<\/p>\n<p>    De gauche \u00e0 droite le p\u00e8re, la belle-m\u00e8re et l\u2019oncle de Sara.<br \/>\n                HANDOUT \/ AFP<\/p>\n<p class=\"fig-paragraph\">Le rapport accablant, command\u00e9 par le Surrey Safeguarding Children Partnership, montre que les professionnels de l\u2019\u00e9ducation comme les voisins du couple\u2026<\/p>\n<p class=\"fig-premium-paywall__infos\">\n        Cet article est r\u00e9serv\u00e9 aux abonn\u00e9s.        Il vous reste 70% \u00e0 d\u00e9couvrir.\n    <\/p>\n<p>                <img  data- alt=\"Le Figaro\" class=\"fig-img--complete fig-img\"\/><\/p>\n<p class=\"fig-premium-paywall__title\">Black Friday<\/p>\n<p class=\"fig-premium-paywall__subtitle\">-70% sur l&rsquo;abonnement num\u00e9rique<\/p>\n<p class=\"fig-premium-paywall__connect\">\n                D\u00e9j\u00e0 abonn\u00e9\u00a0?                <a class=\"fig-premium-paywall__connect-link\" href=\"https:\/\/connect.lefigaro.fr\/login?client=horizon_web&amp;type=main&amp;redirect_uri=https%3A%2F%2Fwww.lefigaro.fr%2Finternational%2Froyaume-uni-sara-sharif-la-fillette-martyrisee-qui-aurait-pu-etre-sauvee-si-educateurs-et-voisins-n-avaient-pas-craint-d-etre-accuses-de-racisme-20251113\" data-js-gtm=\"{&quot;customCategorie&quot;: &quot;conversion&quot;, &quot;customAction&quot;: &quot;before_Landing_Connexion_paywall_auto&quot;, &quot;customLabel&quot;: &quot;bGVmaWdhcm8uZnJfXzFmMGMwYjJiLTAxNmItNjkwNi1iOTU3LTdmNDU4YmFmMDhjYV9fQXJ0aWNsZQ==_Royaume-Uni\u00a0: Sara Sharif, la fillette martyris\u00e9e qui aurait pu \u00eatre sauv\u00e9e si \u00e9ducateurs et voisins n\u2019avaient pas craint d\u2019\u00eatre accus\u00e9s de racisme_151&quot;, &quot;customIDSPE&quot;: &quot;bGVmaWdhcm8uZnJfXzFmMGMwYjJiLTAxNmItNjkwNi1iOTU3LTdmNDU4YmFmMDhjYV9fQXJ0aWNsZQ==&quot;, &quot;event&quot;: &quot;customEventSPE&quot;}\" target=\"_blank\" rel=\"noopener\"><br \/>\n                    Connectez-vous<br \/>\n                <\/a>\n            <\/p>\n","protected":false},"excerpt":{"rendered":"Un rapport accablant montre que nombre de professionnels de l\u2019enfance ont pr\u00e9f\u00e9r\u00e9 fermer les yeux sur les signes&hellip;\n","protected":false},"author":2,"featured_media":531815,"comment_status":"","ping_status":"","sticky":false,"template":"","format":"standard","meta":{"footnotes":""},"categories":[1588],"tags":[11,10777,1777,674,19232,12,473,1853,1851,1850,1852],"class_list":{"0":"post-531814","1":"post","2":"type-post","3":"status-publish","4":"format-standard","5":"has-post-thumbnail","7":"category-royaume-uni","8":"tag-actualites","9":"tag-enfance","10":"tag-eu","11":"tag-europe","12":"tag-maltraitance","13":"tag-news","14":"tag-royaume-uni","15":"tag-royaume-uni-de-grande-bretagne-et-dirlande-du-nord","16":"tag-uk","17":"tag-united-kingdom","18":"tag-united-kingdom-of-great-britain-and-northern-ireland"},"share_on_mastodon":{"url":"https:\/\/pubeurope.com\/@fr\/115543635690568538","error":""},"_links":{"self":[{"href":"https:\/\/www.europesays.com\/fr\/wp-json\/wp\/v2\/posts\/531814","targetHints":{"allow":["GET"]}}],"collection":[{"href":"https:\/\/www.europesays.com\/fr\/wp-json\/wp\/v2\/posts"}],"about":[{"href":"https:\/\/www.europesays.com\/fr\/wp-json\/wp\/v2\/types\/post"}],"author":[{"embeddable":true,"href":"https:\/\/www.europesays.com\/fr\/wp-json\/wp\/v2\/users\/2"}],"replies":[{"embeddable":true,"href":"https:\/\/www.europesays.com\/fr\/wp-json\/wp\/v2\/comments?post=531814"}],"version-history":[{"count":0,"href":"https:\/\/www.europesays.com\/fr\/wp-json\/wp\/v2\/posts\/531814\/revisions"}],"wp:featuredmedia":[{"embeddable":true,"href":"https:\/\/www.europesays.com\/fr\/wp-json\/wp\/v2\/media\/531815"}],"wp:attachment":[{"href":"https:\/\/www.europesays.com\/fr\/wp-json\/wp\/v2\/media?parent=531814"}],"wp:term":[{"taxonomy":"category","embeddable":true,"href":"https:\/\/www.europesays.com\/fr\/wp-json\/wp\/v2\/categories?post=531814"},{"taxonomy":"post_tag","embeddable":true,"href":"https:\/\/www.europesays.com\/fr\/wp-json\/wp\/v2\/tags?post=531814"}],"curies":[{"name":"wp","href":"https:\/\/api.w.org\/{rel}","templated":true}]}}