{"id":531816,"date":"2025-11-13T17:45:18","date_gmt":"2025-11-13T17:45:18","guid":{"rendered":"https:\/\/www.europesays.com\/fr\/531816\/"},"modified":"2025-11-13T17:45:18","modified_gmt":"2025-11-13T17:45:18","slug":"des-militants-propalestiniens-deploient-une-banderole-sur-la-porte-de-brandebourg-a-berlin","status":"publish","type":"post","link":"https:\/\/www.europesays.com\/fr\/531816\/","title":{"rendered":"des militants propalestiniens d\u00e9ploient une banderole sur la Porte de Brandebourg \u00e0 Berlin"},"content":{"rendered":"<p>\n    Des militants propalestiniens ont utilis\u00e9 ce 13 novembre une nacelle \u00e9l\u00e9vatrice pour d\u00e9ployer une banderole sur la c\u00e9l\u00e8bre Porte de Brandebourg, symbole de Berlin et de l\u2019Allemagne, avant d\u2019\u00eatre arr\u00eat\u00e9s par la police.<\/p>\n<p class=\"fig-paragraph\">Des militants propalestiniens\u00a0ont utilis\u00e9 ce 13 novembre une nacelle \u00e9l\u00e9vatrice pour d\u00e9ployer une banderole sur la c\u00e9l\u00e8bre\u00a0<a href=\"http:\/\/www.lefigaro.fr\/international\/la-porte-de-brandebourg-a-berlin-recouverte-de-peinture-au-nom-du-climat-20230917\" data-fig-type=\"NewsFlash\" data-gtm-custom-categorie=\"navigation\" data-gtm-custom-action=\"crossclick\" data-gtm-custom-label=\"Contextuel\" data-gtm-event=\"customEventSPE\" data-fig-domain=\"LEFIGARO\" target=\"_blank\" rel=\"noopener\">Porte de Brandebourg<\/a>, symbole de\u00a0<a href=\"http:\/\/www.lefigaro.fr\/international\/gracie-par-l-algerie-boualem-sansal-est-arrive-a-berlin-au-terme-d-un-important-travail-en-coulisses-de-la-diplomatie-allemande-20251112\" data-fig-type=\"NewsFlash\" data-gtm-custom-categorie=\"navigation\" data-gtm-custom-action=\"crossclick\" data-gtm-custom-label=\"Contextuel\" data-gtm-event=\"customEventSPE\" data-fig-domain=\"LEFIGARO\" target=\"_blank\" rel=\"noopener\">Berlin<\/a>\u00a0et de l\u2019Allemagne, avant d\u2019\u00eatre arr\u00eat\u00e9s par la police. Six activistes v\u00eatus de gilets de s\u00e9curit\u00e9 ont conduit un \u00e9l\u00e9vateur sur la place touristique bond\u00e9e \u00e0 midi, et trois d\u2019entre eux ont rapidement utilis\u00e9 l\u2019engin de chantier pour monter au sommet du monument haut de 26 m\u00e8tres.<\/p>\n<p class=\"fig-paragraph\">L\u2019action militante s\u2019est d\u00e9roul\u00e9e \u00abtr\u00e8s rapidement\u00bb, a d\u00e9clar\u00e9 le porte-parole de la police de Berlin, \u00e0 l\u2019AFP sur place. \u00abNous \u00e9tions l\u00e0 en quelques minutes, mais la nacelle \u00e9tait d\u00e9j\u00e0 en train de monter, et nous ne l\u2019avons pas arr\u00eat\u00e9e \u00e0 ce moment-l\u00e0 car cela aurait \u00e9t\u00e9 trop dangereux en cas d\u2019accident ou de chute.\u00bb Les trois militants hiss\u00e9s ont ensuite d\u00e9ploy\u00e9 une banni\u00e8re\u00a0portant l\u2019inscription \u00abPlus jamais de g\u00e9nocide &#8211; libert\u00e9 pour la Palestine\u00bb, et ont allum\u00e9 des feux de Bengale.<\/p>\n<p>                                    <a class=\"fig-a11y-skip a11y-hidden\" href=\"#fig-a11y-skip-main-inarticle\"><br \/>\n        Passer la publicit\u00e9<br \/>\n    <\/a><\/p>\n<p>La Porte de Brandebourg a d\u00e9j\u00e0 subi dans le pass\u00e9 l\u2019assaut de manifestants<\/p>\n<p class=\"fig-paragraph\">Les trois militants rest\u00e9s au sol se sont eux enferm\u00e9s dans la cabine de l\u2019\u00e9l\u00e9vateur, et la police a bris\u00e9 une vitre pour pouvoir les arr\u00eater. Une \u00e9quipe sp\u00e9ciale de la police a grimp\u00e9 sur la Porte pour arr\u00eater les autres militants et les faire redescendre lors d\u2019une op\u00e9ration qui a dur\u00e9 environ une heure et demie, a pr\u00e9cis\u00e9 M. Nath.<\/p>\n<p class=\"fig-paragraph\">Ils ont \u00e9t\u00e9 plac\u00e9s en garde \u00e0 vue pour plusieurs infractions pr\u00e9sum\u00e9es, dont intrusion ill\u00e9gale. La Porte de Brandebourg a d\u00e9j\u00e0 subi dans le pass\u00e9 l\u2019assaut de manifestants qui voulaient ainsi profiter de la visibilit\u00e9 de ce monument national. Comme ailleurs, l\u2019\u00e9motion suscit\u00e9e par le conflit au Proche-Orient a entra\u00een\u00e9 une\u00a0radicalisation des opinions en Allemagne, pays o\u00f9 il trouve une r\u00e9sonance particuli\u00e8re en raison de sa responsabilit\u00e9 dans la Shoah.<\/p>\n","protected":false},"excerpt":{"rendered":"Des militants propalestiniens ont utilis\u00e9 ce 13 novembre une nacelle \u00e9l\u00e9vatrice pour d\u00e9ployer une banderole sur la c\u00e9l\u00e8bre&hellip;\n","protected":false},"author":2,"featured_media":531817,"comment_status":"","ping_status":"","sticky":false,"template":"","format":"standard","meta":{"footnotes":""},"categories":[1587],"tags":[11,672,1898,1804,1805,1803,1777,674,1801,14027,12,3518,1802],"class_list":{"0":"post-531816","1":"post","2":"type-post","3":"status-publish","4":"format-standard","5":"has-post-thumbnail","7":"category-allemagne","8":"tag-actualites","9":"tag-allemagne","10":"tag-berlin","11":"tag-bundesrepublik-deutschland","12":"tag-de","13":"tag-deutschland","14":"tag-eu","15":"tag-europe","16":"tag-germany","17":"tag-militants","18":"tag-news","19":"tag-palestine","20":"tag-republique-federale-dallemagne"},"share_on_mastodon":{"url":"https:\/\/pubeurope.com\/@fr\/115543639683613025","error":""},"_links":{"self":[{"href":"https:\/\/www.europesays.com\/fr\/wp-json\/wp\/v2\/posts\/531816","targetHints":{"allow":["GET"]}}],"collection":[{"href":"https:\/\/www.europesays.com\/fr\/wp-json\/wp\/v2\/posts"}],"about":[{"href":"https:\/\/www.europesays.com\/fr\/wp-json\/wp\/v2\/types\/post"}],"author":[{"embeddable":true,"href":"https:\/\/www.europesays.com\/fr\/wp-json\/wp\/v2\/users\/2"}],"replies":[{"embeddable":true,"href":"https:\/\/www.europesays.com\/fr\/wp-json\/wp\/v2\/comments?post=531816"}],"version-history":[{"count":0,"href":"https:\/\/www.europesays.com\/fr\/wp-json\/wp\/v2\/posts\/531816\/revisions"}],"wp:featuredmedia":[{"embeddable":true,"href":"https:\/\/www.europesays.com\/fr\/wp-json\/wp\/v2\/media\/531817"}],"wp:attachment":[{"href":"https:\/\/www.europesays.com\/fr\/wp-json\/wp\/v2\/media?parent=531816"}],"wp:term":[{"taxonomy":"category","embeddable":true,"href":"https:\/\/www.europesays.com\/fr\/wp-json\/wp\/v2\/categories?post=531816"},{"taxonomy":"post_tag","embeddable":true,"href":"https:\/\/www.europesays.com\/fr\/wp-json\/wp\/v2\/tags?post=531816"}],"curies":[{"name":"wp","href":"https:\/\/api.w.org\/{rel}","templated":true}]}}