{"id":531828,"date":"2025-11-13T17:51:20","date_gmt":"2025-11-13T17:51:20","guid":{"rendered":"https:\/\/www.europesays.com\/fr\/531828\/"},"modified":"2025-11-13T17:51:20","modified_gmt":"2025-11-13T17:51:20","slug":"golf-illegal-quebec-na-toujours-pas-confie-le-dossier-au-dpcp","status":"publish","type":"post","link":"https:\/\/www.europesays.com\/fr\/531828\/","title":{"rendered":"Golf ill\u00e9gal: Qu\u00e9bec n\u2019a toujours pas confi\u00e9 le dossier au DPCP"},"content":{"rendered":"<p><strong>Deux mois et demi apr\u00e8s avoir pourtant pr\u00e9tendu le contraire, le minist\u00e8re de l\u2019Environnement n\u2019a toujours pas mandat\u00e9 le Directeur des poursuites criminelles et p\u00e9nales (DPCP) dans le dossier de l\u2019homme d\u2019affaires Glenn Chamandy, dans les Cantons-de-l\u2019Est.<\/strong><\/p>\n<p>\u00b7 <strong>\u00c0 lire aussi: <\/strong><a href=\"https:\/\/www.journaldemontreal.com\/2025\/08\/27\/le-ministere-de-lenvironnement-mandate-le-dpcp\" target=\"_self\" rel=\"nofollow noopener\"><strong>Golf de Chamandy: le minist\u00e8re de l\u2019Environnement confie le dossier au DPCP<\/strong><\/a><\/p>\n<p>\u00b7 <strong>\u00c0 lire aussi: <\/strong><a href=\"https:\/\/www.journaldemontreal.com\/2025\/09\/03\/affaire-chamandy-barrage-de-questions-a-lhotel-de-ville\" target=\"_self\" rel=\"nofollow noopener\"><strong>Affaire Chamandy: barrage de questions \u00e0 l\u2019h\u00f4tel de ville<\/strong><\/a><\/p>\n<p>Le Journal a appris en effet que, loin d\u2019avoir progress\u00e9 dans ce dossier, le DPCP \u00e9tait dans les faits toujours dans l\u2019attente d\u2019une demande officielle du cabinet du ministre de l\u2019Environnement du Qu\u00e9bec afin de proc\u00e9der dans cette affaire.<\/p>\n<p>                <a class=\"fancybox\" rel=\"group nofollow noopener\" href=\"https:\/\/m1.quebecormedia.com\/emp\/emp\/74546_183990d4da3e40-69d4-4332-a6d0-2ffee6acab8c_ORIGINAL.jpg?impolicy=crop-resize&amp;x=0&amp;y=0&amp;w=4000&amp;h=2250&amp;width=1400\" target=\"_blank\"><\/p>\n<p>                  <img decoding=\"async\"  src=\"https:\/\/www.europesays.com\/fr\/wp-content\/uploads\/2025\/11\/74546_183990d4da3e40-69d4-4332-a6d0-2ffee6acab8c_ORIGINAL.jpg\" class=\"story-img\" alt=\"Vue a\u00e9rienne d\u2019une partie des travaux d\u2019am\u00e9nagement d\u2019un terrain de golf entrepris sans autorisation apparente sur la propri\u00e9t\u00e9 de l\u2019homme d\u2019affaires Glenn Chamandy, \u00e0 Austin, en Estrie.\"\/><br \/>\n                <\/a><\/p>\n<p>                    Vue a\u00e9rienne d\u2019une partie des travaux d\u2019am\u00e9nagement d\u2019un terrain de golf entrepris sans autorisation apparente sur la propri\u00e9t\u00e9 de l\u2019homme d\u2019affaires Glenn Chamandy, \u00e0 Austin, en Estrie.<\/p>\n<p>                    Photo Marco Bergeron \u2013 Le Reflet du Lac \u2013 Magog<\/p>\n<p>\u00abMalgr\u00e9 ce qu\u2019on vous dit, je vous assure que ce dossier n\u2019existe pas au DPCP. Non seulement il n\u2019existe pas aujourd\u2019hui, il n\u2019a m\u00eame jamais exist\u00e9 chez nous\u00bb, nous a confirm\u00e9, apr\u00e8s maintes v\u00e9rifications, Patricia Johnson, porte-parole du DPCP.<\/p>\n<p>  <strong>Des hectares de for\u00eat d\u00e9cim\u00e9s<\/strong><\/p>\n<p>Le PDG de la multinationale Gildan, Glenn Chamandy, et son \u00e9pouse, Amel Murad Chamandy, font l\u2019objet d\u2019attention particuli\u00e8re depuis qu\u2019il a \u00e9t\u00e9 r\u00e9v\u00e9l\u00e9, l\u2019\u00e9t\u00e9 dernier, que d\u2019importants travaux d\u2019am\u00e9nagement d\u2019un terrain de golf avaient \u00e9t\u00e9 entrepris sans autorisation sur leur domaine priv\u00e9 d\u2019Austin, dans les Cantons-de-l\u2019Est.<\/p>\n<p>                <a class=\"fancybox\" rel=\"group nofollow noopener\" href=\"https:\/\/m1.quebecormedia.com\/emp\/emp\/60563827262c41cd-ae91-4598-82e6-978ec12caa78_ORIGINAL.jpg?impolicy=crop-resize&amp;x=0&amp;y=0&amp;w=1966&amp;h=2000&amp;width=1400\" target=\"_blank\"><\/p>\n<p>                  <img decoding=\"async\"  src=\"https:\/\/www.europesays.com\/fr\/wp-content\/uploads\/2025\/11\/60563827262c41cd-ae91-4598-82e6-978ec12caa78_ORIGINAL.jpg\" class=\"story-img\" alt=\"Glenn J. Chamandy, pr\u00e9sident et chef de la direction de Gildan.\"\/><br \/>\n                <\/a><\/p>\n<p>                    Glenn J. Chamandy, pr\u00e9sident et chef de la direction de Gildan.<\/p>\n<p>                    Photo d\u2019archives<\/p>\n<p>Ces travaux auraient entra\u00een\u00e9 le d\u00e9boisement ou l\u2019abattage de plusieurs hectares de for\u00eats centenaires et prot\u00e9g\u00e9es, dont certaines \u00aben milieu humide et hydrique\u00bb. Une situation qui a rapidement soulev\u00e9 l\u2019ire de la petite communaut\u00e9 riveraine du lac Memphr\u00e9magog et de l\u2019organisme environnemental Memphr\u00e9magog Conservation inc (MCI).<\/p>\n<p>Apr\u00e8s des d\u00e9nonciations, la Commission de protection du territoire agricole (CPTAQ) et le minist\u00e8re de l\u2019Environnement du Qu\u00e9bec ont fait enqu\u00eate au cours de l\u2019\u00e9t\u00e9 et ont chacun conclu \u00e0 l\u2019ill\u00e9galit\u00e9 des gestes commis. Des ordonnances et des avis de non-conformit\u00e9 ont depuis \u00e9t\u00e9 pr\u00e9sent\u00e9s aux propri\u00e9taires des lieux pour faire cesser les travaux.<\/p>\n<p>  <strong>\u00abUne erreur de bonne foi\u00bb<\/strong><\/p>\n<p>Mais, il appert que Qu\u00e9bec n\u2019a toujours pas confi\u00e9 le dossier au DPCP, <a href=\"https:\/\/www.journaldemontreal.com\/2025\/08\/27\/le-ministere-de-lenvironnement-mandate-le-dpcp\" target=\"_self\" rel=\"nofollow noopener\">contrairement \u00e0 l\u2019information que le personnel du cabinet de l\u2019ex-ministre de l\u2019Environnement Benoit Charette avait pourtant communiqu\u00e9e \u00e0 la presse au mois d\u2019ao\u00fbt dernier<\/a>.<\/p>\n<p>Le nouveau ministre de l\u2019Environnement, Bernard Drainville, a refus\u00e9 de nous accorder une entrevue \u00e0 ce sujet. Son attach\u00e9 de presse, Maxime Tremblay, a d\u00e9fendu pour sa part le cabinet d&rsquo;avoir tent\u00e9 d\u2019induire la population en erreur pour laisser croire qu\u2019il avait les choses en main.<\/p>\n<p>Il s\u2019agit plut\u00f4t, \u00e9crit l\u2019attach\u00e9 de presse, \u00abd\u2019une erreur commise de bonne foi\u00bb. \u00abLe minist\u00e8re continue de demander le r\u00e9tablissement des milieux naturels et l\u2019enqu\u00eate p\u00e9nale se poursuit au niveau du minist\u00e8re en parall\u00e8le.\u00bb<\/p>\n<p>                <a class=\"fancybox\" rel=\"group nofollow noopener\" href=\"https:\/\/m1.quebecormedia.com\/emp\/emp\/Capture_d_e_cran_le_2025_08_25_a_23.28.52_1_0181292a-d6ef-4f22-9352-a24b6c25d1f2_ORIGINAL.jpg?impolicy=crop-resize&amp;x=0&amp;y=0&amp;w=473&amp;h=651&amp;width=1400\" target=\"_blank\"><\/p>\n<p>                  <img decoding=\"async\"  src=\"https:\/\/www.europesays.com\/fr\/wp-content\/uploads\/2025\/11\/Capture_d_e_cran_le_2025_08_25_a_23.28.52_1_0181292a-d6ef-4f22-9352-a24b6c25d1f2_ORIGINAL.jpg\" class=\"story-img\" alt=\"Ci-haut, le t\u00e9moignage d\u2019un travailleur ayant pris part aux travaux de d\u00e9boisement qui ont eu lieu sur la propri\u00e9t\u00e9 de l\u2019homme d\u2019affaires Glenn Chamandy \u00e0 Austin.\"\/><br \/>\n                <\/a><\/p>\n<p>                    Ci-haut, le t\u00e9moignage d\u2019un travailleur ayant pris part aux travaux de d\u00e9boisement qui ont eu lieu sur la propri\u00e9t\u00e9 de l\u2019homme d\u2019affaires Glenn Chamandy \u00e0 Austin.<\/p>\n<p>                    Tir\u00e9e de Facebook<\/p>\n<p>Surprise, la pr\u00e9sidente du MCI Johanne Lavoie a qualifi\u00e9 de \u00abd\u00e9solante\u00bb la mani\u00e8re dont le minist\u00e8re a pr\u00e9tendu avoir saisi le DPCP de cette affaire sans l\u2019avoir v\u00e9ritablement fait. Rappelant la gravit\u00e9 des gestes commis, elle affirme \u00abcontinuer de compter sur les autorit\u00e9s comp\u00e9tentes pour faire le travail de surveillance et de suivi jusqu\u2019au bout. \u00bb<\/p>\n<p>Aucun autre d\u00e9tail ne nous a \u00e9t\u00e9 communiqu\u00e9 par le cabinet quant \u00e0 l\u2019avancement de l\u2019enqu\u00eate et \u00e0 ses intentions de transmettre le dossier au DPCP. Le cas \u00e9ch\u00e9ant, il appartiendrait \u00e0 ce dernier de signifier les constats d\u2019infraction en vue de l\u2019imposition des amendes pr\u00e9vues par la Loi sur la qualit\u00e9 de l\u2019environnement.<\/p>\n<p>Nos questions concernant le plan correcteur propos\u00e9 par les Chamandy sont demeur\u00e9es lettre morte. Il en va de m\u00eame, mardi, de notre demande d\u2019entrevue avec la direction r\u00e9gionale du contr\u00f4le environnemental de l\u2019Estrie.<\/p>\n<p><strong>Vous avez des informations \u00e0 nous communiquer \u00e0 propos de cette histoire?<\/strong><\/p>\n<p>\u00c9crivez-nous \u00e0 l&rsquo;adresse <a class=\"mail\" id=\"scoopEmail\" href=\"\" target=\"_blank\"\/> ou appelez-nous directement au <a class=\"tel\" href=\"https:\/\/www.journaldequebec.com\/2025\/11\/12\/tel:18006372667\" rel=\"nofollow noopener\" target=\"_blank\">1 800-63SCOOP<\/a>.<\/p>\n","protected":false},"excerpt":{"rendered":"Deux mois et demi apr\u00e8s avoir pourtant pr\u00e9tendu le contraire, le minist\u00e8re de l\u2019Environnement n\u2019a toujours pas mandat\u00e9&hellip;\n","protected":false},"author":2,"featured_media":531829,"comment_status":"","ping_status":"","sticky":false,"template":"","format":"standard","meta":{"footnotes":""},"categories":[1418],"tags":[1011,27,1472,60],"class_list":{"0":"post-531828","1":"post","2":"type-post","3":"status-publish","4":"format-standard","5":"has-post-thumbnail","7":"category-golf","8":"tag-fr","9":"tag-france","10":"tag-golf","11":"tag-sports"},"share_on_mastodon":{"url":"https:\/\/pubeurope.com\/@fr\/115543664025002934","error":""},"_links":{"self":[{"href":"https:\/\/www.europesays.com\/fr\/wp-json\/wp\/v2\/posts\/531828","targetHints":{"allow":["GET"]}}],"collection":[{"href":"https:\/\/www.europesays.com\/fr\/wp-json\/wp\/v2\/posts"}],"about":[{"href":"https:\/\/www.europesays.com\/fr\/wp-json\/wp\/v2\/types\/post"}],"author":[{"embeddable":true,"href":"https:\/\/www.europesays.com\/fr\/wp-json\/wp\/v2\/users\/2"}],"replies":[{"embeddable":true,"href":"https:\/\/www.europesays.com\/fr\/wp-json\/wp\/v2\/comments?post=531828"}],"version-history":[{"count":0,"href":"https:\/\/www.europesays.com\/fr\/wp-json\/wp\/v2\/posts\/531828\/revisions"}],"wp:featuredmedia":[{"embeddable":true,"href":"https:\/\/www.europesays.com\/fr\/wp-json\/wp\/v2\/media\/531829"}],"wp:attachment":[{"href":"https:\/\/www.europesays.com\/fr\/wp-json\/wp\/v2\/media?parent=531828"}],"wp:term":[{"taxonomy":"category","embeddable":true,"href":"https:\/\/www.europesays.com\/fr\/wp-json\/wp\/v2\/categories?post=531828"},{"taxonomy":"post_tag","embeddable":true,"href":"https:\/\/www.europesays.com\/fr\/wp-json\/wp\/v2\/tags?post=531828"}],"curies":[{"name":"wp","href":"https:\/\/api.w.org\/{rel}","templated":true}]}}