{"id":531832,"date":"2025-11-13T17:54:11","date_gmt":"2025-11-13T17:54:11","guid":{"rendered":"https:\/\/www.europesays.com\/fr\/531832\/"},"modified":"2025-11-13T17:54:11","modified_gmt":"2025-11-13T17:54:11","slug":"atp-finals-taylor-fritz-la-difference-entre-lepoque-de-federer-nadal-et-djokovic-et-celle-actuelle-avec-alcaraz-et-sinner-est-que-je-suis-un-bien-meilleur-joueur-aujourdhui","status":"publish","type":"post","link":"https:\/\/www.europesays.com\/fr\/531832\/","title":{"rendered":"ATP &#8211; Finals > Taylor Fritz : \u00ab\u00a0La diff\u00e9rence entre l&rsquo;\u00e9poque de Federer, Nadal et Djokovic et celle actuelle avec Alcaraz et Sinner est que je suis un bien meilleur joueur aujourd&rsquo;hui\u00a0\u00bb"},"content":{"rendered":"<p>De passage en conf\u00e9\u00adrence de presse ce jeudi apr\u00e8s <a href=\"https:\/\/www.welovetennis.fr\/atp\/atp-finals\/de-minaur-renvoie-fritz-a-la-maison-alcaraz-qualifie-en-demi-finales-avant-son-dernier-match\" data-wpel-link=\"internal\" rel=\"nofollow noopener\" target=\"_blank\">sa d\u00e9faite face \u00e0 Alex De Minaur<\/a> et son \u00e9limi\u00adna\u00adtion du Masters de Turin, Taylor Fritz a notam\u00adment \u00e9t\u00e9 inter\u00adrog\u00e9 sur l\u2019une de ses d\u00e9cla\u00adra\u00adtions faites il y a 18 mois lors\u00adqu\u2019il esti\u00admait que le circuit \u00e9tait plus ouvert par rapport \u00e0 l\u2019\u00e9poque du Big\u00a03.\u00a0<\/p>\n<p>Et forc\u00e9\u00adment, un an et demi plus tard, c\u2019est beau\u00adcoup moins \u00e9vident pour l\u2019Am\u00e9ricain, conscient de la domi\u00adna\u00adtion impres\u00adsion\u00adnante de Carlos Alcaraz et Jannik Sinner.\u00a0<\/p>\n<p><strong>\u00ab\u202fAujourd\u2019hui, nous sommes juste dans l\u2019\u00e8re du Big Two (sourire). Je pense que la diff\u00e9\u00adrence, par rapport \u00e0 l\u2019\u00e9poque o\u00f9 nous avions le Big Three, est que je suis un bien meilleur joueur aujourd\u2019hui. Je pense que si je joue bien, je peux \u00e9videm\u00adment disputer un match serr\u00e9 contre Carlos, comme nous l\u2019avons vu. Oui, je dois conti\u00adnuer \u00e0 m\u2019am\u00e9\u00adliorer. C\u2019est mon objectif. Il est \u00e9vident que ces deux\u2010l\u00e0 sont devant tout le monde. Les tableaux sont ouverts quand l\u2019un d\u2019eux\u2026 Je veux dire, si Carlos ne joue pas \u00e0 Shanghai, si Jannik perd, quelque chose comme \u00e7a. Mais non, je ne dirais pas que tout est ouvert. Si vous voulez remporter un grand titre, vous devrez tr\u00e8s proba\u00adble\u00adment battre l\u2019un d\u2019entre eux, voire les\u00a0deux.\u202f\u00bb<\/strong><\/p>\n<p class=\"post-published-date\" style=\"color: silver; font-size: 75%; text-align: left;\">Publi\u00e9 le jeudi 13 novembre 2025 \u00e0 17:41<\/p>\n","protected":false},"excerpt":{"rendered":"De passage en conf\u00e9\u00adrence de presse ce jeudi apr\u00e8s sa d\u00e9faite face \u00e0 Alex De Minaur et son&hellip;\n","protected":false},"author":2,"featured_media":531833,"comment_status":"","ping_status":"","sticky":false,"template":"","format":"standard","meta":{"footnotes":""},"categories":[1415],"tags":[1744,8081,105,2199,1011,27,1960,2127,60,1467],"class_list":{"0":"post-531832","1":"post","2":"type-post","3":"status-publish","4":"format-standard","5":"has-post-thumbnail","7":"category-tennis","8":"tag-alcaraz","9":"tag-de-minaur","10":"tag-djokovic","11":"tag-federer","12":"tag-fr","13":"tag-france","14":"tag-nadal","15":"tag-sinner","16":"tag-sports","17":"tag-tennis"},"share_on_mastodon":{"url":"https:\/\/pubeurope.com\/@fr\/115543674937761804","error":""},"_links":{"self":[{"href":"https:\/\/www.europesays.com\/fr\/wp-json\/wp\/v2\/posts\/531832","targetHints":{"allow":["GET"]}}],"collection":[{"href":"https:\/\/www.europesays.com\/fr\/wp-json\/wp\/v2\/posts"}],"about":[{"href":"https:\/\/www.europesays.com\/fr\/wp-json\/wp\/v2\/types\/post"}],"author":[{"embeddable":true,"href":"https:\/\/www.europesays.com\/fr\/wp-json\/wp\/v2\/users\/2"}],"replies":[{"embeddable":true,"href":"https:\/\/www.europesays.com\/fr\/wp-json\/wp\/v2\/comments?post=531832"}],"version-history":[{"count":0,"href":"https:\/\/www.europesays.com\/fr\/wp-json\/wp\/v2\/posts\/531832\/revisions"}],"wp:featuredmedia":[{"embeddable":true,"href":"https:\/\/www.europesays.com\/fr\/wp-json\/wp\/v2\/media\/531833"}],"wp:attachment":[{"href":"https:\/\/www.europesays.com\/fr\/wp-json\/wp\/v2\/media?parent=531832"}],"wp:term":[{"taxonomy":"category","embeddable":true,"href":"https:\/\/www.europesays.com\/fr\/wp-json\/wp\/v2\/categories?post=531832"},{"taxonomy":"post_tag","embeddable":true,"href":"https:\/\/www.europesays.com\/fr\/wp-json\/wp\/v2\/tags?post=531832"}],"curies":[{"name":"wp","href":"https:\/\/api.w.org\/{rel}","templated":true}]}}