{"id":531838,"date":"2025-11-13T18:00:11","date_gmt":"2025-11-13T18:00:11","guid":{"rendered":"https:\/\/www.europesays.com\/fr\/531838\/"},"modified":"2025-11-13T18:00:11","modified_gmt":"2025-11-13T18:00:11","slug":"star-academy-2025-lea-haddad-annonce-avoir-ete-ecartee-a-sa-grande-surprise-du-prime-des-anciens","status":"publish","type":"post","link":"https:\/\/www.europesays.com\/fr\/531838\/","title":{"rendered":"Star Academy 2025 : L\u00e9a Haddad annonce avoir \u00e9t\u00e9 \u00e9cart\u00e9e, \u00e0 sa grande surprise, du prime des anciens"},"content":{"rendered":"<p>Visiblement, les candidats de l\u2019\u00e9dition 2022 de la <strong><a href=\"https:\/\/www.public.fr\/tag\/star-academy\" rel=\"nofollow noopener\" target=\"_blank\">Star Academy<\/a><\/strong> ne sont pas tous les bienvenus au <strong>prime des anciens<\/strong> de ce vendredi 14 novembre 2025. En effet, hormis les finalistes <a href=\"https:\/\/www.public.fr\/tag\/anisha-jo\" rel=\"nofollow noopener\" target=\"_blank\">Anisha<\/a>, Enola, Louis, et L\u00e9a Haddad, aucun candidat de cette \u00e9dition ne devrait prendre \u00e0 l\u2019\u00e9v\u00e9nement. Mais ce jeudi, l\u2019un des quatre a finalement annonc\u00e9 <strong>son absence \u00e0 la derni\u00e8re minute.<\/strong><\/p>\n<p>Et pourtant, cela n\u2019\u00e9tait pas pr\u00e9vu \u00e0 en croire ses r\u00e9v\u00e9lations. Il s\u2019agit de L\u00e9a Haddad. La finaliste de l\u2019\u00e9dition 2022 qui <a href=\"https:\/\/www.public.fr\/lea-haddad-star-academy-cash-sur-son-mariage-precipite-je-netais-pas-pour\" rel=\"nofollow noopener\" target=\"_blank\">s&rsquo;est r\u00e9cemment mari\u00e9e<\/a>, avec Louis, Enola, et la gagnante Anisha, a en effet pris la parole sur ses r\u00e9seaux sociaux pour annoncer la triste nouvelle.<\/p>\n<p>Au d\u00e9part, elle devait interpr\u00e9ter l\u2019hymne de sa saison, <strong>Ne partez pas sans moi<\/strong>, aux c\u00f4t\u00e9s d\u2019Anisha, Louis, et Enola, avec les candidats de l\u2019actuelle saison de la <strong>Star Academy<\/strong> : Bastiaan, Victor, et L\u00e9a. Mais finalement, cette interpr\u00e9tation \u00e0 sept n\u2019aura lieu qu\u2019\u00e0 six comme l\u2019a annonc\u00e9 L\u00e9a Haddad il y a quelques heures.<\/p>\n<p>L\u00e9a Haddad ne comprend pas son \u00e9viction<\/p>\n<p>\u00ab\u00a0<strong>Non, je ne serai pas pr\u00e9sente sur le prime<\/strong> malgr\u00e9 tout ce que j&rsquo;ai pu voir sur les r\u00e9seaux. J&rsquo;adore la Star Ac et j&rsquo;ai toujours respect\u00e9 TF1&Prime;, a d\u00e9but\u00e9 la finaliste de l\u2019\u00e9dition 2022 de la <strong>Star Academy<\/strong> avant de r\u00e9v\u00e9ler que la d\u00e9cision ne provenait pas d\u2019elle : \u00ab\u00a0mais <strong>je ne comprends sinc\u00e8rement pas pourquoi<\/strong> j&rsquo;ai \u00e9t\u00e9 mise de c\u00f4t\u00e9. Je pensais pourtant \u00eatre en super bonne relation avec la production. Mais tant pis\u00a0\u00bb.<\/p>\n<p>L\u00e9a Haddad ne comprend \u00ab\u00a0vraiment pas cette mise \u00e0 l&rsquo;\u00e9cart et ces pol\u00e9miques\u00a0\u00bb, surtout qu\u2019elle estime n\u2019avoir \u00ab\u00a0jamais fait de politique\u00a0\u00bb et se d\u00e9fend d\u2019avoir un compte, sur les r\u00e9seaux sociaux, exclusivement consacr\u00e9 \u00e0 la musique \u00ab\u00a0le partage et les good vibes\u00a0\u00bb. \u00ab\u00a0Je n&rsquo;ai jamais cherch\u00e9 \u00e0 cr\u00e9er de pol\u00e9mique ou \u00e0 diviser qui que ce soit, alors c&rsquo;est difficile de voir que certaines personnes interpr\u00e8tent les choses autrement\u00a0\u00bb, conclut-elle.<\/p>\n<p>Malgr\u00e9 son absence du prime des anciens de la <strong>Star Academy<\/strong>, la jeune artiste reste \u00ab\u00a0bonne joueuse\u00a0\u00bb et souhaite en effet que du positif \u00e0 ses trois amis n\u00e9anmoins pr\u00e9sents ce vendredi : \u00ab\u00a0Merci \u00e0 ceux qui m&rsquo;envoient de la force. Je vois tous vos messages. <strong>Anisha, Enola et Louis, brillez demain soir<\/strong>\u00ab\u00a0.<\/p>\n<p>Pour rappel, ces derniers interpr\u00e9teront l\u2019hymne de leur saison 2022, l\u2019\u00e9dition qui signait son retour sur TF1 apr\u00e8s la derni\u00e8re saison diffus\u00e9e sur la Une en 2008. Outre Anisha, Enola, et Louis, les candidats de l\u2019\u00e9dition 2025 pourront \u00e9galement chanter aux c\u00f4t\u00e9s de <a href=\"https:\/\/www.public.fr\/tag\/marine-delplace\" rel=\"nofollow noopener\" target=\"_blank\">Marine<\/a>, <a href=\"https:\/\/www.public.fr\/tag\/marguerite\" rel=\"nofollow noopener\" target=\"_blank\">Marguerite<\/a>, <a href=\"https:\/\/www.public.fr\/tag\/lenie\" rel=\"nofollow noopener\" target=\"_blank\">Lenie<\/a>, Julien et Victorien. Ainsi que Franck, Charles, et <a href=\"https:\/\/vsd.fr\/75150-ca-va-etre-chaud-ebony-star-academy-met-en-garde-marine-a-la-suite-de-sa-victoire\/\" rel=\"nofollow noopener\" target=\"_blank\">la finaliste de l&rsquo;an dernier face \u00e0 Marine, Ebony.<\/a><\/p>\n<p>\n          Hits &amp; People en continu\n        <\/p>\n<p>\n          Public Radio\n        <\/p>\n<p>      Mentionn\u00e9s dans cet article<\/p>\n<p>      Sur le m\u00eame sujet<\/p>\n","protected":false},"excerpt":{"rendered":"Visiblement, les candidats de l\u2019\u00e9dition 2022 de la Star Academy ne sont pas tous les bienvenus au prime&hellip;\n","protected":false},"author":2,"featured_media":531839,"comment_status":"","ping_status":"","sticky":false,"template":"","format":"standard","meta":{"footnotes":""},"categories":[1359],"tags":[65133,58,59,1011,27,65134,54829,8520,973,5095,199],"class_list":{"0":"post-531838","1":"post","2":"type-post","3":"status-publish","4":"format-standard","5":"has-post-thumbnail","7":"category-people","8":"tag-anisha-jo","9":"tag-divertissement","10":"tag-entertainment","11":"tag-fr","12":"tag-france","13":"tag-lea-haddad","14":"tag-marguerite-dedeyan","15":"tag-marine-delplace","16":"tag-people","17":"tag-star-academy","18":"tag-tf1"},"share_on_mastodon":{"url":"https:\/\/pubeurope.com\/@fr\/115543698638892277","error":""},"_links":{"self":[{"href":"https:\/\/www.europesays.com\/fr\/wp-json\/wp\/v2\/posts\/531838","targetHints":{"allow":["GET"]}}],"collection":[{"href":"https:\/\/www.europesays.com\/fr\/wp-json\/wp\/v2\/posts"}],"about":[{"href":"https:\/\/www.europesays.com\/fr\/wp-json\/wp\/v2\/types\/post"}],"author":[{"embeddable":true,"href":"https:\/\/www.europesays.com\/fr\/wp-json\/wp\/v2\/users\/2"}],"replies":[{"embeddable":true,"href":"https:\/\/www.europesays.com\/fr\/wp-json\/wp\/v2\/comments?post=531838"}],"version-history":[{"count":0,"href":"https:\/\/www.europesays.com\/fr\/wp-json\/wp\/v2\/posts\/531838\/revisions"}],"wp:featuredmedia":[{"embeddable":true,"href":"https:\/\/www.europesays.com\/fr\/wp-json\/wp\/v2\/media\/531839"}],"wp:attachment":[{"href":"https:\/\/www.europesays.com\/fr\/wp-json\/wp\/v2\/media?parent=531838"}],"wp:term":[{"taxonomy":"category","embeddable":true,"href":"https:\/\/www.europesays.com\/fr\/wp-json\/wp\/v2\/categories?post=531838"},{"taxonomy":"post_tag","embeddable":true,"href":"https:\/\/www.europesays.com\/fr\/wp-json\/wp\/v2\/tags?post=531838"}],"curies":[{"name":"wp","href":"https:\/\/api.w.org\/{rel}","templated":true}]}}