{"id":531840,"date":"2025-11-13T18:01:16","date_gmt":"2025-11-13T18:01:16","guid":{"rendered":"https:\/\/www.europesays.com\/fr\/531840\/"},"modified":"2025-11-13T18:01:16","modified_gmt":"2025-11-13T18:01:16","slug":"paris-un-petit-appartement-pense-dans-une-palette-de-couleurs-douces","status":"publish","type":"post","link":"https:\/\/www.europesays.com\/fr\/531840\/","title":{"rendered":"Paris : un petit appartement pens\u00e9 dans une palette de couleurs douces"},"content":{"rendered":"<p>13 novembre 2025<\/p>\n<p class=\"chapo\">A la t\u00eate de son propre studio d\u2019architecture d\u2019int\u00e9rieur, L\u00e9o Schlumberger signe un appartement de 70m2 o\u00f9 se rencontrent les \u00e9poques dans une expression harmonieuse. Un d\u00e9cor romantique et pr\u00e9cis, berc\u00e9 de couleurs parfois surprenantes. Visite guid\u00e9e.\n<\/p>\n<p class=\"has-drop-cap\">Form\u00e9 \u00e0 la Design Academy \u00e0 Eindhoven aux Pays-Bas, L\u00e9o Schlumberger lance son studio d\u2019architecture d\u2019int\u00e9rieur en 2017. Son dernier projet est install\u00e9 au sein d\u2019un \u00e9difice haussmannien du 15e arrondissement de Paris. Localis\u00e9 au 5\u00e8me \u00e9tage, l\u2019<a href=\"https:\/\/www.milkdecoration.com\/tag\/appartement-paris\/\" target=\"_blank\" rel=\"noreferrer noopener\">appartement<\/a> traversant est parcouru d\u2019une belle lumi\u00e8re douce qui diffuse une atmosph\u00e8re intime et paisible dans cet espace de 70m2. Il s\u2019agit d\u2019un pied-\u00e0-terre pour un couple qui partage sa vie entre la capitale et la Bourgogne.<\/p>\n<p>Sans revoir la structure de l\u2019appartement, l\u2019<a href=\"https:\/\/www.milkdecoration.com\/tag\/architecte-dinterieur\/\" target=\"_blank\" rel=\"noopener\">architecte d\u2019int\u00e9rieur<\/a> a attribu\u00e9 une fonction \u00e0 chaque pi\u00e8ce et a compos\u00e9 un d\u00e9cor o\u00f9 se rencontrent les \u00e9poques en harmonie. Un m\u00e9lange des genres qui se devine dans la salle \u00e0 manger aux vitraux et aux poutre apparentes. Cette pi\u00e8ce de vie r\u00e9pond \u00e0 la <a href=\"https:\/\/www.milkdecoration.com\/tag\/cuisine\/\" target=\"_blank\" rel=\"noopener\">cuisine<\/a> qui s\u2019affirme dans une esth\u00e9tique plus radicale, presque clinique.\u00a0<\/p>\n<p>Pour autant, dans chaque espace, L\u00e9o Schlumberger s\u2019est employ\u00e9 \u00e0 laisser s\u2019exprimer la mati\u00e8re. Dans la cuisine, il s\u2019est notamment tourn\u00e9 vers le b\u00e9ton cir\u00e9 et le bois laqu\u00e9. Le trait d\u2019union de son d\u00e9cor sensible se situe dans l\u2019utilisation de la couleur qui jaillit \u00e7\u00e0 et l\u00e0 \u00e0 travers des d\u00e9tails et de fa\u00e7on plus pouss\u00e9e dans la salle de bain, v\u00e9ritable parti pris \u00e0 la palette singuli\u00e8re. Enseignant depuis 2020 \u00e0 l\u2019\u00e9cole Camondo \u00e0 Paris, l\u2019architecte d\u2019int\u00e9rieur a d\u2019abord dispens\u00e9 des cours sur la couleur avant d\u2019enseigner l\u2019architecture d\u2019int\u00e9rieur. Preuve que cette signature chromatique occupe une place fondamentale dans sa pratique. Son projet ponctu\u00e9 de mobilier sur mesure et de rangements conjugue une dimension pratique et esth\u00e9tique.\u00a0Une dualit\u00e9 qu\u2019il met \u00e0 profit pour cr\u00e9er une continuit\u00e9 tr\u00e8s s\u00e9duisante. A venir pour L\u00e9o Schlumberger ? Deux nouveaux int\u00e9rieurs et l\u2019envie de poursuivre sa carri\u00e8re autour de projets dans la restauration et l\u2019h\u00f4tellerie pour se diversifier. <\/p>\n<p><img fetchpriority=\"high\" decoding=\"async\" width=\"1920\" height=\"1440\" src=\"https:\/\/www.europesays.com\/fr\/wp-content\/uploads\/2025\/11\/ls-renan-jbt-2.jpg\" alt=\"\" class=\"wp-image-67071\"  \/><\/p>\n","protected":false},"excerpt":{"rendered":"13 novembre 2025 A la t\u00eate de son propre studio d\u2019architecture d\u2019int\u00e9rieur, L\u00e9o Schlumberger signe un appartement de&hellip;\n","protected":false},"author":2,"featured_media":531841,"comment_status":"","ping_status":"","sticky":false,"template":"","format":"standard","meta":{"footnotes":""},"categories":[1358],"tags":[1348,1384,1385,4397,1386,58,59,1011,27,16978,626,18865],"class_list":{"0":"post-531840","1":"post","2":"type-post","3":"status-publish","4":"format-standard","5":"has-post-thumbnail","7":"category-arts-et-design","8":"tag-arts","9":"tag-arts-and-design","10":"tag-arts-et-design","11":"tag-decoration","12":"tag-design","13":"tag-divertissement","14":"tag-entertainment","15":"tag-fr","16":"tag-france","17":"tag-interieur","18":"tag-paris","19":"tag-tribu"},"share_on_mastodon":{"url":"https:\/\/pubeurope.com\/@fr\/115543703073555898","error":""},"_links":{"self":[{"href":"https:\/\/www.europesays.com\/fr\/wp-json\/wp\/v2\/posts\/531840","targetHints":{"allow":["GET"]}}],"collection":[{"href":"https:\/\/www.europesays.com\/fr\/wp-json\/wp\/v2\/posts"}],"about":[{"href":"https:\/\/www.europesays.com\/fr\/wp-json\/wp\/v2\/types\/post"}],"author":[{"embeddable":true,"href":"https:\/\/www.europesays.com\/fr\/wp-json\/wp\/v2\/users\/2"}],"replies":[{"embeddable":true,"href":"https:\/\/www.europesays.com\/fr\/wp-json\/wp\/v2\/comments?post=531840"}],"version-history":[{"count":0,"href":"https:\/\/www.europesays.com\/fr\/wp-json\/wp\/v2\/posts\/531840\/revisions"}],"wp:featuredmedia":[{"embeddable":true,"href":"https:\/\/www.europesays.com\/fr\/wp-json\/wp\/v2\/media\/531841"}],"wp:attachment":[{"href":"https:\/\/www.europesays.com\/fr\/wp-json\/wp\/v2\/media?parent=531840"}],"wp:term":[{"taxonomy":"category","embeddable":true,"href":"https:\/\/www.europesays.com\/fr\/wp-json\/wp\/v2\/categories?post=531840"},{"taxonomy":"post_tag","embeddable":true,"href":"https:\/\/www.europesays.com\/fr\/wp-json\/wp\/v2\/tags?post=531840"}],"curies":[{"name":"wp","href":"https:\/\/api.w.org\/{rel}","templated":true}]}}