{"id":531851,"date":"2025-11-13T18:08:12","date_gmt":"2025-11-13T18:08:12","guid":{"rendered":"https:\/\/www.europesays.com\/fr\/531851\/"},"modified":"2025-11-13T18:08:12","modified_gmt":"2025-11-13T18:08:12","slug":"audiences-radio-ruquier-hanouna-combal-praud-noel-le-match-de-lapres-midi-le-parisien","status":"publish","type":"post","link":"https:\/\/www.europesays.com\/fr\/531851\/","title":{"rendered":"Audiences radio : Ruquier, Hanouna, Combal, Praud, No\u00ebl\u2026 Le match de l\u2019apr\u00e8s-midi &#8211; Le Parisien"},"content":{"rendered":"<ol>\n<li><a href=\"https:\/\/news.google.com\/rss\/articles\/CBMi8gFBVV95cUxQLTRSMkFTUmxnSHJxSWkyWkNZOVNFTUo5Z3g0dE8xOVZJYTRPbXBKSmhUbHNRTmdJOTlSbllTOHNOWmxfVXRyRmZjS0JjRVhfUTZ4LTBrb3hhaC0xQzQzOGwteG5jcGw2U0dhWERDX25mTjR3cGFoaVB1N2NoYm5jcVZTTUMzY0NieVFvRGgyQjRwMGFibkR6RW9kYmQ3ZVNMcE8taTBSdjc0XzUtMllMYkJCSFhXbGN6cEVuTnVrZ1VCWGs4TkNlS09tRks4QWMtQUFlRnJ1SGNuLUdnanIyYkpuMVpIWTF3VnRMMXJzNVZTZw?oc=5\" target=\"_blank\" rel=\"nofollow noopener\">Audiences radio : Ruquier, Hanouna, Combal, Praud, No\u00ebl\u2026 Le match de l\u2019apr\u00e8s-midi<\/a>&nbsp;&nbsp;Le Parisien<\/li>\n<li><a href=\"https:\/\/news.google.com\/rss\/articles\/CBMiogJBVV95cUxOeUVEVUFCSkdpc0JqZkNhc2RaaXRhQnV6S1NHYVJYRFZjT0hJNUU0YjdJSU9DX05zRXpWa0ZXODBNd3VJOXhIZGZrY0N1NFBTVkVPUEtSNVpIVGt1STBpSjVJd2RybnYwUllldFZTWXZPTU9wR29oWXVnY1dVN09yeVlGSUg3SDViNXhSTUE0bnZCZGUwUFY2RkctbWlGcFIyU2NKcktNeXdIbG9EVE0yZVpIRVBZNE5xZGllRkQ1dVRlRUdsLTFjbWRmcDFZak0xcUFkZ3I3bzM2WXF5Y1MzanphRE8tdlU2MEQxbGtVNUM0bkxTUzZoVEJfOU9wWjJQWGlEVC1kdGthekUyaEpzRUY0ZkItQkVvT0ZHRDRGcXZLQQ?oc=5\" target=\"_blank\" rel=\"nofollow noopener\">Audiences radio : France Inter grimace, RTL sourit, Europe 1 savoure\u2026 Voici le premier bilan des nouvelles grilles<\/a>&nbsp;&nbsp;Le Parisien<\/li>\n<li><a href=\"https:\/\/news.google.com\/rss\/articles\/CBMi7gFBVV95cUxNbWFrLUtXeFNSMnA1SGxZbDJZMHM5blF3NS1rdDVIaHdHQzBaaUt2dzBDaEl1V2pwZHBKYVQzUHAxclcyOWExck9PNjBKVkVPT21Bd1p5bE9UdmYybG02Qy0wdl90aWZRWUIzNlc3SVNkRnBHOUFfaC0wcHBNSkdyRmlLbjVkTFE4TlI3aV9waGd0RDZteEtuLThzY3ZrOVcwbkdrckQyeTdiTG11R0R3WnhPU1lCa2I2MHZuWklwdkh0Tjg0eXgzVnhOQzZuLVBHMEdjUVloanlLeFBYdlJsNzdUZ2pfTDA3S080SXZ3?oc=5\" target=\"_blank\" rel=\"nofollow noopener\">Audiences radio : France Inter leader en baisse, lourdes chutes pour NRJ et Ici, Europe 1 et Fun Radio remontent<\/a>&nbsp;&nbsp;ladepeche.fr<\/li>\n<li><a href=\"https:\/\/news.google.com\/rss\/articles\/CBMiyAJBVV95cUxOc0t0aUJaSmdhelhDdFZteHlxSXlCT1VYQzV6ZktxUm9sa2NCcGh4bTJaa1p0Vl93ZVlieS1lNjhWTE01dTNtaEFTakhnbTJ2cWtGaC1FNUZSYkZCcDlESkVJbXBaRFI3cVRkczV6LXdrZ3YzeFZ4Y0VRWWsyLU1UOS1FY3hhNmY3NTJFd1NzcldTX1RtMjlmc3dRQ3JjTS1ocms1amZIOEQ2YUVuX3k1WHlRU1pmZjdIdEVuME0wYTE3bXRVR01OZU93M3pUZlcwVmpsZ2NNWVVKU2gzWXdSQm9xTDFLYVVrZVdFczUxMVdhdEhtaTBLOVdQOVJla2ppNk40YnF1NGlrWVI2dHlSVXlaLXZteFRONXdJQWlnQXhTamJ5VDJROGVUMGNsWGkzQldaeUxlNkFuUWhzWXpwc0RGLTIwMW9X?oc=5\" target=\"_blank\" rel=\"nofollow noopener\">Audiences matinales radio : \u00ab\u00a0La grande matinale\u00a0\u00bb de France Inter int\u00e9gralement dans le rouge apr\u00e8s le d\u00e9part de L\u00e9a Salam\u00e9, Thomas Sotto stable sur RTL, Dimitri Pavlenko (Europe 1) talonne France Info<\/a>&nbsp;&nbsp;puremedias<\/li>\n<li><a href=\"https:\/\/news.google.com\/rss\/articles\/CBMilwJBVV95cUxON20xYkFDeU93SzNFeTB6em9xUjA0Qzl0YS1PRFYya1pyQ3RZMXpLUkx2TW9DakxzcWwxNzlpTG5QWTczN1NFWEY4OGdFamVPZllaWEVTMUhpeEc1ZnFCX2dBVDFBLUVjNGdCcWhvX2NqUzluYXoxLXR1NVJCSDlvRTJRVElYNS12WmJuanJEcGlucmNiVGg4NVd5SkQtTTFQWTRZeWRLTnhhUjRDRko3TFJMUl9zeXlqT1lHSXRaejZMVk5PbGdUWjhtTjJnaGRJckRZZ3lrUzNGZlMwYUZ3R2QyTlQxVDZNS3VpNDd1RkczS09OTDNGNE5SbFB1U2t1ano3YTJiUHlXT05uVVhHeDF5WWp5NFU?oc=5\" target=\"_blank\" rel=\"nofollow noopener\">Audiences radio : France Inter baisse tandis que RTL et Europe 1 progressent, dans un contexte d\u2019\u00e9rosion g\u00e9n\u00e9rale<\/a>&nbsp;&nbsp;Lib\u00e9ration<\/li>\n<\/ol>\n","protected":false},"excerpt":{"rendered":"Audiences radio : Ruquier, Hanouna, Combal, Praud, No\u00ebl\u2026 Le match de l\u2019apr\u00e8s-midi&nbsp;&nbsp;Le Parisien Audiences radio : France Inter&hellip;\n","protected":false},"author":2,"featured_media":531852,"comment_status":"","ping_status":"","sticky":false,"template":"","format":"standard","meta":{"footnotes":""},"categories":[8],"tags":[872,58,59,1011,27,2205],"class_list":{"0":"post-531851","1":"post","2":"type-post","3":"status-publish","4":"format-standard","5":"has-post-thumbnail","7":"category-divertissement","8":"tag-culture-et-loisirs","9":"tag-divertissement","10":"tag-entertainment","11":"tag-fr","12":"tag-france","13":"tag-television-medias"},"share_on_mastodon":{"url":"https:\/\/pubeurope.com\/@fr\/115543729999991195","error":""},"_links":{"self":[{"href":"https:\/\/www.europesays.com\/fr\/wp-json\/wp\/v2\/posts\/531851","targetHints":{"allow":["GET"]}}],"collection":[{"href":"https:\/\/www.europesays.com\/fr\/wp-json\/wp\/v2\/posts"}],"about":[{"href":"https:\/\/www.europesays.com\/fr\/wp-json\/wp\/v2\/types\/post"}],"author":[{"embeddable":true,"href":"https:\/\/www.europesays.com\/fr\/wp-json\/wp\/v2\/users\/2"}],"replies":[{"embeddable":true,"href":"https:\/\/www.europesays.com\/fr\/wp-json\/wp\/v2\/comments?post=531851"}],"version-history":[{"count":0,"href":"https:\/\/www.europesays.com\/fr\/wp-json\/wp\/v2\/posts\/531851\/revisions"}],"wp:featuredmedia":[{"embeddable":true,"href":"https:\/\/www.europesays.com\/fr\/wp-json\/wp\/v2\/media\/531852"}],"wp:attachment":[{"href":"https:\/\/www.europesays.com\/fr\/wp-json\/wp\/v2\/media?parent=531851"}],"wp:term":[{"taxonomy":"category","embeddable":true,"href":"https:\/\/www.europesays.com\/fr\/wp-json\/wp\/v2\/categories?post=531851"},{"taxonomy":"post_tag","embeddable":true,"href":"https:\/\/www.europesays.com\/fr\/wp-json\/wp\/v2\/tags?post=531851"}],"curies":[{"name":"wp","href":"https:\/\/api.w.org\/{rel}","templated":true}]}}