{"id":531853,"date":"2025-11-13T18:09:13","date_gmt":"2025-11-13T18:09:13","guid":{"rendered":"https:\/\/www.europesays.com\/fr\/531853\/"},"modified":"2025-11-13T18:09:13","modified_gmt":"2025-11-13T18:09:13","slug":"apple-lance-liphone-pocket-une-nouvelle-maniere-de-porter-son-smartphone-a-condition-dy-mettre-le-prix","status":"publish","type":"post","link":"https:\/\/www.europesays.com\/fr\/531853\/","title":{"rendered":"Apple lance l\u2019iPhone Pocket, une nouvelle mani\u00e8re de porter son smartphone&#8230; \u00e0 condition d\u2019y mettre le prix"},"content":{"rendered":"<p>\n    Propos\u00e9e dans deux tailles et plusieurs coloris, cette grande pi\u00e8ce de tissu est vendue dans plusieurs pays &#8211; dont la France -, \u00e0 partir de ce vendredi 14 novembre, \u00e0 159,95 euros pour le mod\u00e8le court, et 249,95 euros pour le mod\u00e8le long.<\/p>\n<p class=\"fig-paragraph\">Les nostalgiques des fameuses chaussettes d\u2019Apple, dans lesquelles l\u2019on pouvait ranger son iPod, seront combl\u00e9s\u2026 \u00e0 condition de d\u00e9bourser une coquette somme. Dans un\u00a0<a href=\"https:\/\/www.apple.com\/fr\/newsroom\/2025\/11\/introducing-iphone-pocket-a-beautiful-way-to-wear-and-carry-iphone\/\" target=\"_blank\" rel=\"sponsored noopener\" data-gtm-custom-categorie=\"navigation\" data-gtm-custom-action=\"crossclick\" data-gtm-custom-label=\"Contextuel\" data-gtm-event=\"customEventSPE\">communiqu\u00e9 publi\u00e9 mardi 11 novembre<\/a>, la firme \u00e0 la pomme a annonc\u00e9 le lancement d\u2019un nouveau produit, l\u2019iPhone Pocket, n\u00e9s d\u2019une collaboration avec le styliste japonais Issey Miyake. Un objet avec un \u00abdesign unique en maille 3D\u00bb, qui doit permettre de transporter son t\u00e9l\u00e9phone dernier cri en toute s\u00e9curit\u00e9.<\/p>\n<p class=\"fig-paragraph\">Propos\u00e9e dans deux tailles et plusieurs coloris, cette sorte de grande pi\u00e8ce de tissu est vendue \u00e0 compter de ce vendredi 14 novembre dans plusieurs pays (France, Chine, Italie, Japon, Singapour, Cor\u00e9e du Sud, Royaume-Uni et \u00c9tats-Unis), ainsi que sur le site d\u2019Apple. Elle se veut \u00eatre une \u00abpoche suppl\u00e9mentaire\u00bb pour le t\u00e9l\u00e9phone ou d\u2019autres \u00abobjets du quotidien\u00bb. \u00abL\u2019iPhone Pocket peut se porter de diff\u00e9rentes mani\u00e8res\u00a0: \u00e0 la main, attach\u00e9 \u00e0 un sac ou directement sur le corps\u00bb, vante l\u2019entreprise am\u00e9ricaine.<\/p>\n<p>    Les mod\u00e8les courts d\u2019iPhone Pocket.<br \/>\n                Apple<\/p>\n<p>                                    <a class=\"fig-a11y-skip a11y-hidden\" href=\"#fig-a11y-skip-main-inarticle\"><br \/>\n        Passer la publicit\u00e9<br \/>\n    <\/a><\/p>\n<p class=\"fig-paragraph\">Dans l\u2019Hexagone, cette pi\u00e8ce de tissu sera disponible au magasin Apple du March\u00e9 Saint-Germain, dans le 6e arrondissement de Paris. Reste que porter son t\u00e9l\u00e9phone avec style a un prix. Cette \u00e9dition limit\u00e9e sera propos\u00e9e \u00e0&#8230; 159,95 euros, pour le mod\u00e8le court, et 249,95 euros pour le mod\u00e8le long, pr\u00e9cise Apple. Un sacr\u00e9 tarif, bien loin des anciennes chaussettes iPod pour prot\u00e9ger ses produits, vendues par la marque il y a vingt ans pour environ 30 dollars (environ 26 euros) les six tout au plus. La comparaison n\u2019a d\u2019ailleurs pas \u00e9chapp\u00e9 \u00e0 certains internautes\u00a0: \u00abVendre les id\u00e9es de Steve Jobs \u00e0 un prix trois fois sup\u00e9rieur, g\u00e9nie ou folie\u00a0?\u00bb, fait mine de s\u2019interroger l\u2019un d\u2019entre eux, sur X.<\/p>\n<p>    Un mod\u00e8le long d\u2019iPhone Pocket.<br \/>\n                Apple<\/p>\n","protected":false},"excerpt":{"rendered":"Propos\u00e9e dans deux tailles et plusieurs coloris, cette grande pi\u00e8ce de tissu est vendue dans plusieurs pays &#8211;&hellip;\n","protected":false},"author":2,"featured_media":531854,"comment_status":"","ping_status":"","sticky":false,"template":"","format":"standard","meta":{"footnotes":""},"categories":[7],"tags":[733,1011,27,655,43,40,41,39,42,44],"class_list":{"0":"post-531853","1":"post","2":"type-post","3":"status-publish","4":"format-standard","5":"has-post-thumbnail","7":"category-sciences-et-technologies","8":"tag-apple","9":"tag-fr","10":"tag-france","11":"tag-iphone","12":"tag-science","13":"tag-science-and-technology","14":"tag-sciences","15":"tag-sciences-et-technologies","16":"tag-technologies","17":"tag-technology"},"share_on_mastodon":{"url":"https:\/\/pubeurope.com\/@fr\/115543734026734525","error":""},"_links":{"self":[{"href":"https:\/\/www.europesays.com\/fr\/wp-json\/wp\/v2\/posts\/531853","targetHints":{"allow":["GET"]}}],"collection":[{"href":"https:\/\/www.europesays.com\/fr\/wp-json\/wp\/v2\/posts"}],"about":[{"href":"https:\/\/www.europesays.com\/fr\/wp-json\/wp\/v2\/types\/post"}],"author":[{"embeddable":true,"href":"https:\/\/www.europesays.com\/fr\/wp-json\/wp\/v2\/users\/2"}],"replies":[{"embeddable":true,"href":"https:\/\/www.europesays.com\/fr\/wp-json\/wp\/v2\/comments?post=531853"}],"version-history":[{"count":0,"href":"https:\/\/www.europesays.com\/fr\/wp-json\/wp\/v2\/posts\/531853\/revisions"}],"wp:featuredmedia":[{"embeddable":true,"href":"https:\/\/www.europesays.com\/fr\/wp-json\/wp\/v2\/media\/531854"}],"wp:attachment":[{"href":"https:\/\/www.europesays.com\/fr\/wp-json\/wp\/v2\/media?parent=531853"}],"wp:term":[{"taxonomy":"category","embeddable":true,"href":"https:\/\/www.europesays.com\/fr\/wp-json\/wp\/v2\/categories?post=531853"},{"taxonomy":"post_tag","embeddable":true,"href":"https:\/\/www.europesays.com\/fr\/wp-json\/wp\/v2\/tags?post=531853"}],"curies":[{"name":"wp","href":"https:\/\/api.w.org\/{rel}","templated":true}]}}