{"id":531859,"date":"2025-11-13T18:12:18","date_gmt":"2025-11-13T18:12:18","guid":{"rendered":"https:\/\/www.europesays.com\/fr\/531859\/"},"modified":"2025-11-13T18:12:18","modified_gmt":"2025-11-13T18:12:18","slug":"lutte-anti-fraude-le-senat-durcit-le-controle-des-allocations-chomage-et-du-cpf-13-11-2025-a-1807","status":"publish","type":"post","link":"https:\/\/www.europesays.com\/fr\/531859\/","title":{"rendered":"Lutte anti-fraude : le S\u00e9nat durcit le contr\u00f4le des allocations ch\u00f4mage et du CPF &#8211; 13\/11\/2025 \u00e0 18:07"},"content":{"rendered":"<p>        <img decoding=\"async\" src=\"https:\/\/www.europesays.com\/fr\/wp-content\/uploads\/2025\/11\/eda93a81004b8efe0d2da725f71dcfc0-760x507.jpg\" alt=\"Les s\u00e9nateurs d\u00e9battent ce jeudi de mesures visant \u00e0 renforcer le contr\u00f4le des allocations ch\u00f4mage et du CPF. ( AFP \/ BERTRAND GUAY )\" loading=\"eager\" fetchpriority=\"high\" width=\"760\" height=\"507\" style=\"max-width: 100%!important; height: auto;\"\/><\/p>\n<p class=\"c-image-news__legend\">Les s\u00e9nateurs d\u00e9battent ce jeudi de mesures visant \u00e0 renforcer le contr\u00f4le des allocations ch\u00f4mage et du CPF. ( AFP \/ BERTRAND GUAY )<\/p>\n<p> La Haute assembl\u00e9e a adopt\u00e9 plusieurs mesures pour lutter contre la fraude, dont l&rsquo;obligation de domicilier son compte en France ou en Europe pour pr\u00e9tendre aux allocations ch\u00f4mage et de se pr\u00e9senter aux certifications CPF. La gauche s&rsquo;y est oppos\u00e9e.<\/p>\n<p>\n Dans le cadre du projet de loi gouvernemental contre les fraudes sociales et fiscales, examin\u00e9 depuis ce jeudi 13 novembre, les s\u00e9nateurs ont abord\u00e9 les articles les plus irritants de ce texte: ceux qui visent directement les allocataires, les salari\u00e9s et les assur\u00e9s sociaux.\n<\/p>\n<p>\n L&rsquo;un des plus sensibles, introduit par le S\u00e9nat, offre \u00e0 France Travail<br \/>\n <strong><br \/>\n  de nouveaux moyens d&rsquo;enqu\u00eate pour v\u00e9rifier la r\u00e9sidence effective des allocataires. L&rsquo;op\u00e9rateur pourra ainsi consulter les relev\u00e9s t\u00e9l\u00e9phoniques, ou encore interroger le fichier des compagnies a\u00e9riennes<br \/>\n <\/strong><br \/>\n .\n<\/p>\n<p>\n Cela ouvrirait alors la voie \u00e0 une suspension conservatoire de toutes les allocations lorsque \u00ab\u00a0plusieurs indices s\u00e9rieux de man\u0153uvres frauduleuses\u00a0\u00bb sont observ\u00e9s.\n<\/p>\n<p>\n Alors que la r\u00e9sidence en France est d\u00e9j\u00e0 une obligation pour les b\u00e9n\u00e9ficiaires d&rsquo;allocations,<br \/>\n <strong><br \/>\n  la gauche s&rsquo;est insurg\u00e9e contre cette mesure qu&rsquo;elle juge \u00ab\u00a0particuli\u00e8rement intrusive\u00a0\u00bb<br \/>\n <\/strong><br \/>\n .\n<\/p>\n<p>\n \u00ab\u00a0C&rsquo;est franchir une ligne rouge, c&rsquo;est introduire une forme de surveillance g\u00e9n\u00e9ralis\u00e9e des demandeurs d&#8217;emploi assimil\u00e9s \u00e0 des fraudeurs potentiels\u00a0\u00bb, a lanc\u00e9 le socialiste Jean-Luc Fichet. L&rsquo;\u00e9cologiste Raymonde Poncet Monge a craint un \u00ab\u00a0pr\u00e9c\u00e9dent dangereux pour les libert\u00e9s individuelles\u00a0\u00bb.\n<\/p>\n<p>\n <strong><br \/>\n  \u00ab\u00a0France Travail nous demande des outils. On lui donne des outils pour pouvoir contr\u00f4ler\u00a0\u00bb<br \/>\n <\/strong><br \/>\n , a r\u00e9torqu\u00e9 la s\u00e9natrice Les R\u00e9publicains Fr\u00e9d\u00e9rique Puissat, \u00e0 l&rsquo;origine de la mesure qui permettra selon elle de s&rsquo;attaquer au \u00ab\u00a0premier motif de fraude\u00a0\u00bb d\u00e9tect\u00e9 par France Travail, sur un montant global de 136 millions d&rsquo;euros en 2024.\n<\/p>\n<p>\n <strong><br \/>\n  Le ministre du Travail Jean-Pierre Farandou s&rsquo;en est remis \u00e0 la \u00ab\u00a0sagesse\u00a0\u00bb du S\u00e9nat, doutant toutefois du \u00ab\u00a0caract\u00e8re licite de l&rsquo;acc\u00e8s \u00e0 ces donn\u00e9es\u00a0\u00bb<br \/>\n <\/strong><br \/>\n .\n<\/p>\n<p> 2,3 milliards d&rsquo;euros de recettes attendues d\u00e8s 2026<\/p>\n<p>\n Un autre article, adopt\u00e9 lui aussi malgr\u00e9 des critiques, vise \u00e0 conditionner le versement de l&rsquo;indemnisation ch\u00f4mage \u00e0 la domiciliation des comptes bancaires en France ou dans l&rsquo;Union europ\u00e9enne.\n<\/p>\n<p>\n La droite s\u00e9natoriale a au contraire salu\u00e9 une mesure de \u00ab\u00a0bon sens\u00a0\u00bb: avec un compte en France, \u00ab\u00a0il est beaucoup plus simple de faire du recouvrement forc\u00e9\u00a0\u00bb, a insist\u00e9 Fr\u00e9d\u00e9rique Puissat (Les R\u00e9publicains).\n<\/p>\n<p>\n Les s\u00e9nateurs ont par ailleurs adopt\u00e9<br \/>\n <strong><br \/>\n  une mesure visant \u00e0 obliger le titulaire du compte personnel de formation (CPF) \u00e0 se pr\u00e9senter aux \u00e9preuves de certification sauf \u00ab\u00a0motif l\u00e9gitime\u00a0\u00bb<br \/>\n <\/strong><br \/>\n , sans quoi sa formation ne pourra plus \u00eatre prise en charge par le CPF.\n<\/p>\n<p>\n Les s\u00e9nateurs ont par ailleurs adopt\u00e9<br \/>\n <strong><br \/>\n  une mesure visant \u00e0 obliger le titulaire du compte personnel de formation (CPF) \u00e0 se pr\u00e9senter aux \u00e9preuves de certification sauf \u00ab\u00a0motif l\u00e9gitime\u00a0\u00bb<br \/>\n <\/strong><br \/>\n , sans quoi sa formation ne pourra plus \u00eatre prise en charge par le CPF. Un dispositif de \u00ab\u00a0responsabilisation\u00a0\u00bb des b\u00e9n\u00e9ficiaires, selon le gouvernement et la droite s\u00e9natoriale.\n<\/p>\n<p>\n Autres dispositifs critiqu\u00e9s \u00e0 gauche:<br \/>\n <strong><br \/>\n  la possibilit\u00e9 de suspendre temporairement le tiers payant pour les assur\u00e9s sociaux condamn\u00e9s pour fraude, et la suspension possible du versement d&rsquo;une prestation sociale dans le cas d&rsquo;un \u00ab\u00a0doute s\u00e9rieux de manoeuvre frauduleuse\u00a0\u00bb<br \/>\n <\/strong><br \/>\n . Le gouvernement s&rsquo;opposait \u00e9galement \u00e0 cette derni\u00e8re mesure.\n<\/p>\n<p>\n Le S\u00e9nat a \u00e9galement adopt\u00e9 le volet du projet de loi relatif au travail dissimul\u00e9, avec entre autres mesures une majoration du taux de CSG des revenus issus d&rsquo;activit\u00e9s illicites, ou encore la cr\u00e9ation d&rsquo;un dispositif de \u00ab\u00a0flagrance sociale\u00a0\u00bb permettant de saisir \u00e0 titre conservatoire les actifs de soci\u00e9t\u00e9s suspect\u00e9es de travail dissimul\u00e9.\n<\/p>\n<p>\n Ce mercredi, la chambre haute avait adopt\u00e9 l&rsquo;essentiel des mesures visant la fraude fiscale. L&rsquo;ensemble de ce projet de loi, gr\u00e2ce auquel<br \/>\n <strong><br \/>\n  le gouvernement esp\u00e8re r\u00e9cup\u00e9rer 2,3 milliards d&rsquo;euros d\u00e8s 2026<br \/>\n <\/strong><br \/>\n , sera soumis au vote des s\u00e9nateurs mardi 18 novembre \u00e0 14H30, avant sa transmission \u00e0 l&rsquo;Assembl\u00e9e nationale.<\/p>\n","protected":false},"excerpt":{"rendered":"Les s\u00e9nateurs d\u00e9battent ce jeudi de mesures visant \u00e0 renforcer le contr\u00f4le des allocations ch\u00f4mage et du CPF.&hellip;\n","protected":false},"author":2,"featured_media":531860,"comment_status":"","ping_status":"","sticky":false,"template":"","format":"standard","meta":{"footnotes":""},"categories":[4],"tags":[400,11,398,408,405,1011,27,403,402,399,404,12,25,401,406,407],"class_list":{"0":"post-531859","1":"post","2":"type-post","3":"status-publish","4":"format-standard","5":"has-post-thumbnail","7":"category-france","8":"tag-action-cac-40","9":"tag-actualites","10":"tag-bourse-de-paris","11":"tag-boursorama","12":"tag-cotations","13":"tag-fr","14":"tag-france","15":"tag-indices-devises","16":"tag-investir","17":"tag-investissement","18":"tag-marche-boursier","19":"tag-news","20":"tag-republique-francaise","21":"tag-sicav","22":"tag-trackers","23":"tag-warrants"},"share_on_mastodon":{"url":"https:\/\/pubeurope.com\/@fr\/115543746752472971","error":""},"_links":{"self":[{"href":"https:\/\/www.europesays.com\/fr\/wp-json\/wp\/v2\/posts\/531859","targetHints":{"allow":["GET"]}}],"collection":[{"href":"https:\/\/www.europesays.com\/fr\/wp-json\/wp\/v2\/posts"}],"about":[{"href":"https:\/\/www.europesays.com\/fr\/wp-json\/wp\/v2\/types\/post"}],"author":[{"embeddable":true,"href":"https:\/\/www.europesays.com\/fr\/wp-json\/wp\/v2\/users\/2"}],"replies":[{"embeddable":true,"href":"https:\/\/www.europesays.com\/fr\/wp-json\/wp\/v2\/comments?post=531859"}],"version-history":[{"count":0,"href":"https:\/\/www.europesays.com\/fr\/wp-json\/wp\/v2\/posts\/531859\/revisions"}],"wp:featuredmedia":[{"embeddable":true,"href":"https:\/\/www.europesays.com\/fr\/wp-json\/wp\/v2\/media\/531860"}],"wp:attachment":[{"href":"https:\/\/www.europesays.com\/fr\/wp-json\/wp\/v2\/media?parent=531859"}],"wp:term":[{"taxonomy":"category","embeddable":true,"href":"https:\/\/www.europesays.com\/fr\/wp-json\/wp\/v2\/categories?post=531859"},{"taxonomy":"post_tag","embeddable":true,"href":"https:\/\/www.europesays.com\/fr\/wp-json\/wp\/v2\/tags?post=531859"}],"curies":[{"name":"wp","href":"https:\/\/api.w.org\/{rel}","templated":true}]}}