{"id":531861,"date":"2025-11-13T18:13:17","date_gmt":"2025-11-13T18:13:17","guid":{"rendered":"https:\/\/www.europesays.com\/fr\/531861\/"},"modified":"2025-11-13T18:13:17","modified_gmt":"2025-11-13T18:13:17","slug":"un-forcene-retranche-dans-son-appartement-tue-par-un-tir-des-gendarmes","status":"publish","type":"post","link":"https:\/\/www.europesays.com\/fr\/531861\/","title":{"rendered":"Un forcen\u00e9 retranch\u00e9 dans son appartement tu\u00e9 par un tir des gendarmes"},"content":{"rendered":"<p>Une intervention des gendarmes s\u2019est termin\u00e9e par un drame ce jeudi midi \u00e0 Blainvilles-sur-Orne pr\u00e8s de Caen (<a href=\"https:\/\/www.20minutes.fr\/dossier\/calvados\" class=\"c-link c-link--is-underlined\" target=\"_blank\" rel=\"noopener\">Calvados<\/a>). Comme <a href=\"https:\/\/www.ouest-france.fr\/societe\/faits-divers\/info-ouest-france-un-forcene-retranche-dans-son-logement-pres-de-caen-les-gendarment-tirent-et-le-blessent-grievement-5bf02cf2-c091-11f0-a083-858f2b6e92c2\" rel=\"nofollow noopener\" target=\"_blank\" class=\"c-link c-link--is-underlined\">le rapporte Ouest-France<\/a>, les militaires ont \u00e9t\u00e9 appel\u00e9s t\u00f4t dans la matin\u00e9e pour intervenir chez un homme qui s\u2019\u00e9tait retranch\u00e9 dans son appartement et tenait des propos mena\u00e7ants.<\/p>\n<p>Apr\u00e8s plusieurs heures de n\u00e9gociations avec un m\u00e9diateur, la situation a d\u00e9g\u00e9n\u00e9r\u00e9. Selon nos confr\u00e8res, l\u2019individu, un homme d\u2019une quarantaine d\u2019ann\u00e9es, se serait montr\u00e9 agressif avec une arme blanche. <a href=\"https:\/\/www.20minutes.fr\/dossier\/gendarmerie\" class=\"c-link c-link--is-underlined\" target=\"_blank\" rel=\"noopener\">Les gendarmes<\/a> ont alors r\u00e9pliqu\u00e9, tirant sur l\u2019individu. Gri\u00e8vement bless\u00e9, il est d\u00e9c\u00e9d\u00e9 au CHU <a href=\"https:\/\/www.20minutes.fr\/dossier\/caen\" class=\"c-link c-link--is-underlined\" target=\"_blank\" rel=\"noopener\">de Caen<\/a> o\u00f9 il avait \u00e9t\u00e9 transport\u00e9 dans un \u00e9tat critique.<\/p>\n","protected":false},"excerpt":{"rendered":"Une intervention des gendarmes s\u2019est termin\u00e9e par un drame ce jeudi midi \u00e0 Blainvilles-sur-Orne pr\u00e8s de Caen (Calvados).&hellip;\n","protected":false},"author":2,"featured_media":531862,"comment_status":"","ping_status":"","sticky":false,"template":"","format":"standard","meta":{"footnotes":""},"categories":[2],"tags":[47,11,5492,5164,118,38347,1011,27,3381,12,5161],"class_list":{"0":"post-531861","1":"post","2":"type-post","3":"status-publish","4":"format-standard","5":"has-post-thumbnail","7":"category-actualites","8":"tag-actualite","9":"tag-actualites","10":"tag-caen","11":"tag-calvados","12":"tag-faits-divers","13":"tag-forcene","14":"tag-fr","15":"tag-france","16":"tag-gendarmerie","17":"tag-news","18":"tag-normandie"},"share_on_mastodon":{"url":"https:\/\/pubeurope.com\/@fr\/115543749694366969","error":""},"_links":{"self":[{"href":"https:\/\/www.europesays.com\/fr\/wp-json\/wp\/v2\/posts\/531861","targetHints":{"allow":["GET"]}}],"collection":[{"href":"https:\/\/www.europesays.com\/fr\/wp-json\/wp\/v2\/posts"}],"about":[{"href":"https:\/\/www.europesays.com\/fr\/wp-json\/wp\/v2\/types\/post"}],"author":[{"embeddable":true,"href":"https:\/\/www.europesays.com\/fr\/wp-json\/wp\/v2\/users\/2"}],"replies":[{"embeddable":true,"href":"https:\/\/www.europesays.com\/fr\/wp-json\/wp\/v2\/comments?post=531861"}],"version-history":[{"count":0,"href":"https:\/\/www.europesays.com\/fr\/wp-json\/wp\/v2\/posts\/531861\/revisions"}],"wp:featuredmedia":[{"embeddable":true,"href":"https:\/\/www.europesays.com\/fr\/wp-json\/wp\/v2\/media\/531862"}],"wp:attachment":[{"href":"https:\/\/www.europesays.com\/fr\/wp-json\/wp\/v2\/media?parent=531861"}],"wp:term":[{"taxonomy":"category","embeddable":true,"href":"https:\/\/www.europesays.com\/fr\/wp-json\/wp\/v2\/categories?post=531861"},{"taxonomy":"post_tag","embeddable":true,"href":"https:\/\/www.europesays.com\/fr\/wp-json\/wp\/v2\/tags?post=531861"}],"curies":[{"name":"wp","href":"https:\/\/api.w.org\/{rel}","templated":true}]}}