{"id":531863,"date":"2025-11-13T18:14:44","date_gmt":"2025-11-13T18:14:44","guid":{"rendered":"https:\/\/www.europesays.com\/fr\/531863\/"},"modified":"2025-11-13T18:14:44","modified_gmt":"2025-11-13T18:14:44","slug":"saint-heand-des-travaux-prochainement-realises-route-de-la-fouillouse","status":"publish","type":"post","link":"https:\/\/www.europesays.com\/fr\/531863\/","title":{"rendered":"Saint-H\u00e9and. Des travaux prochainement r\u00e9alis\u00e9s route de La Fouillouse"},"content":{"rendered":"<p>Depuis plusieurs mois, deux \u00e9cluses ont \u00e9t\u00e9 implant\u00e9es en test route de La Fouillouse afin de r\u00e9duire la vitesse \u00e0 l\u2019entr\u00e9e du village.<\/p>\n<p>Afin de pr\u00e9server et d\u2019am\u00e9liorer le cadre de vie et le confort de tous les habitants, Saint-\u00c9tienne M\u00e9tropole (SEM) va proc\u00e9der \u00e0 la transformation de ces \u00e9cluses de mani\u00e8re \u00e0 les p\u00e9renniser par la cr\u00e9ation d\u2019\u00eelots en enrob\u00e9s.<\/p>\n<p>Ces travaux seront r\u00e9alis\u00e9s par l\u2019entreprise Eiffage du 12 au 15\u00a0novembre. Pendant les travaux, une circulation altern\u00e9e par feux tricolores sera mise en place.<\/p>\n<p class=\"note\">Mairie 04.77.30.41.23 mairie@saint-heand.fr<\/p>\n","protected":false},"excerpt":{"rendered":"Depuis plusieurs mois, deux \u00e9cluses ont \u00e9t\u00e9 implant\u00e9es en test route de La Fouillouse afin de r\u00e9duire la&hellip;\n","protected":false},"author":2,"featured_media":30227,"comment_status":"","ping_status":"","sticky":false,"template":"","format":"standard","meta":{"footnotes":""},"categories":[9653],"tags":[1111,11,2430,4749,33,7539,1777,674,1011,27,12,25,4001,9664,22839],"class_list":{"0":"post-531863","1":"post","2":"type-post","3":"status-publish","4":"format-standard","5":"has-post-thumbnail","7":"category-saint-etienne","8":"tag-actu","9":"tag-actualites","10":"tag-auvergne-rhone-alpes","11":"tag-btp-et-chantiers","12":"tag-economie","13":"tag-edition-loire-sud","14":"tag-eu","15":"tag-europe","16":"tag-fr","17":"tag-france","18":"tag-news","19":"tag-republique-francaise","20":"tag-saint-etienne","21":"tag-saint-etienne-bassin","22":"tag-saint-heand"},"share_on_mastodon":{"url":"https:\/\/pubeurope.com\/@fr\/115543753695874805","error":""},"_links":{"self":[{"href":"https:\/\/www.europesays.com\/fr\/wp-json\/wp\/v2\/posts\/531863","targetHints":{"allow":["GET"]}}],"collection":[{"href":"https:\/\/www.europesays.com\/fr\/wp-json\/wp\/v2\/posts"}],"about":[{"href":"https:\/\/www.europesays.com\/fr\/wp-json\/wp\/v2\/types\/post"}],"author":[{"embeddable":true,"href":"https:\/\/www.europesays.com\/fr\/wp-json\/wp\/v2\/users\/2"}],"replies":[{"embeddable":true,"href":"https:\/\/www.europesays.com\/fr\/wp-json\/wp\/v2\/comments?post=531863"}],"version-history":[{"count":0,"href":"https:\/\/www.europesays.com\/fr\/wp-json\/wp\/v2\/posts\/531863\/revisions"}],"wp:featuredmedia":[{"embeddable":true,"href":"https:\/\/www.europesays.com\/fr\/wp-json\/wp\/v2\/media\/30227"}],"wp:attachment":[{"href":"https:\/\/www.europesays.com\/fr\/wp-json\/wp\/v2\/media?parent=531863"}],"wp:term":[{"taxonomy":"category","embeddable":true,"href":"https:\/\/www.europesays.com\/fr\/wp-json\/wp\/v2\/categories?post=531863"},{"taxonomy":"post_tag","embeddable":true,"href":"https:\/\/www.europesays.com\/fr\/wp-json\/wp\/v2\/tags?post=531863"}],"curies":[{"name":"wp","href":"https:\/\/api.w.org\/{rel}","templated":true}]}}