{"id":531868,"date":"2025-11-13T18:17:15","date_gmt":"2025-11-13T18:17:15","guid":{"rendered":"https:\/\/www.europesays.com\/fr\/531868\/"},"modified":"2025-11-13T18:17:15","modified_gmt":"2025-11-13T18:17:15","slug":"la-communaute-se-mobilise-deux-hommes-arretes-a-nancy","status":"publish","type":"post","link":"https:\/\/www.europesays.com\/fr\/531868\/","title":{"rendered":"la communaut\u00e9 se mobilise, deux hommes arr\u00eat\u00e9s \u00e0 Nancy"},"content":{"rendered":"<p>                    Par<br \/>\n        <strong><br \/>\n            <a href=\"https:\/\/actu.fr\/auteur\/amandine-mehl\" title=\"Consulter tous les articles de Amandine Mehl\" rel=\"nofollow noopener\" target=\"_blank\">Amandine Mehl<\/a><br \/>\n                    <\/strong><\/p>\n<p>        Publi\u00e9 le<\/p>\n<p>            13 nov. 2025 \u00e0 18h59        <\/p>\n<p>D\u00e9but novembre, alors qu\u2019il participait au <strong>Royaume du TCG<\/strong>, un \u00e9v\u00e9nement r\u00e9unissant les passionn\u00e9s de <strong>jeux de cartes<\/strong> au parc des expositions de Paris-Nord Villepinte, un homme s\u2019est fait voler sa collection de <strong>cartes Pok\u00e9mon<\/strong>.<br \/>Gr\u00e2ce \u00e0 la <strong>mobilisation de la communaut\u00e9<\/strong>, les deux voleurs pr\u00e9sum\u00e9s ont \u00e9t\u00e9 interpell\u00e9s par la <a href=\"https:\/\/actu.fr\/tag\/police\" rel=\"nofollow noopener\" target=\"_blank\">police<\/a> \u00e0 Nancy.<\/p>\n<p>Une collection de cartes Pok\u00e9mon estim\u00e9e \u00e0 40 000 euros<\/p>\n<p class=\" wall-content\">Originaire de Gironde, l\u2019homme s\u2019est aper\u00e7u de sa perte en se rendant \u00e0 son v\u00e9hicule. \u00ab\u00a0Quand il est arriv\u00e9 au parking, il a constat\u00e9 que sa collection, <strong>estim\u00e9e \u00e0 40 000 euros<\/strong>, <strong>n\u2019\u00e9tait plus dans le coffre<\/strong>\u00ab\u00a0, d\u00e9taille une source polici\u00e8re.<\/p>\n<p class=\" wall-content\">Il a alors <strong>pr\u00e9venu<\/strong> des membres qui composent la communaut\u00e9 des fans de cartes Pok\u00e9mon, mais aussi des proches. Un proc\u00e9d\u00e9 qui s\u2019est av\u00e9r\u00e9 payant puisqu\u2019un <strong>collectionneur vivant \u00e0 Metz<\/strong>, au courant du vol, a \u00e9t\u00e9 contact\u00e9 par les voleurs pr\u00e9sum\u00e9s. Ces derniers, qui avaient post\u00e9 une annonce sur Leboncoin, proposaient de lui vendre les cartes.<\/p>\n<p>Ils pensent vendre les cartes Pok\u00e9mon et finissent en garde \u00e0 vue<\/p>\n<p class=\" wall-content\">Comprenant ce qu\u2019il \u00e9tait en train de se jouer, le collectionneur<strong> a fix\u00e9 un rendez-vous avec les deux individus<\/strong> dans le secteur de la gare de Nancy et a pr\u00e9venu les forces de l\u2019ordre.<\/p>\n<p class=\" wall-content\">Le jour venu, un effectif de la brigade anticriminalit\u00e9 s\u2019est rendu sur place et a proc\u00e9d\u00e9 \u00e0 l\u2019<strong>interpellation des deux hommes<\/strong>, \u00e2g\u00e9s de 32 et 24 ans.<\/p>\n<p>Votre r\u00e9gion, votre actu !<\/p>\n<p>Recevez chaque jour les infos qui comptent pour vous.<\/p>\n<p>\t<a href=\"https:\/\/actu.fr\/newsletter\" class=\"ac-btn ac-btn--corner ac-btn--medium ac-btn--blue800\" rel=\"nofollow noopener\" target=\"_blank\">S&rsquo;incrire<\/a><br \/>\nUne obligation de quitter le territoire fran\u00e7aise<\/p>\n<p class=\" wall-content\">Plac\u00e9s en garde \u00e0 vue, les deux individus originaires d\u2019Alg\u00e9rie ont affirm\u00e9 avoir <strong>achet\u00e9 les cartes en r\u00e9gion parisienne<\/strong> et avoir voulu en tirer profit.<\/p>\n<p class=\" wall-content\">Le plus \u00e2g\u00e9, en situation r\u00e9guli\u00e8re, devra r\u00e9pondre de ses actes le 31 mars 2026 dans le cadre d\u2019une <strong>comparution sur reconnaissance pr\u00e9alable de culpabilit\u00e9<\/strong>. Le second, pr\u00e9sent ill\u00e9galement, s\u2019est quant \u00e0 lui vu notifier une <strong>obligation de quitter le territoire fran\u00e7ais<\/strong>.<\/p>\n<p class=\" wall-content\">Personnalisez votre actualit\u00e9 en ajoutant vos villes et m\u00e9dias en favori avec <a href=\"https:\/\/moncompte.actu.fr\" title=\"D\u00e9couvez Mon Actu\" rel=\"nofollow noopener\" data-trk=\"{&quot;cta&quot;:{&quot;action&quot;:&quot;https:\\\/\\\/moncompte.actu.fr&quot;,&quot;category&quot;:&quot;mon compte&quot;,&quot;from&quot;:&quot;article footer&quot;,&quot;name&quot;:&quot;Mon actu&quot;,&quot;type&quot;:&quot;cta&quot;}}\" target=\"_blank\">Mon Actu<\/a>.<\/p>\n","protected":false},"excerpt":{"rendered":"Par Amandine Mehl Publi\u00e9 le 13 nov. 2025 \u00e0 18h59 D\u00e9but novembre, alors qu\u2019il participait au Royaume du&hellip;\n","protected":false},"author":2,"featured_media":531869,"comment_status":"","ping_status":"","sticky":false,"template":"","format":"standard","meta":{"footnotes":""},"categories":[9635],"tags":[1111,11,1777,674,118,1011,27,775,1702,12,1072,25],"class_list":{"0":"post-531868","1":"post","2":"type-post","3":"status-publish","4":"format-standard","5":"has-post-thumbnail","7":"category-nancy","8":"tag-actu","9":"tag-actualites","10":"tag-eu","11":"tag-europe","12":"tag-faits-divers","13":"tag-fr","14":"tag-france","15":"tag-grand-est","16":"tag-nancy","17":"tag-news","18":"tag-police","19":"tag-republique-francaise"},"share_on_mastodon":{"url":"https:\/\/pubeurope.com\/@fr\/115543765528616853","error":""},"_links":{"self":[{"href":"https:\/\/www.europesays.com\/fr\/wp-json\/wp\/v2\/posts\/531868","targetHints":{"allow":["GET"]}}],"collection":[{"href":"https:\/\/www.europesays.com\/fr\/wp-json\/wp\/v2\/posts"}],"about":[{"href":"https:\/\/www.europesays.com\/fr\/wp-json\/wp\/v2\/types\/post"}],"author":[{"embeddable":true,"href":"https:\/\/www.europesays.com\/fr\/wp-json\/wp\/v2\/users\/2"}],"replies":[{"embeddable":true,"href":"https:\/\/www.europesays.com\/fr\/wp-json\/wp\/v2\/comments?post=531868"}],"version-history":[{"count":0,"href":"https:\/\/www.europesays.com\/fr\/wp-json\/wp\/v2\/posts\/531868\/revisions"}],"wp:featuredmedia":[{"embeddable":true,"href":"https:\/\/www.europesays.com\/fr\/wp-json\/wp\/v2\/media\/531869"}],"wp:attachment":[{"href":"https:\/\/www.europesays.com\/fr\/wp-json\/wp\/v2\/media?parent=531868"}],"wp:term":[{"taxonomy":"category","embeddable":true,"href":"https:\/\/www.europesays.com\/fr\/wp-json\/wp\/v2\/categories?post=531868"},{"taxonomy":"post_tag","embeddable":true,"href":"https:\/\/www.europesays.com\/fr\/wp-json\/wp\/v2\/tags?post=531868"}],"curies":[{"name":"wp","href":"https:\/\/api.w.org\/{rel}","templated":true}]}}