{"id":531870,"date":"2025-11-13T18:18:14","date_gmt":"2025-11-13T18:18:14","guid":{"rendered":"https:\/\/www.europesays.com\/fr\/531870\/"},"modified":"2025-11-13T18:18:14","modified_gmt":"2025-11-13T18:18:14","slug":"rugby-un-joueur-petri-de-talent-baptiste-serin-prolonge-avec-le-rc-toulon-pour-deux","status":"publish","type":"post","link":"https:\/\/www.europesays.com\/fr\/531870\/","title":{"rendered":"Rugby. \u00ab\u00a0Un joueur p\u00e9tri de talent\u00a0\u00bb\u00a0: Baptiste Serin prolonge avec le RC Toulon pour deux"},"content":{"rendered":"<p>Le RC Toulon a annonc\u00e9 ce jeudi 13\u00a0novembre la prolongation de son demi de m\u00eal\u00e9e, Baptiste Serin, pour deux saisons suppl\u00e9mentaires, liant le joueur de 31\u00a0ans au club varois jusqu\u2019en 2028.<\/p>\n<p>Arriv\u00e9 \u00e0 Toulon en 2019 en provenance de l\u2019Union Bordeaux B\u00e8gles, l\u2019international fran\u00e7ais (46\u00a0s\u00e9lections) s\u2019est impos\u00e9 comme un des capitaines du RCT, avec qui il a disput\u00e9 135\u00a0matches, dont 108\u00a0comme titulaire, et a marqu\u00e9 29\u00a0essais.<\/p>\n<blockquote class=\"instagram-media\" data-instgrm-captioned=\"\" data-instgrm-permalink=\"https:\/\/www.instagram.com\/p\/DRADqveDnE_\/?utm_source=ig_embed&amp;utm_campaign=loading\" data-instgrm-version=\"14\" style=\" background:#FFF; border:0; border-radius:3px; box-shadow:0 0 1px 0 rgba(0,0,0,0.5),0 1px 10px 0 rgba(0,0,0,0.15); margin: 1px; max-width:540px; min-width:326px; padding:0; width:99.375%; width:-webkit-calc(100% - 2px); width:calc(100% - 2px);\" wp_automatic_readability=\"-0.20388349514563\"\/>\n<p>Arrivant en fin de contrat au terme de la saison, Baptiste Serin avait fait l\u2019objet de plusieurs rumeurs l\u2019envoyant dans d\u2019autres clubs du Top 14, ou le disant approch\u00e9 par <a href=\"https:\/\/rennes.maville.com\/sport\/detail_-rugby.-la-lnr-menace-serieusement-le-projet-de-ligue-rebelle-r360-et-alerte-world-rugby-_54135-7040101_actu.Htm\" target=\"_self\" rel=\"noopener\">le projet de comp\u00e9tition concurrente R360<\/a>.<\/p>\n<p>Avec cette prolongation, <strong>\u00ab\u00a0le RCT affirme sa volont\u00e9 de b\u00e2tir un collectif solide, exp\u00e9riment\u00e9 et fid\u00e8le, port\u00e9 par des joueurs de haut niveau pleinement investis dans le projet rouge et noir\u00a0\u00bb,<\/strong> a salu\u00e9 le club varois.<\/p>\n<p><strong>\u00ab\u00a0Baptiste est un joueur p\u00e9tri de talent. Sa prolongation est une excellente nouvelle pour le club et pour tous nos supporters\u00a0\u00bb,<\/strong> a assur\u00e9 le manager rouge et noir Pierre Mignoni au sein du communiqu\u00e9.<\/p>\n<p>Lire aussi\u00a0: <a href=\"https:\/\/rennes.maville.com\/sport\/detail_-france-fidji.-alldritt-capitaine-ollivon-de-retour-lucu-en-9...-decouvrez-la-composition-des-bleus-_54135-7061946_actu.Htm\" target=\"_self\" rel=\"noopener\">France &#8211; Fidji. Alldritt capitaine, Ollivon de retour, Lucu en 9\u2026 D\u00e9couvrez la composition des Bleus<\/a><\/p>\n<p>Le num\u00e9ro neuf n\u2019a manqu\u00e9 qu\u2019un seul match du Rugby Club Toulonnais cette saison, lors de la huiti\u00e8me journ\u00e9e de Top 14. <a href=\"https:\/\/vannes.maville.com\/sport\/detail_-xv-de-france.-nolann-le-garrec-declare-forfait-pour-la-fin-de-la-tournee-d-automne-baptiste-serin-le-remplace-_52710-7061011_actu.Htm\" target=\"_self\" rel=\"noopener\">Il a \u00e9t\u00e9 appel\u00e9 mercredi avec le XV de France<\/a> pour \u00eatre joueur suppl\u00e9mentaire face aux Fidji apr\u00e8s le forfait de Nolann Le Garrec.<\/p>\n<p>\u00a0<\/p>\n<p>\t\t<script async src=\"\/\/www.instagram.com\/embed.js\"><\/script><\/p>\n","protected":false},"excerpt":{"rendered":"Le RC Toulon a annonc\u00e9 ce jeudi 13\u00a0novembre la prolongation de son demi de m\u00eal\u00e9e, Baptiste Serin, pour&hellip;\n","protected":false},"author":2,"featured_media":531871,"comment_status":"","ping_status":"","sticky":false,"template":"","format":"standard","meta":{"footnotes":""},"categories":[9619],"tags":[1111,11,3809,1465,1777,674,63,1011,27,1792,1922,12,882,25,479,517,2310,1470],"class_list":{"0":"post-531870","1":"post","2":"type-post","3":"status-publish","4":"format-standard","5":"has-post-thumbnail","7":"category-toulon","8":"tag-actu","9":"tag-actualites","10":"tag-ball","11":"tag-basket","12":"tag-eu","13":"tag-europe","14":"tag-football","15":"tag-fr","16":"tag-france","17":"tag-handball","18":"tag-info","19":"tag-news","20":"tag-provence-alpes-cote-dazur","21":"tag-republique-francaise","22":"tag-rugby","23":"tag-sport","24":"tag-toulon","25":"tag-volley"},"share_on_mastodon":{"url":"https:\/\/pubeurope.com\/@fr\/115543769416174419","error":""},"_links":{"self":[{"href":"https:\/\/www.europesays.com\/fr\/wp-json\/wp\/v2\/posts\/531870","targetHints":{"allow":["GET"]}}],"collection":[{"href":"https:\/\/www.europesays.com\/fr\/wp-json\/wp\/v2\/posts"}],"about":[{"href":"https:\/\/www.europesays.com\/fr\/wp-json\/wp\/v2\/types\/post"}],"author":[{"embeddable":true,"href":"https:\/\/www.europesays.com\/fr\/wp-json\/wp\/v2\/users\/2"}],"replies":[{"embeddable":true,"href":"https:\/\/www.europesays.com\/fr\/wp-json\/wp\/v2\/comments?post=531870"}],"version-history":[{"count":0,"href":"https:\/\/www.europesays.com\/fr\/wp-json\/wp\/v2\/posts\/531870\/revisions"}],"wp:featuredmedia":[{"embeddable":true,"href":"https:\/\/www.europesays.com\/fr\/wp-json\/wp\/v2\/media\/531871"}],"wp:attachment":[{"href":"https:\/\/www.europesays.com\/fr\/wp-json\/wp\/v2\/media?parent=531870"}],"wp:term":[{"taxonomy":"category","embeddable":true,"href":"https:\/\/www.europesays.com\/fr\/wp-json\/wp\/v2\/categories?post=531870"},{"taxonomy":"post_tag","embeddable":true,"href":"https:\/\/www.europesays.com\/fr\/wp-json\/wp\/v2\/tags?post=531870"}],"curies":[{"name":"wp","href":"https:\/\/api.w.org\/{rel}","templated":true}]}}