{"id":531875,"date":"2025-11-13T18:21:26","date_gmt":"2025-11-13T18:21:26","guid":{"rendered":"https:\/\/www.europesays.com\/fr\/531875\/"},"modified":"2025-11-13T18:21:26","modified_gmt":"2025-11-13T18:21:26","slug":"dix-ans-apres-hommage-aux-victimes-des-attentats-du-13-novembre","status":"publish","type":"post","link":"https:\/\/www.europesays.com\/fr\/531875\/","title":{"rendered":"dix ans apr\u00e8s, hommage aux victimes des attentats du 13 novembre"},"content":{"rendered":"<p>\nEn ce 13 novembre 2025, Montpellier marque le souvenir des victimes dans un recueillement collectif.<\/p>\n<p>\n\u00a9 InfOccitanie \/ Camille Casanova \u2013 c\u00e9r\u00e9monie d\u2019hommage aux victimes des attentats du 13 novembre 2015.<\/p>\n<p><a data-no-instant=\"1\" href=\"https:\/\/nimes-metropole-entreprises.fr\/le-territoire-de-nimes-metropole\/un-reseau-economique-et-collaboratif\/digiweek-de-nimes-metropole\/\" rel=\"noopener\" class=\"a2t-link\" aria-label=\"461-image\" target=\"_blank\"><img decoding=\"async\" loading=\"lazy\" src=\"https:\/\/www.europesays.com\/fr\/wp-content\/uploads\/2025\/11\/461-image.jpeg\" alt=\"\"   width=\"1220\" height=\"260\"\/><\/a><\/p>\n<p>Le pr\u00e9fet de l\u2019H\u00e9rault, le repr\u00e9sentant du D\u00e9partement, le repr\u00e9sentant des forces de s\u00e9curit\u00e9 int\u00e9rieure, la pr\u00e9sidente du tribunal correctionnel, le procureur de la R\u00e9publique et le B\u00e2tonnier de Montpellier \u00e9taient pr\u00e9sents aujourd\u2019hui devant le <strong>monument aux morts<\/strong> de <a href=\"https:\/\/infoccitanie.fr\/tag\/montpellier\/\" target=\"_blank\" rel=\"noopener\">Montpellier<\/a>. De nombreux Montpelli\u00e9rains et Montpelli\u00e9raines se sont \u00e9galement rassembl\u00e9s, <strong>dix ans apr\u00e8s <\/strong>les attentats meurtriers du 13 novembre 2015, pour rendre <strong>hommage aux victimes<\/strong>.<\/p>\n<p>Rendre hommage aux victimes<\/p>\n<p>\u00ab\u00a0Toute la France souhaite rendre hommage aux victimes du Stade de France, des terrasses du 11\u00e8me arrondissement de Paris et du Bataclan\u00a0\u00bb. Entour\u00e9 de quatre porteurs de drapeaux tricolores, <strong>Micha\u00ebl Delafosse<\/strong>, maire de Montpellier et pr\u00e9sident de Montpellier M\u00e9diterran\u00e9e M\u00e9tropole, a ouvert la c\u00e9r\u00e9monie d\u2019hommage aux victimes des attentats du 13 novembre 2015 par un <strong>discours<\/strong>.<\/p>\n<p>\u00ab\u00a0Les attentats du 13 novembre nous ont touch\u00e9s dans notre chair, dans notre identit\u00e9 de peuple\u00a0\u00bb. Par ces mots, Micha\u00ebl Delafosse a pris la parole, avant d\u2019adresser <strong>ses premi\u00e8res pens\u00e9es \u00e0 Hugo Sarrade<\/strong>, \u00e9tudiant montpelli\u00e9rain d\u00e9c\u00e9d\u00e9 lors de cet attentat. Cet attentat durant lequel, comme le souligne le maire de Montpellier, \u00ab\u00a0nous nous souvenons tous o\u00f9 nous \u00e9tions, \u00e0 quoi nous pensions lorsque le pr\u00e9sident de la R\u00e9publique s\u2019est exprim\u00e9\u00a0\u00bb.<\/p>\n<p>Enfin, il a souhait\u00e9 exprimer une <strong>infinie gratitude<\/strong> aux <strong>forces de s\u00e9curit\u00e9<\/strong> mobilis\u00e9es pour assurer la s\u00e9curit\u00e9 \u00ab\u00a0quand l\u2019inqui\u00e9tude s\u2019emparait du pays\u00a0\u00bb, aux <strong>soignants<\/strong> qui ont accueilli les bless\u00e9s et se sont livr\u00e9s \u00e0 une m\u00e9decine \u00ab\u00a0ressemblant \u00e0 la m\u00e9decine de guerre\u00ab\u00a0, \u00e0 la <strong>justice<\/strong> qui a pu oeuvrer pour l\u2019un des terroristes qui se trouve aujourd\u2019hui \u00ab\u00a0derri\u00e8re les barreaux\u00a0\u00bb.<\/p>\n<p>\u00ab\u00a0Ce soir-l\u00e0, la part restante de notre insouciance s\u2019est \u00e9teinte\u00ab\u00a0<\/p>\n<p>\u00ab\u00a0Le 13 novembre 2015, <strong>la France a re\u00e7u un coup en plein coeur<\/strong>\u00ab\u00a0, a poursuivi <strong>Fran\u00e7ois-Xavier Lauch<\/strong>, pr\u00e9fet de l\u2019H\u00e9rault. Ce dernier a souhait\u00e9 <strong>rendre hommage <\/strong>aux victimes de cet attentat, aux bless\u00e9s et aux proches \u00ab\u00a0qui portent une douleur que jamais rien n\u2019effacera\u00a0\u00bb. \u00ab\u00a0Paris touch\u00e9, c\u2019est le corps tout entier de la France qui a tressailli (\u2026). Ce soir-l\u00e0, c\u2019est notre conviction la plus intime qui a \u00e9t\u00e9 viol\u00e9e : celle de pouvoir vivre sans crainte dans les lieux o\u00f9 nous c\u00e9l\u00e9brions la fraternit\u00e9. Ce soir-l\u00e0, la part restante de notre insouciance s\u2019est \u00e9teinte\u00a0\u00bb.<\/p>\n<p>Devant le monument aux morts, le silence pesant t\u00e9moignait de <strong>l\u2019\u00e9motion partag\u00e9e<\/strong>. Les visages refl\u00e9taient \u00e0 la fois le <strong>recueillement<\/strong> et la m\u00e9moire vive de ce drame qui continue de marquer le pays dix ans apr\u00e8s.<\/p>\n<p>Un temps de recueillement collectif<\/p>\n<p>Les discours termin\u00e9s, la c\u00e9r\u00e9monie s\u2019est termin\u00e9e par la <strong>pose de gerbe <\/strong>sur le monument aux morts, marquant un temps de <strong>recueillement collectif<\/strong>.<\/p>\n<p><img fetchpriority=\"high\" decoding=\"async\" width=\"1024\" height=\"564\" src=\"https:\/\/www.europesays.com\/fr\/wp-content\/uploads\/2025\/11\/1571-montpellier-ceremonie-dhommage-aux-victimes-atten-1024x564.jpg\" alt=\"\" class=\"wp-image-137455\"  \/>InfOccitanie \/ Camille Casanova \u2013 gerbes d\u00e9pos\u00e9es en hommage aux victimes des attentats du 13 novembre 2015<\/p>\n<p>D\u00e9couvrez ci-dessous un <strong>extrait vid\u00e9o<\/strong> de la c\u00e9r\u00e9monie d\u2019hommage aux victimes des attentats du 15 novembre 2015 :<\/p>\n","protected":false},"excerpt":{"rendered":"En ce 13 novembre 2025, Montpellier marque le souvenir des victimes dans un recueillement collectif. \u00a9 InfOccitanie \/&hellip;\n","protected":false},"author":2,"featured_media":531876,"comment_status":"","ping_status":"","sticky":false,"template":"","format":"standard","meta":{"footnotes":""},"categories":[9599],"tags":[1111,11,5581,1777,674,1011,27,2208,12,2680,25],"class_list":{"0":"post-531875","1":"post","2":"type-post","3":"status-publish","4":"format-standard","5":"has-post-thumbnail","7":"category-montpellier","8":"tag-actu","9":"tag-actualites","10":"tag-attentat","11":"tag-eu","12":"tag-europe","13":"tag-fr","14":"tag-france","15":"tag-montpellier","16":"tag-news","17":"tag-occitanie","18":"tag-republique-francaise"},"share_on_mastodon":{"url":"https:\/\/pubeurope.com\/@fr\/115543781960476702","error":""},"_links":{"self":[{"href":"https:\/\/www.europesays.com\/fr\/wp-json\/wp\/v2\/posts\/531875","targetHints":{"allow":["GET"]}}],"collection":[{"href":"https:\/\/www.europesays.com\/fr\/wp-json\/wp\/v2\/posts"}],"about":[{"href":"https:\/\/www.europesays.com\/fr\/wp-json\/wp\/v2\/types\/post"}],"author":[{"embeddable":true,"href":"https:\/\/www.europesays.com\/fr\/wp-json\/wp\/v2\/users\/2"}],"replies":[{"embeddable":true,"href":"https:\/\/www.europesays.com\/fr\/wp-json\/wp\/v2\/comments?post=531875"}],"version-history":[{"count":0,"href":"https:\/\/www.europesays.com\/fr\/wp-json\/wp\/v2\/posts\/531875\/revisions"}],"wp:featuredmedia":[{"embeddable":true,"href":"https:\/\/www.europesays.com\/fr\/wp-json\/wp\/v2\/media\/531876"}],"wp:attachment":[{"href":"https:\/\/www.europesays.com\/fr\/wp-json\/wp\/v2\/media?parent=531875"}],"wp:term":[{"taxonomy":"category","embeddable":true,"href":"https:\/\/www.europesays.com\/fr\/wp-json\/wp\/v2\/categories?post=531875"},{"taxonomy":"post_tag","embeddable":true,"href":"https:\/\/www.europesays.com\/fr\/wp-json\/wp\/v2\/tags?post=531875"}],"curies":[{"name":"wp","href":"https:\/\/api.w.org\/{rel}","templated":true}]}}