{"id":531879,"date":"2025-11-13T18:23:13","date_gmt":"2025-11-13T18:23:13","guid":{"rendered":"https:\/\/www.europesays.com\/fr\/531879\/"},"modified":"2025-11-13T18:23:13","modified_gmt":"2025-11-13T18:23:13","slug":"foire-saint-romain-de-rouen-imbroglio-autour-de-lorganisation-de-feux-dartifice-samedi","status":"publish","type":"post","link":"https:\/\/www.europesays.com\/fr\/531879\/","title":{"rendered":"Foire Saint-Romain de Rouen\u00a0: imbroglio autour de l&rsquo;organisation de feux d&rsquo;artifice samedi"},"content":{"rendered":"<p>En plus du spectacle de drones au-dessus de la Seine, un feu d&rsquo;artifice sera-t-il tir\u00e9 samedi 15 novembre 2025, \u00e0 l&rsquo;occasion de la foire Saint-Romain, \u00e0 Rouen\u00a0? Pour l&rsquo;instant, l&rsquo;incertitude demeure.<\/p>\n<p>Que va-t-il se passer samedi 15 novembre 2025, au soir, \u00e0 la foire Saint-Romain de Rouen\u00a0? Les organisateurs avaient d\u00e9j\u00e0 annonc\u00e9 <a class=\"IciLink ici-link IciArticleLink g-ici-body-regular-1 underline brand svelte-lu7k6w\" href=\"https:\/\/www.francebleu.fr\/infos\/culture-loisirs\/foire-saint-romain-a-rouen-on-connait-la-date-du-spectacle-de-drones-lumineux-1019300\" rel=\"nofollow noopener\" target=\"_blank\">l&rsquo;organisation d&rsquo;un grand show de drones au-dessus de la Seine<\/a>. Plus de <strong>150 engins volants qui dessineront un spectacle lumineux<\/strong> autour de 22 heures, tout neuf \u00e0 Rouen, \u00e0 l&rsquo;occasion de cette foire. Mais ce jeudi 13 novembre au matin, les forains ont annonc\u00e9 l&rsquo;organisation en plus, comme une surprise, de deux feux d&rsquo;artifice, l&rsquo;un avant et l&rsquo;autre apr\u00e8s les drones. L&rsquo;information est reprise dans des m\u00e9dias locaux.<\/p>\n<p>Pas encore d&rsquo;autorisation<\/p>\n<p>Contact\u00e9 par\u00a0<a class=\"IciLink ici-link IciArticleLink g-ici-body-regular-1 underline brand svelte-lu7k6w\" href=\"https:\/\/www.francebleu.fr\/radio\/normandie-rouen\" rel=\"nofollow noopener\" target=\"_blank\">ICI Normandie<\/a>\u00a0ce jeudi matin, le repr\u00e9sentant des forains de la Saint-Romain, Karl Morel, confirme l&rsquo;organisation de deux feux d&rsquo;artifice. Mais, selon nos informations, il manquait encore, jeudi soir, aux forains des autorisations pour pouvoir tirer ces feux d&rsquo;artifice. <strong>Personne ne confirme l&rsquo;organisation de ces feux<\/strong>. L&rsquo;annonce semble donc un peu pr\u00e9cipit\u00e9e, m\u00eame si cela ne signifie pas qu&rsquo;il n&rsquo;aura pas lieu ce samedi soir. Karl Morel n&rsquo;\u00e9tait pas joignable jeudi apr\u00e8s-midi.<\/p>\n<p>Il ne s&rsquo;agit pas qu&rsquo;une question de temps, mais aussi de s\u00e9curit\u00e9 \u00e0 pr\u00e9voir, pour l&rsquo;\u00e9v\u00e9nement. Le probl\u00e8me \u00e9tant que l&rsquo;heure tourne pour un spectacle pr\u00e9vu samedi soir. En l&rsquo;\u00e9tat, cet imbroglio ne concerne que le feu d&rsquo;artifice. Le spectacle de drones, lui, est bel et bien pr\u00e9vu.<\/p>\n<p>\u00c0 lire aussi   <img decoding=\"async\" src=\"https:\/\/www.europesays.com\/fr\/wp-content\/uploads\/2025\/11\/1763058193_206_560x315\" alt=\"La foire Saint-Romain proposera cette ann\u00e9e un spectacle de drones lumineux, \u00e0 la place de son traditionnel feu d'artifice.\" style=\"--_image-preview:url('data:image\/jpeg;base64,\/9j\/2wBDACgcHiMeGSgjISMtKygwPGRBPDc3PHtYXUlkkYCZlo+AjIqgtObDoKrarYqMyP\/L2u71\/\/\/\/m8H\/\/\/\/6\/+b9\/\/j\/2wBDASstLTw1PHZBQXb4pYyl+Pj4+Pj4+Pj4+Pj4+Pj4+Pj4+Pj4+Pj4+Pj4+Pj4+Pj4+Pj4+Pj4+Pj4+Pj4+Pj4+Pj\/wAARCAAXACoDASIAAhEBAxEB\/8QAGAABAQEBAQAAAAAAAAAAAAAAAgABAwX\/xAAYEAEBAQEBAAAAAAAAAAAAAAAAARIRAv\/EABYBAQEBAAAAAAAAAAAAAAAAAAIAAf\/EABYRAQEBAAAAAAAAAAAAAAAAAAABEf\/aAAwDAQACEQMRAD8A82Q55bIchIZ5LJcbxjQysukjcjqcpDSNJsSGooXEgrX\/2Q==');\" loading=\"lazy\" fetchpriority=\"low\" aria-hidden=\"true\" class=\"svelte-1pnmlwx rounded\" onload=\"this.__e=event\" onerror=\"this.__e=event\"\/><\/p>\n","protected":false},"excerpt":{"rendered":"En plus du spectacle de drones au-dessus de la Seine, un feu d&rsquo;artifice sera-t-il tir\u00e9 samedi 15 novembre&hellip;\n","protected":false},"author":2,"featured_media":531880,"comment_status":"","ping_status":"","sticky":false,"template":"","format":"standard","meta":{"footnotes":""},"categories":[9587],"tags":[1111,11,1777,674,1011,27,12,5161,25,9590],"class_list":{"0":"post-531879","1":"post","2":"type-post","3":"status-publish","4":"format-standard","5":"has-post-thumbnail","7":"category-rouen","8":"tag-actu","9":"tag-actualites","10":"tag-eu","11":"tag-europe","12":"tag-fr","13":"tag-france","14":"tag-news","15":"tag-normandie","16":"tag-republique-francaise","17":"tag-rouen"},"share_on_mastodon":{"url":"https:\/\/pubeurope.com\/@fr\/115543790026578816","error":""},"_links":{"self":[{"href":"https:\/\/www.europesays.com\/fr\/wp-json\/wp\/v2\/posts\/531879","targetHints":{"allow":["GET"]}}],"collection":[{"href":"https:\/\/www.europesays.com\/fr\/wp-json\/wp\/v2\/posts"}],"about":[{"href":"https:\/\/www.europesays.com\/fr\/wp-json\/wp\/v2\/types\/post"}],"author":[{"embeddable":true,"href":"https:\/\/www.europesays.com\/fr\/wp-json\/wp\/v2\/users\/2"}],"replies":[{"embeddable":true,"href":"https:\/\/www.europesays.com\/fr\/wp-json\/wp\/v2\/comments?post=531879"}],"version-history":[{"count":0,"href":"https:\/\/www.europesays.com\/fr\/wp-json\/wp\/v2\/posts\/531879\/revisions"}],"wp:featuredmedia":[{"embeddable":true,"href":"https:\/\/www.europesays.com\/fr\/wp-json\/wp\/v2\/media\/531880"}],"wp:attachment":[{"href":"https:\/\/www.europesays.com\/fr\/wp-json\/wp\/v2\/media?parent=531879"}],"wp:term":[{"taxonomy":"category","embeddable":true,"href":"https:\/\/www.europesays.com\/fr\/wp-json\/wp\/v2\/categories?post=531879"},{"taxonomy":"post_tag","embeddable":true,"href":"https:\/\/www.europesays.com\/fr\/wp-json\/wp\/v2\/tags?post=531879"}],"curies":[{"name":"wp","href":"https:\/\/api.w.org\/{rel}","templated":true}]}}