{"id":53188,"date":"2025-04-26T01:38:03","date_gmt":"2025-04-26T01:38:03","guid":{"rendered":"https:\/\/www.europesays.com\/fr\/53188\/"},"modified":"2025-04-26T01:38:03","modified_gmt":"2025-04-26T01:38:03","slug":"luis-enrique-pas-inquiet-malgre-la-defaite-face-a-nice","status":"publish","type":"post","link":"https:\/\/www.europesays.com\/fr\/53188\/","title":{"rendered":"Luis Enrique pas inquiet malgr\u00e9 la d\u00e9faite face \u00e0 Nice"},"content":{"rendered":"<p>Malgr\u00e9 le premier revers de la saison face \u00e0 l\u2019OGC Nice<br \/>\n(1-3), le coach du PSG, Luis Enrique, n\u2019est pas inquiet pour son<br \/>\n\u00e9quipe avant la Ligue des champions.<\/p>\n<p>Le <strong>PSG<\/strong> peut avoir des regrets. Malgr\u00e9 une<br \/>\nmultitude d\u2019occasions, le club parisien a conc\u00e9d\u00e9 sa premi\u00e8re<br \/>\nd\u00e9faite de la saison face \u00e0 <strong><a href=\"https:\/\/canal-supporters.com\/vitinha-regrette-le-manque-defficacite-du-psg-face-a-nice\/\" title=\"\" target=\"_blank\" rel=\"noopener\">l\u2019OGC Nice<\/a><\/strong> (1-3) au <strong>Parc des<br \/>\nPrinces<\/strong>. Un revers qui n\u2019arrive pas au meilleur des<br \/>\nmoments \u00e0 J-4 de la demi-finale aller de <strong>Ligue des<br \/>\nchampions<\/strong> sur la pelouse d\u2019<strong><a href=\"https:\/\/canal-supporters.com\/ldc-2500-places-allouees-par-arsenal-au-psg\/\" title=\"\" target=\"_blank\" rel=\"noopener\">Arsenal<\/a><\/strong>. Cependant, <strong>Luis<br \/>\nEnrique<\/strong> n\u2019est pas inquiet malgr\u00e9 cette fin<br \/>\nd\u2019invincibilit\u00e9, comme il l\u2019a expliqu\u00e9 au micro de<br \/>\n<strong>DAZN<\/strong> et en conf\u00e9rence de presse<br \/>\nd\u2019apr\u00e8s-match, dans des propos rapport\u00e9s par <strong><a href=\"https:\/\/www.leparisien.fr\/sports\/football\/ligue-1\/psg-nice-1-3-je-ne-suis-pas-inquiet-affirme-luis-enrique-25-04-2025-OI6YG2USTRESDD2FIXRB5RWONU.php\" target=\"_blank\" rel=\"noopener\" title=\"\">Le<br \/>\nParisien<\/a><\/strong>.<\/p>\n<p>Est-ce une<br \/>\nd\u00e9faite qui fait mal ?<\/p>\n<p>\u00ab\u00a0Non, pas du tout. Tout d\u2019abord, je veux f\u00e9liciter<br \/>\n<strong>l\u2019OGC Nice<\/strong> parce qu\u2019ils ont fait un match tr\u00e8s<br \/>\ns\u00e9rieux. Ils ont attaqu\u00e9 avec beaucoup d\u2019efficacit\u00e9. Ils ont aussi<br \/>\nd\u00e9fendu de mani\u00e8re incroyable, nous avons eu plus de 30 frappes. On<br \/>\naimerait faire le m\u00eame genre de matches face \u00e0<br \/>\n<strong>Arsenal<\/strong> en ayant 30 tirs, mais il faut f\u00e9liciter<br \/>\n<strong>Nice<\/strong>. Nous, on va faire le maximum pour nos<br \/>\nsupporters.\u00a0\u00bb<\/p>\n<p>Des t\u00eates d\u00e9j\u00e0<br \/>\ntourn\u00e9es au match face \u00e0 Arsenal ?<\/p>\n<p>\u00ab\u00a0Il est \u00e9vident que cette \u00e9quipe de<br \/>\n<strong>Nice<\/strong> a offert une prestation d\u00e9fensive<br \/>\nexceptionnelle. Nous aurions d\u00fb peut-\u00eatre gagner ce match si on<br \/>\nregarde la globalit\u00e9. Au final, nous n\u2019avons pas r\u00e9ussi \u00e0 remporter<br \/>\nce match malgr\u00e9 toutes les occasions.\u00a0\u00bb<\/p>\n<p>Son sentiment<br \/>\napr\u00e8s cette d\u00e9faite<\/p>\n<p>\u00ab\u00a0En premier lieu, je veux f\u00e9liciter<br \/>\n<strong>Nice<\/strong>. Ils ont \u00e9t\u00e9 efficaces \u00e0 100\u00a0%. Une<br \/>\nmont\u00e9e en premi\u00e8re p\u00e9riode, un but. Deux mont\u00e9es en seconde<br \/>\np\u00e9riode, deux buts. Je ne crois pas que ce soit juste. Je f\u00e9licite<br \/>\n<strong>Nice<\/strong> mais aussi mon \u00e9quipe. Nous avons jou\u00e9 un<br \/>\nmatch plein. Il y avait nul \u00e0 la pause mais nous aurions m\u00e9rit\u00e9<br \/>\nplus. L\u2019invincibilit\u00e9 \u00e9tait un objectif mais cela ne change rien \u00e0<br \/>\nnotre objectif de la <strong>Ligue des champions<\/strong>\u00a0:<br \/>\naller en finale.\u00a0\u00bb<\/p>\n<p>Est-il inquiet<br \/>\napr\u00e8s cette d\u00e9faite ?<\/p>\n<p>\u00ab\u00a0Je signe pour mardi par rapport \u00e0 ce que j\u2019ai vu au<br \/>\nd\u00e9but de saison. Je ne suis pas inquiet, z\u00e9ro. On a press\u00e9 haut, on<br \/>\na couru, <strong>Nice<\/strong> a un gardien qui a r\u00e9alis\u00e9 des<br \/>\narr\u00eats incroyables. Les supporters n\u2019ont jamais arr\u00eat\u00e9 de chanter.<br \/>\nNous allons essayer d\u2019\u00eatre \u00e0 la hauteur de nos supporters en<br \/>\nluttant jusqu\u2019\u00e0 la derni\u00e8re seconde. Nous sommes une \u00e9quipe qui a<br \/>\ndu courage, c\u2019est notre caract\u00e9ristique.\u00a0\u00bb<\/p>\n<p>Un coup dur pour<br \/>\nle moral de ses joueurs ?<\/p>\n<p>\u00ab\u00a0L\u00e0 tout de suite, oui. Les joueurs sont tr\u00e8s touch\u00e9s.<br \/>\nNous m\u00e9ritions de gagner ce match, je n\u2019ai aucun doute l\u00e0-dessus.<br \/>\nLe foot est comme \u00e7a\u00a0: le match a tourn\u00e9 mais le ratio<br \/>\noccasions-but est en notre faveur.\u00a0\u00bb<\/p>\n<p>Pourquoi avoir<br \/>\nalign\u00e9 une \u00e9quipe-type ?<\/p>\n<p>\u00ab\u00a0Tirez-en les conclusions que vous voulez mais je ne<br \/>\nvais pas donner des pistes \u00e0\u00a0<strong>Mikel Arteta<\/strong><br \/>\n(entra\u00eeneur d\u2019<strong>Arsenal<\/strong>). Je suis tr\u00e8s content de la<br \/>\nperformance de mes joueurs. Ce n\u2019\u00e9tait pas notre jour mais je<br \/>\nf\u00e9licite mes joueurs et mon \u00e9quipe.\u00a0\u00bb<\/p>\n<\/p>\n<p>Youtube : Canal<br \/>\nSupporters Paris<\/p>\n","protected":false},"excerpt":{"rendered":"Malgr\u00e9 le premier revers de la saison face \u00e0 l\u2019OGC Nice (1-3), le coach du PSG, Luis Enrique,&hellip;\n","protected":false},"author":2,"featured_media":53189,"comment_status":"","ping_status":"","sticky":false,"template":"","format":"standard","meta":{"footnotes":""},"categories":[2819],"tags":[14693,1111,11,81,787,5208,1777,674,1011,27,66,921,2781,12,2401,91,92,882,93,13725,13726,12022,25,96],"class_list":{"0":"post-53188","1":"post","2":"type-post","3":"status-publish","4":"format-standard","5":"has-post-thumbnail","7":"category-nice","8":"tag-31e-journee-ligue-1","9":"tag-actu","10":"tag-actualites","11":"tag-canal-supporters","12":"tag-cs","13":"tag-entraineur-psg","14":"tag-eu","15":"tag-europe","16":"tag-fr","17":"tag-france","18":"tag-ligue-1","19":"tag-luis-enrique","20":"tag-luis-enrique-psg","21":"tag-news","22":"tag-nice","23":"tag-paris-saint-germain","24":"tag-paris-sg","25":"tag-provence-alpes-cote-dazur","26":"tag-psg","27":"tag-psg-nice","28":"tag-psg-ogcn","29":"tag-reaction-dapres-match","30":"tag-republique-francaise","31":"tag-une"},"share_on_mastodon":{"url":"https:\/\/pubeurope.com\/@fr\/114401712747790034","error":""},"_links":{"self":[{"href":"https:\/\/www.europesays.com\/fr\/wp-json\/wp\/v2\/posts\/53188","targetHints":{"allow":["GET"]}}],"collection":[{"href":"https:\/\/www.europesays.com\/fr\/wp-json\/wp\/v2\/posts"}],"about":[{"href":"https:\/\/www.europesays.com\/fr\/wp-json\/wp\/v2\/types\/post"}],"author":[{"embeddable":true,"href":"https:\/\/www.europesays.com\/fr\/wp-json\/wp\/v2\/users\/2"}],"replies":[{"embeddable":true,"href":"https:\/\/www.europesays.com\/fr\/wp-json\/wp\/v2\/comments?post=53188"}],"version-history":[{"count":0,"href":"https:\/\/www.europesays.com\/fr\/wp-json\/wp\/v2\/posts\/53188\/revisions"}],"wp:featuredmedia":[{"embeddable":true,"href":"https:\/\/www.europesays.com\/fr\/wp-json\/wp\/v2\/media\/53189"}],"wp:attachment":[{"href":"https:\/\/www.europesays.com\/fr\/wp-json\/wp\/v2\/media?parent=53188"}],"wp:term":[{"taxonomy":"category","embeddable":true,"href":"https:\/\/www.europesays.com\/fr\/wp-json\/wp\/v2\/categories?post=53188"},{"taxonomy":"post_tag","embeddable":true,"href":"https:\/\/www.europesays.com\/fr\/wp-json\/wp\/v2\/tags?post=53188"}],"curies":[{"name":"wp","href":"https:\/\/api.w.org\/{rel}","templated":true}]}}