{"id":531883,"date":"2025-11-13T18:25:13","date_gmt":"2025-11-13T18:25:13","guid":{"rendered":"https:\/\/www.europesays.com\/fr\/531883\/"},"modified":"2025-11-13T18:25:13","modified_gmt":"2025-11-13T18:25:13","slug":"ce-22-novembre-grenoble-devient-la-capitale-europeenne-de-la-bande-dessinee","status":"publish","type":"post","link":"https:\/\/www.europesays.com\/fr\/531883\/","title":{"rendered":"Ce 22 novembre, Grenoble devient la capitale europ\u00e9enne de la bande dessin\u00e9e !"},"content":{"rendered":"<p class=\"text-align-justify\">A partir du 22 novembre, Grenoble devient la capitale europ\u00e9enne de la bande dessin\u00e9e ! Avec notamment, au Mus\u00e9e d&rsquo;Art de la ville, une expo historique !<\/p>\n<p class=\"text-align-justify\">Plus de 500 planches expos\u00e9es et pas moins de 200 artistes : Moebius, Druillet, Miller, Tezuka, Br\u00e9techer, Tardi, Satrapi&#8230; Ce sera la plus importante exposition d\u00e9di\u00e9e au 9e Art pr\u00e9sent\u00e9e dans un mus\u00e9e en France.<\/p>\n<p class=\"text-align-justify\">S\u00e9bastien Gokalp, directeur de ce magnifique mus\u00e9e, a \u00e9t\u00e9 emball\u00e9 l&rsquo;ann\u00e9e derni\u00e8re par l\u2019exposition au Centre Pompidou (300.000 visiteurs \ud83d\ude09), dont notre Fondation Culturelle Leclerc \u00e9tait partenaire majeure.<\/p>\n<p class=\"text-align-justify\">Il nous a invit\u00e9 \u00e0 poursuivre l\u2019aventure avec lui \u00e0 Grenoble. Les \u00e9quipes de la ville ont imm\u00e9diatement embo\u00eet\u00e9 son pas.<\/p>\n<p class=\"text-align-justify\">Grenoble est d\u00e9j\u00e0 un haut lieu de la bande dessin\u00e9e ! Jacques Gl\u00e9nat y a lanc\u00e9 sa maison d\u2019\u00e9dition, il y tient aussi de tr\u00e8s belles expos ! De nombreux auteurs habitent la r\u00e9gion qui est irrigu\u00e9e par un tr\u00e8s dynamique r\u00e9seau de librairies sp\u00e9cialis\u00e9es dans la BD.<\/p>\n<p class=\"text-align-justify\">Samedi 22 novembre, \u00ab\u00a0\u00c9pop\u00e9es graphiques\u00a0\u00bb (c&rsquo;est le titre de l&rsquo;expo) d\u00e9voilera un regard in\u00e9dit et plut\u00f4t exhaustif sur l\u2019histoire du 9e Art.<\/p>\n<p class=\"text-align-justify\">Celles et ceux qui me suivent fid\u00e8lement sur ce r\u00e9seau savent combien je me suis personnellement investi pour aider les auteurs de BD et pr\u00e9server des centaines d&rsquo;\u0153uvres alors qu&rsquo;il n&rsquo;y a pas eu &#8211; pendant longtemps &#8211; une politique publique d&rsquo;acquisition, contrairement par exemple \u00e0 l&rsquo;Art contemporain !<\/p>\n<p class=\"text-align-justify\">Et professionnellement, ce secteur de l\u2019\u00e9dition a pu compter sur l&rsquo;engagement des libraires des Espaces Culturels Leclerc et sur l&rsquo;investissement de l&rsquo;enseigne dans de nombreux festivals (17 ans au festival d&rsquo;Angoul\u00eame !) ou encore des expos majeures dans notre Fondation \u00e0 Landerneau : \u00ab\u00a0M\u00e9tal Hurlant\/Asuivre\u00a0\u00bb; Enki Bilal et Lorenzo Mattotti.<\/p>\n<p class=\"text-align-justify\">Ce sera d&rsquo;ailleurs une super occasion pour nous de nous rapprocher de nos m\u00e9c\u00e8nes, car les adh\u00e9rents Leclerc de cette grande r\u00e9gion (la Socara regroupe 47 E.Leclerc de Chamb\u00e9ry \u00e0 Bourg-les-Valence, et bien s\u00fbr ceux de Comboire et de Saint-Martin-d&rsquo;H\u00e8res. Ils sont tr\u00e8s investis dans ce soutien culturel aux dessinateurs, aux sc\u00e9naristes et au secteur du livre en g\u00e9n\u00e9ral !<\/p>\n<p class=\"text-align-justify\">Amis de Tintin, Spiderman, Little Nemo, Spirou, Astrobo\u00ef, Snoopy ou The Walking Dead, ce sera un super \u00e9v\u00e8nement ! Et pour les autres, une vraie d\u00e9couverte !<\/p>\n","protected":false},"excerpt":{"rendered":"A partir du 22 novembre, Grenoble devient la capitale europ\u00e9enne de la bande dessin\u00e9e ! Avec notamment, au&hellip;\n","protected":false},"author":2,"featured_media":531884,"comment_status":"","ping_status":"","sticky":false,"template":"","format":"standard","meta":{"footnotes":""},"categories":[9566],"tags":[1111,11,2430,13153,9993,1777,674,3293,1011,27,2731,12,25],"class_list":{"0":"post-531883","1":"post","2":"type-post","3":"status-publish","4":"format-standard","5":"has-post-thumbnail","7":"category-grenoble","8":"tag-actu","9":"tag-actualites","10":"tag-auvergne-rhone-alpes","11":"tag-bande-dessinee","12":"tag-bd","13":"tag-eu","14":"tag-europe","15":"tag-exposition","16":"tag-fr","17":"tag-france","18":"tag-grenoble","19":"tag-news","20":"tag-republique-francaise"},"share_on_mastodon":{"url":"https:\/\/pubeurope.com\/@fr\/115543796945496603","error":""},"_links":{"self":[{"href":"https:\/\/www.europesays.com\/fr\/wp-json\/wp\/v2\/posts\/531883","targetHints":{"allow":["GET"]}}],"collection":[{"href":"https:\/\/www.europesays.com\/fr\/wp-json\/wp\/v2\/posts"}],"about":[{"href":"https:\/\/www.europesays.com\/fr\/wp-json\/wp\/v2\/types\/post"}],"author":[{"embeddable":true,"href":"https:\/\/www.europesays.com\/fr\/wp-json\/wp\/v2\/users\/2"}],"replies":[{"embeddable":true,"href":"https:\/\/www.europesays.com\/fr\/wp-json\/wp\/v2\/comments?post=531883"}],"version-history":[{"count":0,"href":"https:\/\/www.europesays.com\/fr\/wp-json\/wp\/v2\/posts\/531883\/revisions"}],"wp:featuredmedia":[{"embeddable":true,"href":"https:\/\/www.europesays.com\/fr\/wp-json\/wp\/v2\/media\/531884"}],"wp:attachment":[{"href":"https:\/\/www.europesays.com\/fr\/wp-json\/wp\/v2\/media?parent=531883"}],"wp:term":[{"taxonomy":"category","embeddable":true,"href":"https:\/\/www.europesays.com\/fr\/wp-json\/wp\/v2\/categories?post=531883"},{"taxonomy":"post_tag","embeddable":true,"href":"https:\/\/www.europesays.com\/fr\/wp-json\/wp\/v2\/tags?post=531883"}],"curies":[{"name":"wp","href":"https:\/\/api.w.org\/{rel}","templated":true}]}}