{"id":531911,"date":"2025-11-13T18:39:12","date_gmt":"2025-11-13T18:39:12","guid":{"rendered":"https:\/\/www.europesays.com\/fr\/531911\/"},"modified":"2025-11-13T18:39:12","modified_gmt":"2025-11-13T18:39:12","slug":"au-ca-la-liste-de-regis-bordet-president","status":"publish","type":"post","link":"https:\/\/www.europesays.com\/fr\/531911\/","title":{"rendered":"au CA, la liste de R\u00e9gis Bordet, pr\u00e9sident&#8230;"},"content":{"rendered":"<p>La liste soutenant\u00a0R\u00e9gis Bordet, pr\u00e9sident sortant, obtient 14 si\u00e8ges dans les trois coll\u00e8ges A, B et Biatss lors du scrutin organis\u00e9 les 4, 5 et 6\u00a0novembre\u00a02025\u00a0au sein de l\u2019universit\u00e9 de Lille et des quatre grandes \u00e9coles appartenant \u00e0 l\u2019EPE. La liste intersyndicale FSU\/CGT\/Sud se maintient par rapport au scrutin pr\u00e9c\u00e9dent, avec 6 \u00e9lus. Chez les \u00e9tudiants, le vote est fragment\u00e9 puisque chaque liste (Unef, FSE, Fage, Union \u00e9tudiante, Solidaires et Uni) remporte un si\u00e8ge. Le pr\u00e9sident de l\u2019EPE devrait \u00eatre \u00e9lu le 8\u00a0d\u00e9cembre.\t\t\t\t\t<\/p>\n<p><b>Cette d\u00e9p\u00eache est r\u00e9serv\u00e9e aux abonn\u00e9s<\/b><\/p>\n<p>Il vous reste 90 % de cette d\u00e9p\u00eache \u00e0 d\u00e9couvrir.<\/p>\n<p><\/p>\n<ul>\n<li>Retrouver l\u2019int\u00e9gralit\u00e9 de cette d\u00e9p\u00eache et tous les contenus de la m\u00eame th\u00e9matique<\/li>\n<li>Toute l\u2019actualit\u00e9 strat\u00e9gique d\u00e9crypt\u00e9e par nos journalistes experts<\/li>\n<li>Information fiable, neutre et r\u00e9active<\/li>\n<li>R\u00e9ception par email personnalisable<\/li>\n<\/ul>\n<p>\n\t\t\t\t\t\t\t\t\tTESTER GRATUITEMENT PENDANT 1 MOIS\n\t\t\t\t\t\t\t\t<\/p>\n<p>\t\t\t\t\t\t\t\tTest gratuit et sans engagement<\/p>\n<p>\n\t\t\t\t\t\t\t\t\tD\u00e9j\u00e0 abonn\u00e9(e) ? Je me connecte\n\t\t\t\t\t\t\t\t<\/p>\n","protected":false},"excerpt":{"rendered":"La liste soutenant\u00a0R\u00e9gis Bordet, pr\u00e9sident sortant, obtient 14 si\u00e8ges dans les trois coll\u00e8ges A, B et Biatss lors&hellip;\n","protected":false},"author":2,"featured_media":531912,"comment_status":"","ping_status":"","sticky":false,"template":"","format":"standard","meta":{"footnotes":""},"categories":[2815],"tags":[1111,11,1777,674,1011,27,811,1307,12,25],"class_list":{"0":"post-531911","1":"post","2":"type-post","3":"status-publish","4":"format-standard","5":"has-post-thumbnail","7":"category-lille","8":"tag-actu","9":"tag-actualites","10":"tag-eu","11":"tag-europe","12":"tag-fr","13":"tag-france","14":"tag-hauts-de-france","15":"tag-lille","16":"tag-news","17":"tag-republique-francaise"},"share_on_mastodon":{"url":"https:\/\/pubeurope.com\/@fr\/115543852406422091","error":""},"_links":{"self":[{"href":"https:\/\/www.europesays.com\/fr\/wp-json\/wp\/v2\/posts\/531911","targetHints":{"allow":["GET"]}}],"collection":[{"href":"https:\/\/www.europesays.com\/fr\/wp-json\/wp\/v2\/posts"}],"about":[{"href":"https:\/\/www.europesays.com\/fr\/wp-json\/wp\/v2\/types\/post"}],"author":[{"embeddable":true,"href":"https:\/\/www.europesays.com\/fr\/wp-json\/wp\/v2\/users\/2"}],"replies":[{"embeddable":true,"href":"https:\/\/www.europesays.com\/fr\/wp-json\/wp\/v2\/comments?post=531911"}],"version-history":[{"count":0,"href":"https:\/\/www.europesays.com\/fr\/wp-json\/wp\/v2\/posts\/531911\/revisions"}],"wp:featuredmedia":[{"embeddable":true,"href":"https:\/\/www.europesays.com\/fr\/wp-json\/wp\/v2\/media\/531912"}],"wp:attachment":[{"href":"https:\/\/www.europesays.com\/fr\/wp-json\/wp\/v2\/media?parent=531911"}],"wp:term":[{"taxonomy":"category","embeddable":true,"href":"https:\/\/www.europesays.com\/fr\/wp-json\/wp\/v2\/categories?post=531911"},{"taxonomy":"post_tag","embeddable":true,"href":"https:\/\/www.europesays.com\/fr\/wp-json\/wp\/v2\/tags?post=531911"}],"curies":[{"name":"wp","href":"https:\/\/api.w.org\/{rel}","templated":true}]}}