{"id":531913,"date":"2025-11-13T18:40:13","date_gmt":"2025-11-13T18:40:13","guid":{"rendered":"https:\/\/www.europesays.com\/fr\/531913\/"},"modified":"2025-11-13T18:40:13","modified_gmt":"2025-11-13T18:40:13","slug":"la-pose-dune-camera-sur-une-ecole-a-marseille-declenche-une-enieme-polemique-gauche-droite","status":"publish","type":"post","link":"https:\/\/www.europesays.com\/fr\/531913\/","title":{"rendered":"La pose d&rsquo;une cam\u00e9ra sur une \u00e9cole \u00e0 Marseille d\u00e9clenche une \u00e9ni\u00e8me pol\u00e9mique gauche-droite"},"content":{"rendered":"<p>Op\u00e9ration de com et nouvelle passe d\u2019armes entre la gauche et la droite sur la <a href=\"https:\/\/www.laprovence.com\/article\/region\/3988431727594714\/au-conseil-municipal-de-marseille-la-securite-comme-theme-de-pre-campagne\" target=\"_blank\" rel=\"noopener\">s\u00e9curit\u00e9, un des enjeux phare des prochaines \u00e9lections municipales<\/a> de mars\u00a02026. Jeudi 13\u00a0novembre, Yannick Ohanessian, adjoint au maire (PS) en charge de la s\u00e9curit\u00e9, avait convi\u00e9 la presse \u00e0 la pose d\u2019une cam\u00e9ra de vid\u00e9osurveillance dernier cri sur la fa\u00e7ade de <a href=\"https:\/\/www.laprovence.com\/actu\/en-direct\/6970567\/invasion-de-rats-a-lecole-montolivet-a-marseille-les-elus-reagissent-et-annoncent-une-deratisation-except\" target=\"_blank\" rel=\"noopener\">l\u2019\u00e9cole Montolivet<\/a>, dans le 12e arrondissement, terre de droite.<\/p>\n<p>\u00ab\u00a0Le d\u00e9ploiement des cam\u00e9ras se poursuit dans tous les quartiers de la ville, se f\u00e9licite l\u2019\u00e9lu.\u00a0Cette cam\u00e9ra est l\u2019une des 500 pr\u00e9vues dans le cadre du plan Marseille en grand. Nous aurons pos\u00e9 les 500 d\u2019ici la fin du mandat, conform\u00e9ment \u00e0 l\u2019engagement pris par Beno\u00eet Payan avec Emmanuel Macron en\u00a02021\u00a0\u00bb.<\/p>\n<p>Marseille compte aujourd\u2019hui pr\u00e8s de 2\u00a0000 cam\u00e9ras et de nouvelles vagues sont attendues dans les mois et ann\u00e9es \u00e0 venir. <a href=\"https:\/\/www.laprovence.com\/article\/region\/32553356438426\/pres-de-2-000-cameras-surveilleront-marseille-d-ici-a-la-fin-de-l-annee\" target=\"_blank\" rel=\"noopener\">Comme nous l\u2019indiquions il y a quelques semaines dans La Provence<\/a>, la pr\u00e9fecture a en effet acc\u00e9d\u00e9 mi-octobre \u00e0 la demande de la municipalit\u00e9 d\u2019installer 300\u00a0nouvelles cam\u00e9ras, portant, \u00e0 terme &#8211; aucune date n\u2019a \u00e9t\u00e9 fix\u00e9e &#8211; \u00ab\u00a0le nombre total \u00e0\u00a02\u00a0201 sur la voie publique\u00a0\u00bb, pr\u00e9cise la pr\u00e9fecture dans son arr\u00eat\u00e9.<\/p>\n<p>\u00ab\u00a0De l\u2019argent public gaspill\u00e9\u00a0\u00bb pour Sylvain Souvestre<\/p>\n<p>D\u00e8&#8230;<\/p>\n","protected":false},"excerpt":{"rendered":"Op\u00e9ration de com et nouvelle passe d\u2019armes entre la gauche et la droite sur la s\u00e9curit\u00e9, un des&hellip;\n","protected":false},"author":2,"featured_media":531914,"comment_status":"","ping_status":"","sticky":false,"template":"","format":"standard","meta":{"footnotes":""},"categories":[2814],"tags":[17,1111,11,39826,4440,1122,1777,674,1011,27,884,12,18062,882,16,25,3356,96],"class_list":{"0":"post-531913","1":"post","2":"type-post","3":"status-publish","4":"format-standard","5":"has-post-thumbnail","7":"category-marseille","8":"tag-17","9":"tag-actu","10":"tag-actualites","11":"tag-camera","12":"tag-dune","13":"tag-ecole","14":"tag-eu","15":"tag-europe","16":"tag-fr","17":"tag-france","18":"tag-marseille","19":"tag-news","20":"tag-pose","21":"tag-provence-alpes-cote-dazur","22":"tag-region","23":"tag-republique-francaise","24":"tag-sur","25":"tag-une"},"share_on_mastodon":{"url":"https:\/\/pubeurope.com\/@fr\/115543855955932353","error":""},"_links":{"self":[{"href":"https:\/\/www.europesays.com\/fr\/wp-json\/wp\/v2\/posts\/531913","targetHints":{"allow":["GET"]}}],"collection":[{"href":"https:\/\/www.europesays.com\/fr\/wp-json\/wp\/v2\/posts"}],"about":[{"href":"https:\/\/www.europesays.com\/fr\/wp-json\/wp\/v2\/types\/post"}],"author":[{"embeddable":true,"href":"https:\/\/www.europesays.com\/fr\/wp-json\/wp\/v2\/users\/2"}],"replies":[{"embeddable":true,"href":"https:\/\/www.europesays.com\/fr\/wp-json\/wp\/v2\/comments?post=531913"}],"version-history":[{"count":0,"href":"https:\/\/www.europesays.com\/fr\/wp-json\/wp\/v2\/posts\/531913\/revisions"}],"wp:featuredmedia":[{"embeddable":true,"href":"https:\/\/www.europesays.com\/fr\/wp-json\/wp\/v2\/media\/531914"}],"wp:attachment":[{"href":"https:\/\/www.europesays.com\/fr\/wp-json\/wp\/v2\/media?parent=531913"}],"wp:term":[{"taxonomy":"category","embeddable":true,"href":"https:\/\/www.europesays.com\/fr\/wp-json\/wp\/v2\/categories?post=531913"},{"taxonomy":"post_tag","embeddable":true,"href":"https:\/\/www.europesays.com\/fr\/wp-json\/wp\/v2\/tags?post=531913"}],"curies":[{"name":"wp","href":"https:\/\/api.w.org\/{rel}","templated":true}]}}