{"id":531919,"date":"2025-11-13T18:44:12","date_gmt":"2025-11-13T18:44:12","guid":{"rendered":"https:\/\/www.europesays.com\/fr\/531919\/"},"modified":"2025-11-13T18:44:12","modified_gmt":"2025-11-13T18:44:12","slug":"direct-lady-gaga-en-concert-a-lyon-suivez-le-premier-show-en-france-de-sa-tournee-the-mayhem-ball","status":"publish","type":"post","link":"https:\/\/www.europesays.com\/fr\/531919\/","title":{"rendered":"DIRECT. Lady Gaga en concert \u00e0 Lyon : suivez le premier show en France de sa tourn\u00e9e \u00ab The Mayhem Ball \u00bb"},"content":{"rendered":"<p>Lady Gaga donne le premier de ses 6 concerts en France<\/p>\n<ul>\n<li>Cette fois, elle est vraiment de retour: <a href=\"https:\/\/www.leparisien.fr\/culture-loisirs\/musique\/lady-gaga\/\" target=\"_blank\" rel=\"noopener\">Lady Gaga<\/a> arrive ce jeudi en France pour un premier concert \u00e0 la LDLC Arena \u00e0 Lyon.<\/li>\n<li>Elle donne deux concerts jeudi et vendredi dans la Capitale des Gaules o\u00f9 elle n&rsquo;avait pas jou\u00e9 depuis 15 ans.\u00a0<\/li>\n<li>Apr\u00e8s Lyon, la star s&rsquo;installera \u00e0 Paris \u00e0 l&rsquo;Accor Arena pour quatre soirs les 17, 18 et 20 et 22 novembre prochains.<\/li>\n<\/ul>\n","protected":false},"excerpt":{"rendered":"Lady Gaga donne le premier de ses 6 concerts en France Cette fois, elle est vraiment de retour:&hellip;\n","protected":false},"author":2,"featured_media":531920,"comment_status":"","ping_status":"","sticky":false,"template":"","format":"standard","meta":{"footnotes":""},"categories":[1889],"tags":[1111,11,2430,9012,1777,674,1011,27,2428,12,25,9028],"class_list":{"0":"post-531919","1":"post","2":"type-post","3":"status-publish","4":"format-standard","5":"has-post-thumbnail","7":"category-lyon","8":"tag-actu","9":"tag-actualites","10":"tag-auvergne-rhone-alpes","11":"tag-bestof","12":"tag-eu","13":"tag-europe","14":"tag-fr","15":"tag-france","16":"tag-lyon","17":"tag-news","18":"tag-republique-francaise","19":"tag-topix"},"share_on_mastodon":{"url":"https:\/\/pubeurope.com\/@fr\/115543871575381338","error":""},"_links":{"self":[{"href":"https:\/\/www.europesays.com\/fr\/wp-json\/wp\/v2\/posts\/531919","targetHints":{"allow":["GET"]}}],"collection":[{"href":"https:\/\/www.europesays.com\/fr\/wp-json\/wp\/v2\/posts"}],"about":[{"href":"https:\/\/www.europesays.com\/fr\/wp-json\/wp\/v2\/types\/post"}],"author":[{"embeddable":true,"href":"https:\/\/www.europesays.com\/fr\/wp-json\/wp\/v2\/users\/2"}],"replies":[{"embeddable":true,"href":"https:\/\/www.europesays.com\/fr\/wp-json\/wp\/v2\/comments?post=531919"}],"version-history":[{"count":0,"href":"https:\/\/www.europesays.com\/fr\/wp-json\/wp\/v2\/posts\/531919\/revisions"}],"wp:featuredmedia":[{"embeddable":true,"href":"https:\/\/www.europesays.com\/fr\/wp-json\/wp\/v2\/media\/531920"}],"wp:attachment":[{"href":"https:\/\/www.europesays.com\/fr\/wp-json\/wp\/v2\/media?parent=531919"}],"wp:term":[{"taxonomy":"category","embeddable":true,"href":"https:\/\/www.europesays.com\/fr\/wp-json\/wp\/v2\/categories?post=531919"},{"taxonomy":"post_tag","embeddable":true,"href":"https:\/\/www.europesays.com\/fr\/wp-json\/wp\/v2\/tags?post=531919"}],"curies":[{"name":"wp","href":"https:\/\/api.w.org\/{rel}","templated":true}]}}