{"id":531923,"date":"2025-11-13T18:47:12","date_gmt":"2025-11-13T18:47:12","guid":{"rendered":"https:\/\/www.europesays.com\/fr\/531923\/"},"modified":"2025-11-13T18:47:12","modified_gmt":"2025-11-13T18:47:12","slug":"dior-guerlain-sandro-et-dautres-marques-desertent-le-grand-magasin-parisien","status":"publish","type":"post","link":"https:\/\/www.europesays.com\/fr\/531923\/","title":{"rendered":"Dior, Guerlain, Sandro et d\u2019autres marques d\u00e9sertent le grand magasin parisien"},"content":{"rendered":"<p>                    Par<br \/>\n        <strong><br \/>\n            <a href=\"https:\/\/actu.fr\/auteur\/redaction-paris\" title=\"Consulter tous les articles de R\u00e9daction Paris\" target=\"_blank\" rel=\"noopener\">R\u00e9daction Paris<\/a><br \/>\n                    <\/strong><\/p>\n<p>        Publi\u00e9 le<\/p>\n<p>            13 nov. 2025 \u00e0 19h32        <\/p>\n<p>\u00c0 l\u2019approche des f\u00eates, Dior, Guerlain ou encore<strong> Sandro<\/strong> ont quitt\u00e9 <a href=\"https:\/\/actu.fr\/tag\/bhv\" target=\"_blank\" rel=\"noopener\">le grand magasin parisien BHV<\/a>, d\u00e9j\u00e0 d\u00e9sert\u00e9 par de<strong> nombreuses marques<\/strong> l\u2019accusant de retards de paiement ou s\u2019opposant \u00e0 la pr\u00e9sence du g\u00e9ant asiatique Shein dans ses murs, a-t-on appris ce jeudi 13\u00a0novembre 2025.<br \/>R\u00e9v\u00e9l\u00e9s par la presse, les d\u00e9parts de <strong>Dior et Guerlain<\/strong> (propri\u00e9t\u00e9s du g\u00e9ant du luxe LVMH) et du groupe de pr\u00eat-\u00e0-porter SMCP (marques Sandro, Maje, Claudie Pierlot et Fursac) ont \u00e9t\u00e9 confirm\u00e9s par <strong>Fr\u00e9d\u00e9ric Merlin<\/strong>, patron du BHV, dans un message interne dat\u00e9 de mercredi et relay\u00e9 jeudi sur Instagram.<\/p>\n<p>Shein n\u2019est pas l\u2019unique raison des d\u00e9parts des marques<\/p>\n<p class=\" wall-content\">\u00ab\u2009Depuis l\u2019arriv\u00e9e de Shein au BHV, plusieurs marques de petite taille avaient choisi de quitter nos magasins\u2009\u00bb, rappelle-t-il. <a href=\"https:\/\/actu.fr\/ile-de-france\/paris_75056\/paris-ca-me-donne-la-nausee-face-a-l-arrivee-de-shein-au-bhv-plusieurs-marques-quittent-le-grand-magasin_63253635.html\" target=\"_blank\" rel=\"noopener\">Les soci\u00e9t\u00e9s fran\u00e7aises AIME et Talm ont notamment pli\u00e9 bagage<\/a> pour d\u00e9noncer l\u2019accueil de<strong> la marque<\/strong> de mode ultra-\u00e9ph\u00e9m\u00e8re Shein, accus\u00e9e de concurrence d\u00e9loyale et de pollution environnementale.<\/p>\n<p class=\" wall-content\">\u00ab\u2009Aujourd\u2019hui, ce sont des enseignes plus importantes \u2013 Dior, Guerlain et le groupe SMCP \u2013 qui annoncent \u00e0 leur tour leur d\u00e9part\u2009\u00bb, ajoute le pr\u00e9sident de la SGM, qui exploite le BHV depuis 2023. Sollicit\u00e9 par l\u2019AFP, LVMH n\u2019a pas comment\u00e9.<\/p>\n<p class=\" wall-content\">Confirmant son d\u00e9part \u00e0 l\u2019AFP, le groupe<strong> SMCP<\/strong> a pr\u00e9cis\u00e9 qu\u2019il quitterait aussi les ex-Galeries Lafayette d\u00e9tenues par la SGM en province, <a href=\"https:\/\/actu.fr\/ile-de-france\/paris_75056\/paris-le-geant-de-la-fast-fashion-shein-controverse-va-ouvrir-un-magasin-inedit-au-bhv_63241540.html\" target=\"_blank\" rel=\"noopener\">dont cinq doivent aussi accueillir Shein<\/a>.<\/p>\n<p class=\" wall-content\">Selon une source proche du dossier, les \u00ab\u2009retards de paiement r\u00e9p\u00e9t\u00e9s\u2009\u00bb ont \u00e9t\u00e9 \u00ab\u2009l\u2019\u00e9l\u00e9ment d\u00e9clencheur\u2009\u00bb pour SMCP, m\u00eame \u00ab\u2009si l\u2019arriv\u00e9e de Shein joue\u2009\u00bb. Fr\u00e9d\u00e9ric Merlin assure, lui, qu\u2019\u00ab\u2009il n\u2019existe <strong>aucune dette, aucun retard<\/strong>, ni aucun incident de paiement pour ces marques-l\u00e0\u2009\u00bb.<\/p>\n<p>\u00ab\u2009Plus de 50.000 visiteurs d\u00e8s la premi\u00e8re semaine\u2009\u00bb<\/p>\n<p class=\" wall-content\">Leur d\u00e9part \u00ab\u2009ne remet en rien en cause la solidit\u00e9 du groupe ni la pertinence\u2009\u00bb de sa strat\u00e9gie, alors que l\u2019espace Shein, ouvert le 5\u00a0novembre, a attir\u00e9 \u00ab\u2009plus de <a href=\"https:\/\/actu.fr\/ile-de-france\/paris_75056\/shein-au-bhv-paris-la-marque-chinoise-attire-plus-de-50-000-visiteurs-en-quelques-jours-malgre-la-polemique_63415986.html\" target=\"_blank\" rel=\"noopener\">50\u2009000\u00a0visiteurs d\u00e8s la premi\u00e8re semaine<\/a>\u2009\u00bb, selon lui.<\/p>\n<p class=\" wall-content\">Ces nouveaux retraits surviennent juste avant la p\u00e9riode cruciale de No\u00ebl, alors que Disneyland Paris a d\u00e9j\u00e0 renonc\u00e9 \u00e0 une collaboration d\u00e9di\u00e9e avec le BHV. Parfois cach\u00e9s derri\u00e8re des palissades, les stands vides s\u2019accumulaient la semaine derni\u00e8re dans les rayons bricolage et beaux-arts.<\/p>\n<p>Votre r\u00e9gion, votre actu !<\/p>\n<p>Recevez chaque jour les infos qui comptent pour vous.<\/p>\n<p>\t<a href=\"https:\/\/actu.fr\/newsletter\" class=\"ac-btn ac-btn--corner ac-btn--medium ac-btn--blue800\" target=\"_blank\" rel=\"noopener\">S&rsquo;incrire<\/a><\/p>\n<p class=\" wall-content\">Le Slip Fran\u00e7ais et Maison Lejaby (lingerie) ont aussi quitt\u00e9 r\u00e9cemment le BHV en raison d\u2019impay\u00e9s, comme, selon les syndicats, les bijoux Swarovski. D\u2019autres, comme Agn\u00e8s b., Banana Moon ou le chausseur Paraboot, ont invoqu\u00e9 le partenariat avec Shein.<\/p>\n<p class=\" wall-content\">La semaine derni\u00e8re, Fr\u00e9d\u00e9ric Merlin avait reconnu des \u00ab\u2009arri\u00e9r\u00e9s de paiement\u2009\u00bb en voie de r\u00e9solution. \u00ab\u2009On doit <strong>entre dix et quinze jours de chiffre d\u2019affaires<\/strong>\u2009\u00bb, soit \u00ab\u2009entre 5 et 12\u00a0millions d\u2019euros\u2009\u00bb, avait-il d\u00e9clar\u00e9.<\/p>\n<p>AFP<\/p>\n<p class=\" wall-content\">Personnalisez votre actualit\u00e9 en ajoutant vos villes et m\u00e9dias en favori avec <a href=\"https:\/\/moncompte.actu.fr\" title=\"D\u00e9couvez Mon Actu\" rel=\"nofollow noopener\" data-trk=\"{&quot;cta&quot;:{&quot;action&quot;:&quot;https:\\\/\\\/moncompte.actu.fr&quot;,&quot;category&quot;:&quot;mon compte&quot;,&quot;from&quot;:&quot;article footer&quot;,&quot;name&quot;:&quot;Mon actu&quot;,&quot;type&quot;:&quot;cta&quot;}}\" target=\"_blank\">Mon Actu<\/a>.<\/p>\n","protected":false},"excerpt":{"rendered":"Par R\u00e9daction Paris Publi\u00e9 le 13 nov. 2025 \u00e0 19h32 \u00c0 l\u2019approche des f\u00eates, Dior, Guerlain ou encore&hellip;\n","protected":false},"author":2,"featured_media":531924,"comment_status":"","ping_status":"","sticky":false,"template":"","format":"standard","meta":{"footnotes":""},"categories":[1888],"tags":[1111,1928,11,1927,4753,215,33,1777,674,1011,27,12,1926,626,1925,25],"class_list":{"0":"post-531923","1":"post","2":"type-post","3":"status-publish","4":"format-standard","5":"has-post-thumbnail","7":"category-paris","8":"tag-actu","9":"tag-actu-paris","10":"tag-actualites","11":"tag-actualites-paris","12":"tag-bhv","13":"tag-commerce","14":"tag-economie","15":"tag-eu","16":"tag-europe","17":"tag-fr","18":"tag-france","19":"tag-news","20":"tag-news-paris","21":"tag-paris","22":"tag-paris-news","23":"tag-republique-francaise"},"share_on_mastodon":{"url":"https:\/\/pubeurope.com\/@fr\/115543883548522456","error":""},"_links":{"self":[{"href":"https:\/\/www.europesays.com\/fr\/wp-json\/wp\/v2\/posts\/531923","targetHints":{"allow":["GET"]}}],"collection":[{"href":"https:\/\/www.europesays.com\/fr\/wp-json\/wp\/v2\/posts"}],"about":[{"href":"https:\/\/www.europesays.com\/fr\/wp-json\/wp\/v2\/types\/post"}],"author":[{"embeddable":true,"href":"https:\/\/www.europesays.com\/fr\/wp-json\/wp\/v2\/users\/2"}],"replies":[{"embeddable":true,"href":"https:\/\/www.europesays.com\/fr\/wp-json\/wp\/v2\/comments?post=531923"}],"version-history":[{"count":0,"href":"https:\/\/www.europesays.com\/fr\/wp-json\/wp\/v2\/posts\/531923\/revisions"}],"wp:featuredmedia":[{"embeddable":true,"href":"https:\/\/www.europesays.com\/fr\/wp-json\/wp\/v2\/media\/531924"}],"wp:attachment":[{"href":"https:\/\/www.europesays.com\/fr\/wp-json\/wp\/v2\/media?parent=531923"}],"wp:term":[{"taxonomy":"category","embeddable":true,"href":"https:\/\/www.europesays.com\/fr\/wp-json\/wp\/v2\/categories?post=531923"},{"taxonomy":"post_tag","embeddable":true,"href":"https:\/\/www.europesays.com\/fr\/wp-json\/wp\/v2\/tags?post=531923"}],"curies":[{"name":"wp","href":"https:\/\/api.w.org\/{rel}","templated":true}]}}