{"id":531931,"date":"2025-11-13T18:51:13","date_gmt":"2025-11-13T18:51:13","guid":{"rendered":"https:\/\/www.europesays.com\/fr\/531931\/"},"modified":"2025-11-13T18:51:13","modified_gmt":"2025-11-13T18:51:13","slug":"lenvoi-de-sud-africains-sur-le-front-ukrainien-doit-ouvrir-les-yeux-sur-la-russie-estime-lambassadeur-dukraine-a-pretoria","status":"publish","type":"post","link":"https:\/\/www.europesays.com\/fr\/531931\/","title":{"rendered":"L&rsquo;envoi de Sud-Africains sur le front ukrainien doit \u00abouvrir les yeux\u00bb sur la Russie, estime l\u2019ambassadeur d\u2019Ukraine \u00e0 Pretoria"},"content":{"rendered":"<p>\n    Au moins 1436 citoyens de 36 pays africains ont \u00e9t\u00e9 identifi\u00e9s dans les rangs russes, selon un tweet du ministre des Affaires \u00e9trang\u00e8res ukrainien, Andrii Sybiha.<\/p>\n<p class=\"fig-paragraph\">Le r\u00e9cent appel \u00e0 l&rsquo;aide de 17 Sud-Africains envoy\u00e9s sur le front ukrainien doit \u00abouvrir les yeux\u00bb du pays sur la\u00a0<a href=\"http:\/\/www.lefigaro.fr\/international\/laure-mandeville-en-russie-le-paradigme-de-l-arbitraire-et-de-l-impunite-20251113\" target=\"_blank\" data-fig-type=\"Article\" rel=\"noopener nofollow\" data-gtm-custom-categorie=\"navigation\" data-gtm-custom-action=\"crossclick\" data-gtm-custom-label=\"Contextuel\" data-gtm-event=\"customEventSPE\" data-fig-domain=\"LEFIGARO\">Russie<\/a>, a estim\u00e9 jeudi aupr\u00e8s de l&rsquo;AFP l&rsquo;ambassadeur d&rsquo;<a href=\"http:\/\/www.lefigaro.fr\/international\/corruption-en-ukraine-volodymyr-zelensky-impose-des-sanctions-contre-un-de-ses-proches-20251113\" target=\"_blank\" data-fig-type=\"NewsFlash\" rel=\"noopener nofollow\" data-gtm-custom-categorie=\"navigation\" data-gtm-custom-action=\"crossclick\" data-gtm-custom-label=\"Contextuel\" data-gtm-event=\"customEventSPE\" data-fig-domain=\"LEFIGARO\">Ukraine<\/a>\u00a0\u00e0 Pretoria. La pr\u00e9sidence sud-africaine a r\u00e9v\u00e9l\u00e9 leur situation la semaine pass\u00e9e, sans pr\u00e9ciser dans quel camp ils combattaient. Il s&rsquo;agirait du c\u00f4t\u00e9 russe, selon le m\u00e9dia local News24 comme d&rsquo;apr\u00e8s Kiev.<\/p>\n<p class=\"fig-paragraph\">\u00c0 l&rsquo;image d&rsquo;au moins 1436 citoyens de 36 pays africains identifi\u00e9s dans les rangs russes, selon un tweet vendredi du ministre des Affaires \u00e9trang\u00e8res ukrainien, Andrii Sybiha. \u00abOn esp\u00e8re que cette situation de la Russie violant la loi sud-africaine et attirant ou dupant ces personnes dans cette guerre puisse ouvrir les yeux de la soci\u00e9t\u00e9 sud-africaine\u00bb, a d\u00e9clar\u00e9 lors d&rsquo;un entretien \u00e0 l&rsquo;AFP l&rsquo;ambassadeur de Kiev \u00e0 Pretoria, Oleksandre Chtcherba.<\/p>\n<p>                                    <a class=\"fig-a11y-skip a11y-hidden\" href=\"#fig-a11y-skip-main-inarticle\"><br \/>\n        Passer la publicit\u00e9<br \/>\n    <\/a><\/p>\n<p class=\"fig-paragraph\">Les 17 Sud-Africains, \u00e2g\u00e9s de 20 \u00e0 39 ans, ont demand\u00e9 \u00abassistance pour rentrer chez eux\u00bb car ils \u00absont coinc\u00e9s dans le Donbass (est de l&rsquo;Ukraine), ravag\u00e9 par la guerre\u00bb, d&rsquo;apr\u00e8s le communiqu\u00e9 de la pr\u00e9sidence sud-africaine qui rappelait qu&rsquo;il \u00e9tait interdit \u00e0 ses citoyens de rejoindre des arm\u00e9es \u00e9trang\u00e8res. \u00abDepuis que la nouvelle est tomb\u00e9e, j&rsquo;ai re\u00e7u des emails de proches de ces jeunes gens attir\u00e9s sur le front et ils sont d\u00e9sesp\u00e9r\u00e9s. Ne faites pas \u00e7a \u00e0 vos m\u00e8res, vos p\u00e8res et vos s\u0153urs\u00bb, interpelle le diplomate.<\/p>\n<p>\u00abSituation encore plus pr\u00e9occupante\u00bb<\/p>\n<p class=\"fig-paragraph\">\u00abS&rsquo;il est av\u00e9r\u00e9 que des hommes politiques sud-africains sont impliqu\u00e9s, cela rend la situation encore plus pr\u00e9occupante\u00bb, juge Oleksandre Chtcherba. Une allusion \u00e0 une enqu\u00eate de News24 affirmant qu&rsquo;ils auraient \u00e9t\u00e9 envoy\u00e9s en Russie par le parti MK de l&rsquo;ex-pr\u00e9sident Jacob Zuma, r\u00e9put\u00e9 proche de Moscou, pour y suivre une formation en s\u00e9curit\u00e9. \u00abLes Africains sont dup\u00e9s pour aller se battre, puis ils sont trait\u00e9s comme si leur vie ou leur mort n&rsquo;avaient aucune importance\u00bb, accuse l&rsquo;ambassadeur. \u00abL&rsquo;esp\u00e9rance de vie des soldats qui participent \u00e0 ces assauts d&rsquo;infanterie est de deux ou trois jours\u00bb, dit-il, avant d&rsquo;ajouter que les assauts sont compar\u00e9s \u00e0 des \u00abhachoirs \u00e0 viande\u00bb.<\/p>\n<p class=\"fig-paragraph\">Il dit ne pas savoir combien de Sud-Africains combattent c\u00f4t\u00e9 russe. \u00abJ&rsquo;esp\u00e8re que ce n&rsquo;est pas beaucoup plus mais peut-\u00eatre que c&rsquo;est bien pire\u00bb, avertit le diplomate. \u00abIls ont \u00e9t\u00e9 tromp\u00e9s pour aller se battre dans une guerre barbare et atroce qui se d\u00e9roule en Europe et avec laquelle l&rsquo;Afrique n&rsquo;a rien \u00e0 voir. C&rsquo;est une guerre coloniale, et voir des Africains se battre dans une guerre coloniale contre un pays libre est particuli\u00e8rement insens\u00e9\u00bb, estime Oleksandre Chtcherba.<\/p>\n<p class=\"fig-paragraph\">Nairobi a d\u00e9nonc\u00e9 fin octobre une situation similaire concernant plusieurs K\u00e9nyans. \u00abLe fait que simultan\u00e9ment, au Kenya, au Malawi, en Afrique du Sud, le m\u00eame sujet et la m\u00eame situation apparaissent, doit inqui\u00e9ter tous les pays africains\u00bb, alerte le diplomate. En plus des hommes envoy\u00e9s sur le front, de nombreuses femmes africaines sont attir\u00e9es par la promesse de contrats lucratifs en Russie, pour finir dans des usines fabriquant des drones, en particulier dans la r\u00e9gion centrale du Tatarstan, selon plusieurs enqu\u00eates de m\u00e9dias internationaux. Pretoria a ouvert en ao\u00fbt une enqu\u00eate sur un possible trafic d&rsquo;\u00eatres humains apr\u00e8s une campagne de promotion pour le programme nomm\u00e9 \u00abAlabuga Start\u00bb, relay\u00e9e par des influenceurs sud-africains.<\/p>\n","protected":false},"excerpt":{"rendered":"Au moins 1436 citoyens de 36 pays africains ont \u00e9t\u00e9 identifi\u00e9s dans les rangs russes, selon un tweet&hellip;\n","protected":false},"author":2,"featured_media":531932,"comment_status":"","ping_status":"","sticky":false,"template":"","format":"standard","meta":{"footnotes":""},"categories":[1591],"tags":[11,1887,12,1885,1886,132,220],"class_list":{"0":"post-531931","1":"post","2":"type-post","3":"status-publish","4":"format-standard","5":"has-post-thumbnail","7":"category-russie","8":"tag-actualites","9":"tag-federation-de-russie","10":"tag-news","11":"tag-russia","12":"tag-russian-federation","13":"tag-russie","14":"tag-ukraine"},"share_on_mastodon":{"url":"https:\/\/pubeurope.com\/@fr\/115543899165325139","error":""},"_links":{"self":[{"href":"https:\/\/www.europesays.com\/fr\/wp-json\/wp\/v2\/posts\/531931","targetHints":{"allow":["GET"]}}],"collection":[{"href":"https:\/\/www.europesays.com\/fr\/wp-json\/wp\/v2\/posts"}],"about":[{"href":"https:\/\/www.europesays.com\/fr\/wp-json\/wp\/v2\/types\/post"}],"author":[{"embeddable":true,"href":"https:\/\/www.europesays.com\/fr\/wp-json\/wp\/v2\/users\/2"}],"replies":[{"embeddable":true,"href":"https:\/\/www.europesays.com\/fr\/wp-json\/wp\/v2\/comments?post=531931"}],"version-history":[{"count":0,"href":"https:\/\/www.europesays.com\/fr\/wp-json\/wp\/v2\/posts\/531931\/revisions"}],"wp:featuredmedia":[{"embeddable":true,"href":"https:\/\/www.europesays.com\/fr\/wp-json\/wp\/v2\/media\/531932"}],"wp:attachment":[{"href":"https:\/\/www.europesays.com\/fr\/wp-json\/wp\/v2\/media?parent=531931"}],"wp:term":[{"taxonomy":"category","embeddable":true,"href":"https:\/\/www.europesays.com\/fr\/wp-json\/wp\/v2\/categories?post=531931"},{"taxonomy":"post_tag","embeddable":true,"href":"https:\/\/www.europesays.com\/fr\/wp-json\/wp\/v2\/tags?post=531931"}],"curies":[{"name":"wp","href":"https:\/\/api.w.org\/{rel}","templated":true}]}}