{"id":531939,"date":"2025-11-13T18:55:12","date_gmt":"2025-11-13T18:55:12","guid":{"rendered":"https:\/\/www.europesays.com\/fr\/531939\/"},"modified":"2025-11-13T18:55:12","modified_gmt":"2025-11-13T18:55:12","slug":"lallemagne-obtient-la-grace-de-boualem-sansal","status":"publish","type":"post","link":"https:\/\/www.europesays.com\/fr\/531939\/","title":{"rendered":"L\u2019Allemagne obtient la gr\u00e2ce de Boualem Sansal"},"content":{"rendered":"<p>Boualem Sansal est arriv\u00e9 mercredi soir \u00e0 Berlin, apr\u00e8s avoir \u00e9t\u00e9 graci\u00e9 par le pr\u00e9sident alg\u00e9rien Abdelmadjid Tebboune. L\u2019\u00e9crivain franco-alg\u00e9rien, emprisonn\u00e9 pendant un an en Alg\u00e9rie, va pouvoir se soigner en Allemagne.<\/p>\n<p> Son transfert depuis Alger et sa prise en charge m\u00e9dicale ont \u00e9t\u00e9 organis\u00e9s \u00e0 la demande du pr\u00e9sident allemand, Frank-Walter Steinmeier. Une requ\u00eate rapidement accept\u00e9e par Abdelmadjid Tebboune.<\/p>\n","protected":false},"excerpt":{"rendered":"Boualem Sansal est arriv\u00e9 mercredi soir \u00e0 Berlin, apr\u00e8s avoir \u00e9t\u00e9 graci\u00e9 par le pr\u00e9sident alg\u00e9rien Abdelmadjid Tebboune.&hellip;\n","protected":false},"author":2,"featured_media":531940,"comment_status":"","ping_status":"","sticky":false,"template":"","format":"standard","meta":{"footnotes":""},"categories":[1587],"tags":[11,672,1804,1805,1803,1777,674,1801,12,1802],"class_list":{"0":"post-531939","1":"post","2":"type-post","3":"status-publish","4":"format-standard","5":"has-post-thumbnail","7":"category-allemagne","8":"tag-actualites","9":"tag-allemagne","10":"tag-bundesrepublik-deutschland","11":"tag-de","12":"tag-deutschland","13":"tag-eu","14":"tag-europe","15":"tag-germany","16":"tag-news","17":"tag-republique-federale-dallemagne"},"share_on_mastodon":{"url":"https:\/\/pubeurope.com\/@fr\/115543914958230150","error":""},"_links":{"self":[{"href":"https:\/\/www.europesays.com\/fr\/wp-json\/wp\/v2\/posts\/531939","targetHints":{"allow":["GET"]}}],"collection":[{"href":"https:\/\/www.europesays.com\/fr\/wp-json\/wp\/v2\/posts"}],"about":[{"href":"https:\/\/www.europesays.com\/fr\/wp-json\/wp\/v2\/types\/post"}],"author":[{"embeddable":true,"href":"https:\/\/www.europesays.com\/fr\/wp-json\/wp\/v2\/users\/2"}],"replies":[{"embeddable":true,"href":"https:\/\/www.europesays.com\/fr\/wp-json\/wp\/v2\/comments?post=531939"}],"version-history":[{"count":0,"href":"https:\/\/www.europesays.com\/fr\/wp-json\/wp\/v2\/posts\/531939\/revisions"}],"wp:featuredmedia":[{"embeddable":true,"href":"https:\/\/www.europesays.com\/fr\/wp-json\/wp\/v2\/media\/531940"}],"wp:attachment":[{"href":"https:\/\/www.europesays.com\/fr\/wp-json\/wp\/v2\/media?parent=531939"}],"wp:term":[{"taxonomy":"category","embeddable":true,"href":"https:\/\/www.europesays.com\/fr\/wp-json\/wp\/v2\/categories?post=531939"},{"taxonomy":"post_tag","embeddable":true,"href":"https:\/\/www.europesays.com\/fr\/wp-json\/wp\/v2\/tags?post=531939"}],"curies":[{"name":"wp","href":"https:\/\/api.w.org\/{rel}","templated":true}]}}