{"id":531947,"date":"2025-11-13T18:59:13","date_gmt":"2025-11-13T18:59:13","guid":{"rendered":"https:\/\/www.europesays.com\/fr\/531947\/"},"modified":"2025-11-13T18:59:13","modified_gmt":"2025-11-13T18:59:13","slug":"le-senat-vote-plusieurs-mesures-anti-fraude-notamment-aux-allocations-chomage","status":"publish","type":"post","link":"https:\/\/www.europesays.com\/fr\/531947\/","title":{"rendered":"Le S\u00e9nat vote plusieurs mesures anti-fraude, notamment aux allocations ch\u00f4mage"},"content":{"rendered":"<p>Nouveau tour de vis pour les demandeurs d\u2019emploi qui b\u00e9n\u00e9ficient d\u2019une <a href=\"https:\/\/www.20minutes.fr\/dossier\/allocations\" class=\"c-link c-link--is-underlined\" target=\"_blank\" rel=\"noopener\">allocation<\/a>. Le <a href=\"https:\/\/www.20minutes.fr\/dossier\/senat\" class=\"c-link c-link--is-underlined\" target=\"_blank\" rel=\"noopener\">S\u00e9nat <\/a>a renforc\u00e9 jeudi l\u2019arsenal de lutte contre la fraude aux allocations <a href=\"https:\/\/www.20minutes.fr\/dossier\/chomage\" class=\"c-link c-link--is-underlined\" target=\"_blank\" rel=\"noopener\">ch\u00f4mage<\/a> en imposant aux allocataires de domicilier leurs comptes en France ou en Europe. Un dispositif critiqu\u00e9 \u00e0 gauche, \u00e0 l\u2019instar d\u2019une mesure visant les b\u00e9n\u00e9ficiaires du compte personnel de formation (CPF).<\/p>\n<p>Dans le cadre du projet de loi gouvernemental contre les fraudes sociales et fiscales, examin\u00e9 depuis jeudi, les s\u00e9nateurs ont abord\u00e9 les articles les plus irritants de ce texte\u00a0: ceux qui visent directement les allocataires ou les salari\u00e9s. Un article, adopt\u00e9 largement, vise notamment \u00e0 conditionner le versement de l\u2019indemnisation ch\u00f4mage \u00e0 la domiciliation des comptes bancaires en France ou dans l\u2019Union europ\u00e9enne.<\/p>\n<p>Interdiction de versement sur un compte \u00e0 l\u2019\u00e9tranger<\/p>\n<p>\u00ab\u00a0La possession d\u2019un compte bancaire domicili\u00e9 \u00e0 l\u2019\u00e9tranger constitue un indice de r\u00e9sidence ou d\u2019exercice d\u2019activit\u00e9 \u00e0 l\u2019\u00e9tranger potentiellement non d\u00e9clar\u00e9s \u00e0 France Travail\u00a0\u00bb, a justifi\u00e9 le ministre du Travail Jean-Pierre Farandou. \u00ab\u00a0Cette situation peut aussi compromettre la capacit\u00e9 de l\u2019op\u00e9rateur \u00e0 recouvrer des indus\u00a0\u00bb, c\u2019est-\u00e0-dire des sommes per\u00e7ues par des allocataires qui n\u2019y ont pas droit, a-t-il ajout\u00e9.<\/p>\n<p>Alors que la r\u00e9sidence en France est d\u00e9j\u00e0 une obligation pour les b\u00e9n\u00e9ficiaires d\u2019allocations ch\u00f4mage, cette nouvelle exigence a \u00e9t\u00e9 d\u00e9nonc\u00e9e par une partie de la gauche qui l\u2019a jug\u00e9e \u00ab\u00a0discriminatoire\u00a0\u00bb voire \u00ab\u00a0inutile\u00a0\u00bb, estimant que le lien entre compte \u00e0 l\u2019\u00e9tranger et fraude n\u2019\u00e9tait pas \u00e9tabli.<\/p>\n<\/p>\n<p>\u00ab\u00a0On cr\u00e9e un dispositif pour un probl\u00e8me qui n\u2019existe pas. Cette mesure p\u00e9nalise d\u2019abord les travailleurs transfrontaliers, les saisonniers, les int\u00e9rimaires et les pr\u00e9caires install\u00e9s dans les zones frontali\u00e8res\u00a0\u00bb, a regrett\u00e9 la communiste Silvana Silvani.<\/p>\n<p>La droite s\u00e9natoriale a au contraire salu\u00e9 une mesure de \u00ab\u00a0bon sens\u00a0\u00bb\u00a0: avec un compte en France, \u00ab\u00a0il est beaucoup plus simple de faire du recouvrement forc\u00e9\u00a0\u00bb, a insist\u00e9 Fr\u00e9d\u00e9rique Puissat (Les R\u00e9publicains). Une autre mesure, qui sera mise au vote jeudi apr\u00e8s-midi, risque de faire parler encore plus.<\/p>\n<p>Acc\u00e8s aux relev\u00e9s d\u2019appels t\u00e9l\u00e9phoniques<\/p>\n<p>Il s\u2019agit de donner \u00e0 France Travail de nouveaux moyens d\u2019enqu\u00eate pour v\u00e9rifier la r\u00e9sidence effective des allocataires, en lui permettant de consulter les relev\u00e9s d\u2019appels aupr\u00e8s des op\u00e9rateurs de t\u00e9l\u00e9phonie, ou encore d\u2019interroger le fichier des compagnies a\u00e9riennes.<\/p>\n<p>Cela ouvrirait alors la voie \u00e0 une suspension conservatoire de toutes les allocations lorsque \u00ab\u00a0plusieurs indices s\u00e9rieux de man\u0153uvres frauduleuses\u00a0\u00bb sont observ\u00e9s. Les s\u00e9nateurs ont par ailleurs adopt\u00e9 une mesure visant \u00e0 obliger le titulaire du compte personnel de formation (CPF) \u00e0 se pr\u00e9senter aux \u00e9preuves de certification sauf \u00ab\u00a0motif l\u00e9gitime\u00a0\u00bb, sans quoi sa formation ne pourra plus \u00eatre prise en charge par le CPF.<\/p>\n<p>Un dispositif de \u00ab\u00a0responsabilisation\u00a0\u00bb des b\u00e9n\u00e9ficiaires, selon le gouvernement et la droite\u00a0; une mesure \u00ab\u00a0violente\u00a0\u00bb et \u00ab\u00a0d\u00e9courageante\u00a0\u00bb pour les salari\u00e9s, selon une partie de la gauche.<\/p>\n","protected":false},"excerpt":{"rendered":"Nouveau tour de vis pour les demandeurs d\u2019emploi qui b\u00e9n\u00e9ficient d\u2019une allocation. Le S\u00e9nat a renforc\u00e9 jeudi l\u2019arsenal&hellip;\n","protected":false},"author":2,"featured_media":531948,"comment_status":"","ping_status":"","sticky":false,"template":"","format":"standard","meta":{"footnotes":""},"categories":[2],"tags":[47,11,65137,1003,214,14300,33,1011,27,1006,22495,4493,12,316,25,1004,104],"class_list":{"0":"post-531947","1":"post","2":"type-post","3":"status-publish","4":"format-standard","5":"has-post-thumbnail","7":"category-actualites","8":"tag-actualite","9":"tag-actualites","10":"tag-allocations-sociales","11":"tag-budget","12":"tag-chomage","13":"tag-demandeurs-demploi","14":"tag-economie","15":"tag-fr","16":"tag-france","17":"tag-fraude","18":"tag-fraude-fiscale","19":"tag-fraude-sociale","20":"tag-news","21":"tag-politique","22":"tag-republique-francaise","23":"tag-senat","24":"tag-societe"},"share_on_mastodon":{"url":"https:\/\/pubeurope.com\/@fr\/115543930555427029","error":""},"_links":{"self":[{"href":"https:\/\/www.europesays.com\/fr\/wp-json\/wp\/v2\/posts\/531947","targetHints":{"allow":["GET"]}}],"collection":[{"href":"https:\/\/www.europesays.com\/fr\/wp-json\/wp\/v2\/posts"}],"about":[{"href":"https:\/\/www.europesays.com\/fr\/wp-json\/wp\/v2\/types\/post"}],"author":[{"embeddable":true,"href":"https:\/\/www.europesays.com\/fr\/wp-json\/wp\/v2\/users\/2"}],"replies":[{"embeddable":true,"href":"https:\/\/www.europesays.com\/fr\/wp-json\/wp\/v2\/comments?post=531947"}],"version-history":[{"count":0,"href":"https:\/\/www.europesays.com\/fr\/wp-json\/wp\/v2\/posts\/531947\/revisions"}],"wp:featuredmedia":[{"embeddable":true,"href":"https:\/\/www.europesays.com\/fr\/wp-json\/wp\/v2\/media\/531948"}],"wp:attachment":[{"href":"https:\/\/www.europesays.com\/fr\/wp-json\/wp\/v2\/media?parent=531947"}],"wp:term":[{"taxonomy":"category","embeddable":true,"href":"https:\/\/www.europesays.com\/fr\/wp-json\/wp\/v2\/categories?post=531947"},{"taxonomy":"post_tag","embeddable":true,"href":"https:\/\/www.europesays.com\/fr\/wp-json\/wp\/v2\/tags?post=531947"}],"curies":[{"name":"wp","href":"https:\/\/api.w.org\/{rel}","templated":true}]}}