{"id":531949,"date":"2025-11-13T19:01:16","date_gmt":"2025-11-13T19:01:16","guid":{"rendered":"https:\/\/www.europesays.com\/fr\/531949\/"},"modified":"2025-11-13T19:01:16","modified_gmt":"2025-11-13T19:01:16","slug":"13-novembre-revoyez-les-temps-forts-de-la-ceremonie-du-souvenir","status":"publish","type":"post","link":"https:\/\/www.europesays.com\/fr\/531949\/","title":{"rendered":"13-Novembre : revoyez les temps forts de la c\u00e9r\u00e9monie du souvenir"},"content":{"rendered":"<ul class=\"jsx-862013697 ArticleChapo__List\">\n<li class=\"jsx-862013697 ArticleChapo__List_Item flex\">Une journ\u00e9e d&rsquo;hommages aux victimes est organis\u00e9e aujourd&rsquo;hui \u00e0 Paris et au Stade de France \u00e0 Saint-Denis (Seine-Saint-Denis) dix ans apr\u00e8s les attentats du 13-Novembre.<\/li>\n<li class=\"jsx-862013697 ArticleChapo__List_Item flex\">Un moment d&rsquo;unit\u00e9 pour se souvenir des 132 personnes qui ont \u00e9t\u00e9 tu\u00e9es et des plus de 350 qui ont gard\u00e9 des blessures parfois irr\u00e9versibles.<\/li>\n<li class=\"jsx-862013697 ArticleChapo__List_Item flex\">Suivez cet \u00e9v\u00e9nement sur TF1 et LCI et sur TF1+ en streaming.<\/li>\n<\/ul>\n<p><a href=\"https:\/\/www.tf1info.fr\/actualite\/attentats-13-novembre-2015-anniversaire-attaque-terroriste-paris-bataclan-ceremonie-hommage-14393\/\" rel=\"noopener\" class=\"jsx-484472199 Link jsx-1428418400 jsx-609604686\" target=\"_blank\"><\/p>\n<p style=\"font-weight:400\" class=\"jsx-1837267516\">Suivez la couverture compl\u00e8te<\/p>\n<p style=\"font-weight:800\" class=\"jsx-1837267516\">Attentats du 13-Novembre : 10 ans apr\u00e8s, la France se souvient<\/p>\n<p><\/a>Minute par minute\u00a0\u00bbON EST REPARTIS POUR NOTRE DEUXIEME VIE\u00a0\u00bb19:55<\/p>\n<p>\u00ab\u00a0Pour les dix ans, il y avait quelque chose de plus car c&rsquo;est une \u00e9tape importante pour nous et les Fran\u00e7ais\u00a0\u00bb, confie St\u00e9phane Toutlouyan, otage rescap\u00e9 du Bataclan. \u00ab\u00a0Probablement qu&rsquo;on va passer \u00e0 autre chose, (&#8230;) on est repartis pour notre deuxi\u00e8me vie\u00a0\u00bb.\u00a0<\/p>\n<p>\u00ab\u00a0CA NOUS REPLONGE DANS UNE SOIR\u00c9E QUI A \u00c9T\u00c9 PARTICULI\u00c8RE\u00a0\u00bb19:49<\/p>\n<p>\u00ab\u00a0C&rsquo;est beaucoup d&rsquo;\u00e9motion car \u00e7a nous replonge dans une soir\u00e9e qui a \u00e9t\u00e9 particuli\u00e8re\u00a0\u00bb, confie Anne Godefroy, infirmi\u00e8re \u00e0 la brigade des sapeurs-pompiers de Paris. Lors de la c\u00e9r\u00e9monie, elle a prononc\u00e9 une partie des noms des victimes. \u00a0<\/p>\n<p>LES POLICIERS INTERVENUS AU BATACLAN D\u00c9COR\u00c9S DE LA L\u00c9GION D&rsquo;HONNEUR19:45<\/p>\n<p>Les policiers qui \u00e9taient intervenus dans la salle de spectacle du Bataclan seront d\u00e9cor\u00e9s de la L\u00e9gion d&rsquo;honneur, a annonc\u00e9 le pr\u00e9sident Emmanuel Macron.<\/p>\n<p>\u00ab\u00a0Ces policiers intervenus dans les colonnes Alpha et Bravo pour neutraliser les assaillants (&#8230;) seront \u00e9lev\u00e9s dans la L\u00e9gion d&rsquo;honneur en t\u00e9moignage de la reconnaissance particuli\u00e8re de la nation\u00a0\u00bb, a-t-il d\u00e9clar\u00e9 au jardin m\u00e9moriel, faisant droit \u00e0 une demande des associations de victimes.<\/p>\n<p>LA C\u00c9R\u00c9MONIE SE TERMINE SUR \u00ab\u00a0SHOOTING STARS\u00a0\u00bb INTERPR\u00c9T\u00c9E PAR LES SURVIVANTS19:44<\/p>\n<p>Pour cl\u00f4turer la c\u00e9r\u00e9monie, le ch\u0153ur du 13, compos\u00e9 de survivants, interpr\u00e8te \u00ab\u00a0Shooting stars\u00a0\u00bb de Rival sons.\u00a0Les drones ont form\u00e9 le sigle de la paix devant la tour Eiffel.\u00a0<\/p>\n<p>UNE MINUTE DE SILENCE19:35<\/p>\n<p>Une minute de silence est observ\u00e9e par les 2000 spectateurs pour rendre hommage aux 192 victimes des attentats du 13 novembre 2015.\u00a0<\/p>\n<p>800 DRONES POUR FORMER LA DEVISE FRANCAISE19:34<\/p>\n<p>La Marseillaise est interpr\u00e9t\u00e9e par Axelle Saint-Cirel et le choeur de Radio France. 800 drones ont \u00e9t\u00e9 synchronis\u00e9s pour former la devise de la France devant la tour Eiffel.<\/p>\n<p>\u00ab\u00a0NOUS NOUS TIENDRONS \u00c0 VOS COT\u00c9S POUR VOUS, POUR CEUX QUI NE SONT PLUS, POUR LEURS ENFANTS\u00a0\u00bb19:33<\/p>\n<p>\u00ab\u00a0On ne peut pas donner de sens au 13 novembre, mais on peut donner un sens au 14 novembre, \u00e0 chacun de vos lendemains, \u00e0 chacun de vos pas qui mis bout \u00e0 bout nous racontent une histoire de courage, d&rsquo;entraide, de vie\u00a0\u00bb, poursuit Emmanuel Macron.\u00a0<\/p>\n<p>\u00ab\u00a0Unis et ensemble, c&rsquo;est par notre force pour mener ces combats que nous serons \u00e0 la hauteur de ces lendemains. Chacun de vos pas, chacun de vos jours depuis dix ans porte ce sens et ce qui nous tient, l&rsquo;esprit de r\u00e9sistance, par lui la mort est d\u00e9couronn\u00e9e, vos vies relev\u00e9es, l&rsquo;amour de la France consacr\u00e9\u00a0\u00bb.\u00a0<\/p>\n<p>\u00ab\u00a0Ils voulaient semer la mort, vous avez r\u00e9hauss\u00e9 la vie, ils voulaient diviser et nous sommes unis, ils voulaient effacer et ils nous ont rappel\u00e9 que nos combats \u00e9taient universels, nous sommes l\u00e0 et nous tiendront \u00e0 vos cot\u00e9s, demain encore, pour vous, pour ceux qui ne sont plus, pour leurs enfants\u00a0\u00bb, a fini Emmanuel Macron. \u00a0<\/p>\n<p>\u00ab\u00a0NOUS TRAQUONS ET CONTINUERONS DE TRAQUER LES TERRORISTES\u00a0\u00bb19:26<\/p>\n<p>Emmanuel Macron assure que la France \u00ab\u00a0traque et continuera de traquer les terroristes sans rel\u00e2che\u00a0\u00bb. Selon le chef de l&rsquo;\u00c9tat, 85 attentats ont \u00e9t\u00e9 d\u00e9jou\u00e9s en dix ans, dont 6 cette ann\u00e9e. \u00ab\u00a0Nous ne c\u00e8derons rien\u00a0\u00bb.\u00a0<\/p>\n<p>\u00ab\u00a0NOUS AVONS TENU, LA R\u00c9PUBLIQUE A TENU\u00a0\u00bb19:21<\/p>\n<p>Emmanuel Macron assure que les \u00ab\u00a0terroristes ont trouv\u00e9 beaucoup plus courageux qu&rsquo;eux, Paris a tenu, vous avez tenu, la France a tenu, la R\u00e9publique a tenu dans l&rsquo;urgence, par la fraternit\u00e9, par la justice, par la v\u00e9rit\u00e9, par l&rsquo;amour de la vie, nous avons tenu et chacun y a jou\u00e9 son r\u00f4le, (&#8230;) ils nous en voulaient d&rsquo;\u00eatre Fran\u00e7ais, \u00e0 une mani\u00e8re d&rsquo;\u00eatre au monde teint\u00e9e d&rsquo;universalisme\u00a0\u00bb.\u00a0<\/p>\n<p>\u00ab\u00a0QUE PESENT LES MOTS DEVANT LES DOULEURS ?\u00a0\u00bb : EMMANUEL MACRON S&rsquo;EXPRIME19:16<\/p>\n<p>\u00ab\u00a0Nous voil\u00e0 dix ans apr\u00e8s, dix ans apr\u00e8s les attentats les plus meurtriers qu&rsquo;ait jamais connu la France\u00a0\u00bb. Emmanuel Macron s&rsquo;exprime au jardin du souvenir. \u00ab\u00a0Que p\u00e8sent ces dix ann\u00e9es, que p\u00e8sent les mots devant les douleurs, les silences, ce qui est advenu est \u00e0 coup sur irr\u00e9parable et vous avez eu des jours muets et des jours aveugles, des jours de nuit et des nuits blanches, des jours o\u00f9 il fallait faire semblant o\u00f9 il fallait tenir, des jours o\u00f9 la vie semblait revenir, fugace, des jours impossibles parce que le moindre son, la moindre odeur vous faisait revivre \u00e0 l&rsquo;identique un pass\u00e9 toujours pr\u00e9sent\u00a0\u00bb. \u00ab\u00a0On voudrait trouver du sens \u00e0 ce qui s&rsquo;est pass\u00e9 mais chacune de vos douleur est insens\u00e9e, injuste, insupportable\u00a0\u00bb.\u00a0<\/p>\n<p>\u00ab\u00a0YOU&rsquo;LL NEVER WALK ALONE\u00a0\u00bb INTERPR\u00c9T\u00c9E PAR JESSE HUGUES19:08<\/p>\n<p>\u00ab\u00a0You&rsquo;ll never walk alone\u00a0\u00bbde Gerry and the pacemakers est interpr\u00e9t\u00e9 par le choeur du 13, le choeur de Radio France, et par Jesse Hugues, rescap\u00e9 du Bataclan, du groupe<a href=\"https:\/\/www.tf1info.fr\/culture\/13-novembre-2015-emu-aux-larmes-le-chanteur-des-eagles-of-death-metal-jesse-hughes-devoile-sur-tf1-un-tatouage-hommage-attentats-2406422.html\" target=\"_blank\" rel=\"noopener\"> Eagles of death metal.\u00a0<\/a><\/p>\n<p>ANNE HIDALGO SE SOUVIENT DES \u00ab\u00a0VOIX, DES CRIS, DES SIRENES, DES BRUITS, DU SILENCE INTERMINABLE\u00a0\u00bb18:57<\/p>\n<p>Anne Hidalgo se souvient d&rsquo;un 13 novembre 2015 pendant lequel \u00ab\u00a0le ciel s&rsquo;est referm\u00e9\u00a0\u00bb. Elle \u00ab\u00a0se souvient de tout, les voix, les cris les sir\u00e8nes, les bruits, le silence interminable qui a suivi, je me rappelle l&rsquo;angoisse, l&rsquo;horreur\u00a0\u00bb.\u00a0<\/p>\n<p>\u00ab\u00a0Rien n&rsquo;effacera l&rsquo;horreur de cette nuit l\u00e0 ni la douleur de ceux qui ont surv\u00e9cu. Tant d&rsquo;entre vous ont du r\u00e9apprendre \u00e0 aimer, et je veux saluer votre force. Paris s&rsquo;est relev\u00e9, la France n&rsquo;a pas c\u00e9d\u00e9 \u00e0 la haine, les terrasses se sont remplies, les conversations sont revenues, (&#8230;) nous avons continu\u00e9 \u00e0 vivre, \u00e0 aimer, \u00e0 d\u00e9battre, \u00e0 nous disputer, \u00e0 cr\u00e9er\u00a0\u00bb, a d\u00e9clar\u00e9 la maire de Paris. \u00ab\u00a0Face \u00e0 la barbarie des terroristes, Paris r\u00e9pond par la justice et la fraternit\u00e9\u00a0\u00bb.\u00a0<\/p>\n<p>\u00ab\u00a0AIMONS-NOUS\u00a0\u00bb : L&rsquo;APPEL D&rsquo;ARTHUR D\u00c9NOUVEAUX18:54<\/p>\n<p>Arthur D\u00e9nouveaux, pr\u00e9sident de l&rsquo;association \u00ab\u00a0Life for Paris\u00a0\u00bb, d\u00e9clare qu&rsquo;une \u00ab\u00a0seule chose r\u00e9unie toutes les victimes de terrorisme, la volont\u00e9 que cela n&rsquo;arrive jamais \u00e0 d&rsquo;autres\u00a0\u00bb. \u00ab\u00a0J&rsquo;aurais aim\u00e9 vous dire que l&rsquo;esp\u00e9rance nous avait port\u00e9 mais c&rsquo;est faux, elle ne trace aucun chemin (&#8230;) nous victimes nous n&rsquo;avons rien d&rsquo;autres \u00e0 vous proposer qu&rsquo;une exigence, celle de vivre, en soci\u00e9t\u00e9 et selon les valeurs qui ont fait la France\u00a0\u00bb, a-t-il d\u00e9clar\u00e9 avant de lancer : \u00ab\u00a0aimons nous et merci \u00e0 tous ceux qui nous aiment depuis dix ans\u00a0\u00bb.\u00a0<\/p>\n<p>\u00ab\u00a0BROTHERS IN ARMS\u00a0\u00bb DE DIRE STRAITS R\u00c9SONNE AU JARDIN DU SOUVENIR18:44<\/p>\n<p>Apr\u00e8s la lecture des noms de toutes les victimes, le titre \u00ab\u00a0Brothers in arms\u00a0\u00bb du groupe Dire Straits est interpr\u00e9t\u00e9 par Yarol Poupaud, Ingrid Samitier et Victor Mechanik.\u00a0<\/p>\n<p>Des drones se sont \u00e9lev\u00e9s dans le ciel de Paris pour former la devise de la ville \u00ab\u00a0Fluctuat nec mergitur\u00a0\u00bb, \u00ab\u00a0il est battu par les flots mais ne sombre pas\u00a0\u00bb.\u00a0<\/p>\n<p>LE NOM DES 132 VICTIMES EST LU18:35<\/p>\n<p>Le nom des 132 victimes est prononc\u00e9 par des membres des forces de l&rsquo;ordre, du personnel soignant, de la s\u00e9curit\u00e9 civile, de la cour d&rsquo;Assises de Paris, des agents de propret\u00e9 de la ville de Paris.\u00a0<\/p>\n<p>LES VISAGES DES VICTIMES PROJET\u00c9S18:27<\/p>\n<p>Les visages de victimes sont projet\u00e9s sur un arbre du jardin m\u00e9moriel, sur fond de la chanson \u00ab\u00a0L&rsquo;absent de Gilbert B\u00e9caud interpr\u00e9t\u00e9e par Eddy de Pretto.\u00a0<\/p>\n<p>\u00ab\u00a0LES CICATRICES DEMEURENT IND\u00c9L\u00c9BILES\u00a0\u00bb : PHILIPPE DUPERRON S&rsquo;EXPRIME18:24<\/p>\n<p>\u00ab\u00a0C&rsquo;est toute la nation qui se souvient et se recueille\u00a0\u00bb. Philippe Duperron, pr\u00e9sident de l&rsquo;association 13onze15, s&rsquo;exprime au jardin m\u00e9moriel. \u00ab\u00a0Au cours de ces 10 ann\u00e9es pass\u00e9es nous nous sommes relev\u00e9s, nous avons fait face, la col\u00e8re s&rsquo;est apais\u00e9e (&#8230;) mais les cicatrices demeurent ind\u00e9l\u00e9biles\u00a0\u00bb a-t-il d\u00e9clar\u00e9.\u00a0<\/p>\n<p>Le jardin m\u00e9moriel \u00ab\u00a0sera un lieu o\u00f9 la vie est pr\u00e9sente par les symboles de lumi\u00e8re, d&rsquo;eau de v\u00e9g\u00e9tation, un lieu o\u00f9 la vie rena\u00eet \u00e0 chaque printemps\u00a0\u00bb. \u00ab\u00a0Dans ce jardin fleuri ce soir, ils sont avec nous\u00a0\u00bb.\u00a0<\/p>\n<p>LA C\u00c9R\u00c9MONIE S&rsquo;OUVRE EN MUSIQUE18:16<\/p>\n<p>Apr\u00e8s \u00ab\u00a0Hells bells\u00a0\u00bb, \u00a0Jarvis Cocker, leader du groupe Pulp, interpr\u00e8te \u00ab\u00a0Friday the 13th\u00a0\u00bb. Une prestation suivie de celle de Victor Le Masne qui pr\u00e9sente \u00ab\u00a0Le requiem des lumi\u00e8res\u00a0\u00bb, interpr\u00e9t\u00e9 avec le choeur de Radio France.\u00a0<\/p>\n<p>LA C\u00c9R\u00c9MONIE D\u00c9BUTE AU JARDIN M\u00c9MORIEL18:04<\/p>\n<p>Alors que les cloches de Paris continuent de sonner, la c\u00e9r\u00e9monie d\u00e9bute au jardin m\u00e9moriel. Le titre \u00ab\u00a0Hells bells\u00a0\u00bb du groupe AC\/DC est interpr\u00e9t\u00e9 \u00e0 l&rsquo;orgue par Ann Shirley.<\/p>\n<p>13-Novembre : les cloches de Notre-Dame sonnentSource : TF1 Info<\/p>\n<p><img decoding=\"async\" src=\"https:\/\/www.europesays.com\/fr\/wp-content\/uploads\/2025\/11\/13-novembre-les-cloches-de-notre-dame-sonnent-ff4c1d-0@1x.jpg\" alt=\"13-Novembre : les cloches de Notre-Dame sonnent\" loading=\"lazy\" class=\"jsx-d0de44c05fe3042c PlayerLazyload__Image\"\/><img decoding=\"async\" src=\"https:\/\/www.tf1info.fr\/images\/icons\/player-logo-play.svg\" alt=\"Logo lecture\" class=\"jsx-d0de44c05fe3042c PlayerLazyload__Play\"\/>LE BOURDON DE NOTRE-DAME SONNE18:00<\/p>\n<p>Le bourdon de Notre-Dame sonne. Il donne le coup d&rsquo;envoi pour toutes les cloches des \u00e9glises de Paris qui vont retentir pour rendre hommage aux victimes des attentats du 13-Novembre.\u00a0<\/p>\n<p>\u00ab\u00a0DES IMAGES GRAV\u00c9ES\u00a0\u00bb : FRAN\u00c7OIS HOLLANDE PR\u00c9SENT AU JARDIN M\u00c9MORIEL17:53<\/p>\n<p>A quelques minutes du d\u00e9but de l&rsquo;hommage rendu au jardin m\u00e9moriel, Fran\u00e7ois Hollande confie au micro de TF1\/LCI avoir \u00ab\u00a0des images grav\u00e9es de mani\u00e8re ind\u00e9l\u00e9biles\u00a0\u00bb de la soir\u00e9e du 13 novembre 2015. \u00ab\u00a0Mon obsession, c&rsquo;\u00e9tait que la panique ne s&#8217;empare pas du public\u00a0\u00bb du Stade de France, se souvient il. \u00ab\u00a0C&rsquo;est gr\u00e2ce au courage de tous et l&rsquo;esprit de responsabilit\u00e9 qu&rsquo;on a \u00e9vit\u00e9 un massacre au Stade de France\u00a0\u00bb.\u00a0<\/p>\n<p>\u00ab\u00a0L&rsquo;OUBLI\u00c9 DES ATTENTATS\u00a0\u00bb : LA FILLE DE MANUEL DIAS APPELLE \u00c0 NE PAS OUBLIER SON P\u00c8RE, PREMI\u00c8RE VICTIME17:43<\/p>\n<p>Au micro de TF1\/LCI, Sophie Dias, fille de Manuel Dias, la premi\u00e8re victime des attentats du 13 novembre 2015, appelle \u00e0 \u00ab\u00a0ne pas oublier\u00a0\u00bb son p\u00e8re, tu\u00e9 devant le Stade de France. \u00ab\u00a0C&rsquo;est n peu l&rsquo;oubli\u00e9 des attentats, la premi\u00e8re victime qui est tomb\u00e9e ce soir l\u00e0, il ne faut pas l&rsquo;oublier\u00a0\u00bb, confie-t-elle.\u00a0<\/p>\n<p>Le nom de son p\u00e8re est inscrit dans le granit au jardin m\u00e9moriel. \u00ab\u00a0C&rsquo;est tr\u00e8s important, c&rsquo;est un relai de la plaque de Saint-Denis, de savoir que son nom est grav\u00e9 en plein centre de Paris c&rsquo;est tr\u00e8s important et tr\u00e8s \u00e9mouvant\u00a0\u00bb.\u00a0<\/p>\n<p>\u00ab\u00a0LES POTAGES, C&rsquo;EST UNE TH\u00c9RAPIE COLLECTIVE\u00a0\u00bb17:35<\/p>\n<p>S\u00e9bastien Besatti, otage lib\u00e9r\u00e9 par la BRI au Bataclan, explique au micro de TF1\/LCI, s&rsquo;\u00eatre li\u00e9 d&rsquo;amiti\u00e9 avec les autres rescap\u00e9s des attentats, \u00ab\u00a0les potages\u00a0\u00bb. \u00ab\u00a0Les potages, c&rsquo;est une th\u00e9rapie collective, c&rsquo;est une nouvelle famille, on a tous laiss\u00e9 quelqu&rsquo;un \u00e0 l&rsquo;int\u00e9rieur du Bataclan, (&#8230;) on s&rsquo;est reconstruits en comparant comment on arrivait \u00e0 trouver des ressources en nous pour devenir une version de nous m\u00eame qu&rsquo;on avait pas explor\u00e9 avant\u00a0\u00bb, confie-t-il.\u00a0<\/p>\n<p>\u00ab\u00a0LE DEVOIR DE M\u00c9MOIRE EST TRES IMPORTANT\u00a0\u00bb17:20<\/p>\n<p>Alexandre, 18 ans, a pris le train de Haute-Savoie pour se rendre place de la R\u00e9publique et rendre hommages aux victimes des attentats. \u00ab\u00a0Le devoir de m\u00e9moire est tr\u00e8s important, il ne faut jamais oublier ce qui s&rsquo;est pass\u00e9\u00a0\u00bb, t\u00e9moigne au micro de TF1\/LCI celui qui n&rsquo;avait que 8 ans en 2015.<\/p>\n<p>UN JARDIN DU SOUVENIR BIENT\u00d4T INAUGUR\u00c916:51<\/p>\n<p>Les hommages aux victimes vont se conclure au jardin m\u00e9moriel, pr\u00e8s de l&rsquo;H\u00f4tel de Ville. Voulu comme un lieu de recueillement, il abrite des st\u00e8les symbolisant les six lieux des attentats avec les noms des victimes grav\u00e9s dessus.<\/p>\n<p>Sujets de soci\u00e9t\u00e9<img decoding=\"async\" src=\"https:\/\/www.europesays.com\/fr\/wp-content\/uploads\/2025\/11\/jardin-du-13-novembre-2015-79f037-0@1x.jpeg\" alt=\"Ouvert au public depuis le printemps 2025, le jardin sera officiellement inaugur\u00e9 ce jeudi 13 novembre, en pr\u00e9sence d'Emmanuel Macron.\" loading=\"lazy\" importance=\"low\" fetchpriority=\"low\" class=\"\" aria-hidden=\"true\"\/>\u00ab\u00a0C&rsquo;EST IMPORTANT D&rsquo;\u00caTRE L\u00c0\u00a0\u00bb16:26<\/p>\n<p>Nathan s&rsquo;est rendu place de la R\u00e9publique pour \u00ab\u00a0\u00eatre aux cot\u00e9s des autres citoyens\u00a0\u00bb et comm\u00e9morer les victimes des attentats du 13-Novembre. \u00ab\u00a0Je trouvais \u00e7a important d&rsquo;\u00eatre l\u00e0 aujourd&rsquo;hui pour montrer que 10 ans apr\u00e8s on n&rsquo;oublie toujours pas, pour \u00eatre aux cot\u00e9s de ces citoyens, qu&rsquo;il y a une diversit\u00e9 qui est l\u00e0\u00a0\u00bb, explique celui qui \u00e9tait au coll\u00e8ge en 2015.\u00a0<\/p>\n<p>\u00ab\u00a0Ca m&rsquo;a \u00e9norm\u00e9ment marqu\u00e9. Si je d\u00e9fends la paix, le vivre ensemble et que \u00e7a me tient \u00e0 c\u0153ur, c&rsquo;est aussi \u00e0 cause de \u00e7a, de ce que la France a travers\u00e9 en 2015\u00a0\u00bb, explique-t-il.\u00a0<\/p>\n<p>\u00ab\u00a0NOTRE SOCI\u00c9T\u00c9 AVANCE, MAIS QU&rsquo;ELLE N&rsquo;OUBLIE JAMAIS\u00a0\u00bb15:56<\/p>\n<p>Marianne, la veuve de Fred Dewilde, a confi\u00e9 au micro de TF1\/LCI son \u00e9motion en cette journ\u00e9e de comm\u00e9morations des attentats du 13-Novembre. \u00ab\u00a0C&rsquo;est une date qui nous rappelle \u00e0 tous, cette nuit terrible pendant laquelle la nation a communi\u00e9 en \u00e9motion avec tous ceux qui ont pris des balles \u00e0 notre place\u00a0\u00bb a-t-elle d\u00e9clar\u00e9.\u00a0<\/p>\n<p>Son compagnon, qui s&rsquo;est suicid\u00e9 8 ans apr\u00e8s avoir surv\u00e9cu \u00e0 l&rsquo;attaque du Bataclan, \u00ab\u00a0avait tr\u00e8s peur de l&rsquo;oubli\u00a0\u00bb. \u00ab\u00a0Notre soci\u00e9t\u00e9 avance, c&rsquo;est tant mieux, mais qu&rsquo;elle n&rsquo;oublie jamais ces victimes qui ont \u00e9t\u00e9 meurtri \u00e0 leur place\u00a0\u00bb, a-t-elle lanc\u00e9.\u00a0<\/p>\n<p>UNE MINUTE DE SILENCE DEVANT LE BATACLAN15:29<\/p>\n<p>Apr\u00e8s la lecture du nom des 92 victimes au Bataclan et un d\u00e9p\u00f4t de gerbes, une minute de silence est observ\u00e9e.\u00a0<\/p>\n<p>L&rsquo;HOMMAGE SE POURSUIT DEVANT LE BATACLAN15:21<\/p>\n<p>L&rsquo;hommage aux victimes des attentats du 13-Novembre se poursuit devant le Bataclan, o\u00f9 Emmanuel et Brigitte Macron viennent d&rsquo;arriver, aux c\u00f4t\u00e9s de la maire de Paris Anne Hidalgo. Le nom de toutes les victimes est lu devant les nombreuses personnes rassembl\u00e9es devant le Bataclan,.\u00a0<\/p>\n<p>\u00ab\u00a0N&rsquo;OUBLIONS JAMAIS !\u00a0\u00bb14:50<\/p>\n<p>\u00ab\u00a02015-2025 : n&rsquo;oublions jamais !\u00a0\u00bb : le minist\u00e8re de l&rsquo;Int\u00e9rieur partage une s\u00e9rie de clich\u00e9s avant-apr\u00e8s pour rendre hommage aux forces de s\u00e9curit\u00e9 et de secours, qui sont intervenues le 13-Novembre.\u00a0<\/p>\n<blockquote data-testid=\"EmbedTwitter\" id=\"tweet-1988882364789928051-:R1pjp6b9apd6j979m:\" class=\"jsx-aeff1a1c40f54d7a twitter-tweet flex justify-center items-center\"><p>#NoublionsJamais \u26ab\ufe0f | Le vendredi  #13Novembre 2015, la France est frapp\u00e9e en plein c\u0153ur : une s\u00e9rie d&rsquo;attentats est perp\u00e9tr\u00e9e \u00e0 Paris et dans sa p\u00e9riph\u00e9rie.  Aux abords du Stade de France \u00e0 Saint-Denis, sur des terrasses de caf\u00e9 et de restaurants des 10e et 11e arrondissements,\u2026  pic.twitter.com\/ogaJnByRFy \u2014 Minist\u00e8re de l&rsquo;Int\u00e9rieur (@Interieur_Gouv)  November 13, 2025<\/p><\/blockquote>\n<p>DU MONDE DEVANT LE BATACLAN14:37<\/p>\n<p>Sophie Parra, l&rsquo;une des rescap\u00e9es du Bataclan, assiste \u00e0 la c\u00e9r\u00e9monie d&rsquo;hommage.<\/p>\n<blockquote data-testid=\"EmbedTwitter\" id=\"tweet-1988946564682072476-:R1pjt6b9apd6j979m:\" class=\"jsx-aeff1a1c40f54d7a twitter-tweet flex justify-center items-center\"><p>And here we are&#8230;  pic.twitter.com\/3Q0S0G1KYq \u2014 So \ud83c\udf42 (@WonderSo__)  November 13, 2025<\/p><\/blockquote>\n<p>EN ROUTE POUR LE BATACLAN14:33<\/p>\n<p>Le parcours m\u00e9moriel va continuer avec la comm\u00e9moration devant le Bataclan, le point d&rsquo;orgue de cette soir\u00e9e d&rsquo;horreur, o\u00f9 90 personnes furent assassin\u00e9es par trois terroristes \u00e9quip\u00e9s d&rsquo;armes de guerre.\u00a0<\/p>\n<p>HOMMAGE DEVANT LA BELLE \u00c9QUIPE14:26<\/p>\n<p>La d\u00e9l\u00e9gation emmen\u00e9e par Emmanuel Macron et Anne Hidalgo honorent les victimes de La Belle \u00c9quipe, la derni\u00e8re terrasse cibl\u00e9e par les commandos jihadistes. Dans ce bar populaire, situ\u00e9 \u00e0 l&rsquo;angle de la rue de Charonne et de la rue Faidherbe, 21 vies furent fauch\u00e9es le soir du 13 novembre. Deux gerbes de fleurs sont d\u00e9pos\u00e9es devant la plaque comm\u00e9morative et les photos des victimes.<\/p>\n<p>13-Novembre : l&rsquo;hommage aux victimes devant La Belle EquipeSource : TF1 Info<\/p>\n<p><img decoding=\"async\" src=\"https:\/\/www.europesays.com\/fr\/wp-content\/uploads\/2025\/11\/13-novembre-l-hommage-aux-victimes-devant-la-belle-equipe-1d1d9d-0@1x.jpg\" alt=\"13-Novembre : l'hommage aux victimes devant La Belle Equipe\" loading=\"lazy\" class=\"jsx-d0de44c05fe3042c PlayerLazyload__Image\"\/><img decoding=\"async\" src=\"https:\/\/www.tf1info.fr\/images\/icons\/player-logo-play.svg\" alt=\"Logo lecture\" class=\"jsx-d0de44c05fe3042c PlayerLazyload__Play\"\/>QUE RESTE-T-IL DANS NOS M\u00c9MOIRES ?14:20<\/p>\n<p>Dans les mois qui ont suivi les attentats du 13 novembre 2015, le CNRS et l&rsquo;Inserm ont lanc\u00e9 une \u00e9tude in\u00e9dite sur l&rsquo;impact de ces \u00e9v\u00e9nements sur la m\u00e9moire. Pour ce faire, la parole de pr\u00e8s de 1.000 t\u00e9moins a \u00e9t\u00e9 recueillie en 2016, 2018, 2021, et le sera une derni\u00e8re fois en 2026. Dix ans apr\u00e8s le 13-Novembre, le neuropsychologue Francis Eustache d\u00e9voile aupr\u00e8s de TF1info les premiers enseignements.<\/p>\n<p>Sciences<img decoding=\"async\" src=\"https:\/\/www.europesays.com\/fr\/wp-content\/uploads\/2025\/11\/attentats-13-novembre-1-81ff36-2@1x.jpeg\" alt=\"Comment le Programme 13-Novembre permet de mieux comprendre le stress post-traumatique\" loading=\"lazy\" importance=\"low\" fetchpriority=\"low\" class=\"\" aria-hidden=\"true\"\/>\u00ab\u00a0LA DOULEUR DEMEURE\u00a0\u00bb14:05<\/p>\n<p>\u00ab\u00a010 ans. La douleur demeure\u00a0\u00bb, \u00e9crit sur le r\u00e9seau social X le pr\u00e9sident Emmanuel Macron. \u00ab\u00a0En fraternit\u00e9, pour les vies fauch\u00e9es, les bless\u00e9s, les familles et les proches, la France se souvient.\u00a0\u00bb<\/p>\n<blockquote data-testid=\"EmbedTwitter\" id=\"tweet-1988954418436592069-:R1pkd6b9apd6j979m:\" class=\"jsx-aeff1a1c40f54d7a twitter-tweet flex justify-center items-center\"><p>10 ans. La douleur demeure. En fraternit\u00e9, pour les vies fauch\u00e9es, les bless\u00e9s, les familles et les proches, la France se souvient. \u2014 Emmanuel Macron (@EmmanuelMacron)  November 13, 2025<\/p><\/blockquote>\n<p>HOMMAGE DEVANT L&rsquo;ANCIEN COMPTOIR VOLTAIRE14:03<\/p>\n<p>Une minute de silence est respect\u00e9e devant la terrasse de l&rsquo;ancien Comptoir Voltaire, devenu Les Ogres. Le 13 novembre, l&rsquo;un des\u00a0terroristes s&rsquo;est fait exploser, blessant plusieurs personnes.<\/p>\n<p>13-Novembre : une minute de silence devant l&rsquo;ancien Comptoir VoltaireSource : TF1 Info<\/p>\n<p><img decoding=\"async\" src=\"https:\/\/www.europesays.com\/fr\/wp-content\/uploads\/2025\/11\/13-novembre-une-minute-de-silence-devant-l-ancien-comptoir-voltaire-6ff50e-0@1x.jpg\" alt=\"13-Novembre : une minute de silence devant l'ancien Comptoir Voltaire\" loading=\"lazy\" class=\"jsx-d0de44c05fe3042c PlayerLazyload__Image\"\/><img decoding=\"async\" src=\"https:\/\/www.tf1info.fr\/images\/icons\/player-logo-play.svg\" alt=\"Logo lecture\" class=\"jsx-d0de44c05fe3042c PlayerLazyload__Play\"\/>INTERVIEW13:54<\/p>\n<p>Les attentats du 13-Novembre ont donn\u00e9 naissance \u00e0 de nombreux r\u00e9cits et fictions. Des \u0153uvres qui contribuent \u00e0 la compr\u00e9hension et au travail de deuil, \u00e0 la fois individuel et collectif. Le psychologue Laurent Jaudon explique \u00e0 TF1info leurs m\u00e9canismes et leur r\u00f4le pour l&rsquo;ensemble de la soci\u00e9t\u00e9.<\/p>\n<p>Culture, m\u00e9dias et divertissement<\/p>\n<p>INTERVIEW<\/p>\n<p><img decoding=\"async\" src=\"https:\/\/www.europesays.com\/fr\/wp-content\/uploads\/2025\/11\/revoir-paris-dc7f36-0@1x.jpeg\" alt=\"Virginie Efira dans &quot;Revoir Paris&quot;.\" loading=\"lazy\" importance=\"low\" fetchpriority=\"low\" class=\"\" aria-hidden=\"true\"\/>Publi\u00e9 le 11 novembre 2025 \u00e0 18h06&Prime;C&rsquo;\u00c9TAIT UNE HORREUR, ELLE LE RESTE\u00a0\u00bb13:46<\/p>\n<p>Pr\u00e9sident de la R\u00e9publique au moments des attentats, Fran\u00e7ois Hollande rend hommage aux victimes en partageant un funeste trombinoscope. \u00ab\u00a0C&rsquo;\u00e9tait une horreur. Elle le reste\u00a0\u00bb, \u00e9crit-il en r\u00e9f\u00e9rence \u00e0 son allocution le soir du 13-Novembre. \u00ab\u00a0Rien ne s&rsquo;oublie. Rien ne s&rsquo;efface. Le deuil, la douleur, les cicatrices, les images demeurent. Rendre hommage aux victimes est notre premier devoir.\u00a0\u00bb<\/p>\n<p>\u00ab\u00a0Je pense \u00e0 toutes ces vies fauch\u00e9es par le terrorisme islamiste le 13 novembre 2015. Aux rescap\u00e9s, qui vivent avec des blessures ind\u00e9l\u00e9biles que cette journ\u00e9e ravive. Aux proches, qui ont perdu ce jour-l\u00e0 un \u00eatre aim\u00e9 et dont le manque ne s&rsquo;efface jamais. Mais la m\u00e9moire n&rsquo;a de sens que si elle rappelle aux vivants leur obligation : d\u00e9fendre la libert\u00e9 et la d\u00e9mocratie\u00a0\u00bb, conclut l&rsquo;ex-chef de l&rsquo;\u00c9tat.<\/p>\n<blockquote data-testid=\"EmbedTwitter\" id=\"tweet-1988876372496789690-:R1pkp6b9apd6j979m:\" class=\"jsx-aeff1a1c40f54d7a twitter-tweet flex justify-center items-center\"><p>C\u2019\u00e9tait une horreur. Elle le reste. Rien ne s\u2019oublie. Rien ne s\u2019efface. Le deuil, la douleur, les cicatrices, les images demeurent. Rendre hommage aux victimes est notre premier devoir. Je pense \u00e0 toutes ces vies fauch\u00e9es par le terrorisme islamiste le 13 novembre 2015. Aux\u2026  pic.twitter.com\/cxeKrvC9js \u2014 Fran\u00e7ois Hollande (@fhollande)  November 13, 2025<\/p><\/blockquote>\n<p>HOMMAGE DEVANT LA BONNE BI\u00c8RE13:33<\/p>\n<p>Les c\u00e9r\u00e9monies \u00e0 proximit\u00e9 des terrasses se poursuivent, cette fois devant La Bonne Bi\u00e8re, dans le XIe arrondissement, o\u00f9 cinq personnes ont perdu la vie le soir du 13 novembre 2015. Philippe Duperron, pr\u00e9sident de l&rsquo;association \u00ab\u00a013Onze15\u00a0\u00bb, dont le fils Thomas est mort au Bataclan, et Arthur D\u00e9nouveaux, de \u00ab\u00a0Life for Paris\u00a0\u00bb, d\u00e9posent une gerbe de fleurs devant la plaque comm\u00e9morative.<\/p>\n<p>13-Novembre : hommage aux victimes de la Bonne Bi\u00e8reSource : TF1 Info<\/p>\n<p><img decoding=\"async\" src=\"https:\/\/www.europesays.com\/fr\/wp-content\/uploads\/2025\/11\/13-novembre-hommage-aux-victimes-de-la-bonne-biere-f2fd6c-0@1x.jpg\" alt=\"13-Novembre : hommage aux victimes de la Bonne Bi\u00e8re\" loading=\"lazy\" class=\"jsx-d0de44c05fe3042c PlayerLazyload__Image\"\/><img decoding=\"async\" src=\"https:\/\/www.tf1info.fr\/images\/icons\/player-logo-play.svg\" alt=\"Logo lecture\" class=\"jsx-d0de44c05fe3042c PlayerLazyload__Play\"\/>\u00ab\u00a0UNE NUIT QUI N&rsquo;A PAS DE COMPARAISON\u00a0\u00bb12:59<\/p>\n<p>L&rsquo;ancien m\u00e9decin-chef du Raid, Matthieu Langlois, a assur\u00e9 sur LCI que la nuit du 13 novembre 2015 n&rsquo;avait \u00ab\u00a0pas de comparaison dans le monde\u00a0\u00bb. \u00ab\u00a0Il faut chercher comment intervenir plus vite, comment s\u00e9curiser plus vite, comment rendre plus responsables les primo-intervenants\u00a0\u00bb, a-t-il expliqu\u00e9. Cette nuit-l\u00e0, 8 attentats \u00e9taient perp\u00e9tr\u00e9s en seulement 33 minutes dans les rues de Paris et de Saint-Denis.<\/p>\n<p>\u00ab\u00a0Une nuit tragique qui n&rsquo;a pas de comparaison dans le monde\u00a0\u00bb, assure sur LCI l&rsquo;ancien m\u00e9decin-chef du RAID, Matthieu LangloisSource : TF1 Info<\/p>\n<p><img decoding=\"async\" src=\"https:\/\/www.europesays.com\/fr\/wp-content\/uploads\/2025\/11\/une-nuit-tragique-qui-n-a-pas-de-comparaison-dans-le-monde-assure-sur-lci-l-ancien-medecin-chef-du-r.jpeg\" alt=\"&quot;Une nuit tragique qui n'a pas de comparaison dans le monde&quot;, assure sur LCI l'ancien m\u00e9decin-chef du RAID, Matthieu Langlois\" loading=\"lazy\" class=\"jsx-d0de44c05fe3042c PlayerLazyload__Image\"\/><img decoding=\"async\" src=\"https:\/\/www.tf1info.fr\/images\/icons\/player-logo-play.svg\" alt=\"Logo lecture\" class=\"jsx-d0de44c05fe3042c PlayerLazyload__Play\"\/>\u00ab\u00a0PAS UNE JOURN\u00c9E JOYEUSE\u00a0\u00bb12:38<\/p>\n<p>Les Bleus affrontent l&rsquo;Ukraine ce soir au Parc des Princes, dix ans jour pour jour apr\u00e8s les attentats \u00e0 proximit\u00e9 du Stade de France. \u00ab\u00a0On voulait avoir une pens\u00e9e pour toutes les personnes qui ont perdu leurs proches, qui ont pu \u00eatre touch\u00e9es, bless\u00e9es, que ce soit mentalement ou physiquement\u00a0\u00bb, a indiqu\u00e9 Kylian Mbapp\u00e9 \u00e0 la veille de la rencontre. \u00ab\u00a0On va essayer de mettre des sourires sur le visage des personnes qui vont venir au stade, m\u00eame si on sait que ce n&rsquo;est pas une journ\u00e9e joyeuse\u00a0\u00bb.<\/p>\n<p>Sujets de soci\u00e9t\u00e9<\/p>\n<p>VU SUR LCI<\/p>\n<p><img decoding=\"async\" src=\"https:\/\/www.europesays.com\/fr\/wp-content\/uploads\/2025\/11\/13-novembre-l-hommage-de-mbappe-aux-victimes-du-bataclan-37766b-0@1x.jpeg\" alt=\"13-Novembre  : &quot;On sait que ce n'est pas une journ\u00e9e joyeuse&quot;, Kylian Mbapp\u00e9 rend hommage aux victimes des attentats avant le match France-Ukraine\" loading=\"lazy\" importance=\"low\" fetchpriority=\"low\" class=\"\" aria-hidden=\"true\"\/>Publi\u00e9 aujourd&rsquo;hui \u00e0 11h51HOMMAGE DEVANT LE CARILLON ET LE PETIT CAMBODGE12:26<\/p>\n<p>Apr\u00e8s l&rsquo;hommage au Stade de France, la deuxi\u00e8me c\u00e9r\u00e9monie d&rsquo;hommage devant Le Carillon et Le Petit Cambodge, deux brasseries vis\u00e9es par les attaques terroristes, vient de se terminer. Le pr\u00e9sident Emmanuel Macron, la maire Anne Hidalgo, ainsi que Philippe Duperron, pr\u00e9sident de l&rsquo;association \u00ab\u00a013Onze15\u00a0\u00bb, et Arthur D\u00e9nouveaux, de \u00ab\u00a0Life for Paris\u00a0\u00bb, ont d\u00e9pos\u00e9 une gerbe devant les plaques comm\u00e9moratives. Une minute de silence a \u00e9galement \u00e9t\u00e9 respect\u00e9e.<\/p>\n<p>Deuxi\u00e8me c\u00e9r\u00e9monie de la journ\u00e9e de comm\u00e9moration devant Le Petit CambodgeSource : TF1 Info<\/p>\n<p><img decoding=\"async\" src=\"https:\/\/www.europesays.com\/fr\/wp-content\/uploads\/2025\/11\/deuxieme-ceremonie-de-la-journee-de-commemoration-devant-le-petit-cambodge-f8e759-0@1x.jpg\" alt=\"Deuxi\u00e8me c\u00e9r\u00e9monie de la journ\u00e9e de comm\u00e9moration devant Le Petit Cambodge\" loading=\"lazy\" class=\"jsx-d0de44c05fe3042c PlayerLazyload__Image\"\/><img decoding=\"async\" src=\"https:\/\/www.tf1info.fr\/images\/icons\/player-logo-play.svg\" alt=\"Logo lecture\" class=\"jsx-d0de44c05fe3042c PlayerLazyload__Play\"\/>LE 13-NOVEMBRE VU PAR L&rsquo;EX-PATRON DE LA BRI12:09<\/p>\n<p>Christophe Molmy dirigeait la BRI quand, le 13 novembre 2015, son unit\u00e9 d&rsquo;\u00e9lite est entr\u00e9e dans le Bataclan. Ces policiers d&rsquo;\u00e9lite se sont retrouv\u00e9s dans la salle de concert face aux terroristes. Dix ans apr\u00e8s, invit\u00e9 de Guillaume Farde, il raconte dans \u00ab\u00a0Int\u00e9rieur crime\u00a0\u00bb sur cet assaut h\u00e9ro\u00efque.<\/p>\n<p>Police, justice et faits divers<\/p>\n<p>PODCAST VIDEO<\/p>\n<p><img decoding=\"async\" src=\"https:\/\/www.europesays.com\/fr\/wp-content\/uploads\/2025\/11\/podcast-molmy-cb3b7d-0@1x.jpeg\" alt=\"Christophe Molmy, ancien patron de la BRI\" loading=\"lazy\" importance=\"low\" fetchpriority=\"low\" class=\"\" aria-hidden=\"true\"\/>Publi\u00e9 le 9 novembre 2025 \u00e0 9h00LES CLOCHES DE SAINT-DENIS VONT SONNER11:57<\/p>\n<p>Le maire PS de Saint-Denis, Mathieu Hanotin, a aussi pris la parole devant le Stade de France. \u00ab\u00a0Manuel Dias est le premier nom d&rsquo;une liste affreusement longue\u00a0\u00bb, a-t-il d\u00e9plor\u00e9. \u00ab\u00a0Le 13 novembre 2015, c&rsquo;\u00e9tait hier. Dix ans apr\u00e8s, la France pleure encore ses morts, mais elle tient bon. La peur n&rsquo;a pas pris le dessus.\u00a0\u00bb Il a annonc\u00e9 par ailleurs que les cloches de la basilique de Saint-Denis sonneront dans la soir\u00e9e que celles de Notre-Dame de Paris et des \u00e9glises parisiennes entre 17h57 et 18h02.\u00a0<\/p>\n<blockquote data-testid=\"EmbedTwitter\" id=\"tweet-1988924166976725341-:R1plh6b9apd6j979m:\" class=\"jsx-aeff1a1c40f54d7a twitter-tweet flex justify-center items-center\"><p>\ud83d\udd34 13-Novembre : l&rsquo;hommage au Stade de France  \ud83d\udde3\ufe0f\u00a0\u00bbLe soir du 13 novembre, c&rsquo;est notre pays tout entier qui, au travers du Stade de France, du Bataclan, des terrasses parisiennes, a \u00e9t\u00e9 cibl\u00e9 pour ce qu&rsquo;il incarne le mieux : la libert\u00e9, la ferveur et la joie\u00a0\u00bb :  @MathieuHanotin pic.twitter.com\/BznMEDqJhp \u2014 LCI (@LCI)  November 13, 2025<\/p><\/blockquote>\n<p>UNE MINUTE DE SILENCE AU STADE DE FRANCE11:53<\/p>\n<p>Une minute de silence a \u00e9t\u00e9 observ\u00e9e devant le Stade de France, avant le lancement d&rsquo;une Marseillaise. L&rsquo;hymne national marque la fin de la premi\u00e8re c\u00e9r\u00e9monie de comm\u00e9morations du 13-Novembre.<\/p>\n<p>13-novembre : minute de silence, hommage au Stade de FranceSource : TF1 Info<\/p>\n<p><img decoding=\"async\" src=\"https:\/\/www.europesays.com\/fr\/wp-content\/uploads\/2025\/11\/13-novembre-minute-de-silence-hommage-au-stade-de-france-e0a54d-0@1x.jpg\" alt=\"13-novembre : minute de silence, hommage au Stade de France\" loading=\"lazy\" class=\"jsx-d0de44c05fe3042c PlayerLazyload__Image\"\/><img decoding=\"async\" src=\"https:\/\/www.tf1info.fr\/images\/icons\/player-logo-play.svg\" alt=\"Logo lecture\" class=\"jsx-d0de44c05fe3042c PlayerLazyload__Play\"\/>\u00ab\u00a0LE DEVOIR DE M\u00c9MOIRE EST PR\u00c9CIEUX\u00a0\u00bb11:46<\/p>\n<p>\u00ab\u00a0On nous dit de tourner la page dix ans apr\u00e8s, mais l&rsquo;absence est immense, le choc est intact, et l&rsquo;incompr\u00e9hension r\u00e8gne toujours\u00a0\u00bb, poursuit Sophie Dias, la fille de la premi\u00e8re victime des attentats du 13-Novembre. \u00ab\u00a0Dix ans apr\u00e8s, j&rsquo;aimerais savoir pourquoi, j&rsquo;aimerais comprendre, j&rsquo;aimerais que ces attentats cessent, malheureusement, nous sommes impuissants. On ne peut accepter ces agissements \u00e0 r\u00e9p\u00e9tition, cette haine envers notre pays et notre peuple. Le devoir de m\u00e9moire est pr\u00e9cieux, puissions-nous sensibiliser les jeunes g\u00e9n\u00e9rations, leur transmettre les valeurs de notre R\u00e9publique, leur rappeler tous ces innocents tomb\u00e9s, comme mon papa, parti bien trop t\u00f4t, sans raison aucune.\u00a0\u00bb<\/p>\n<p>\u00ab\u00a0Que les comm\u00e9morations de cette tragique nuit du 13 novembre, qui d\u00e9butent ce matin au Stade de France, ne soient pas les derni\u00e8res. Que les g\u00e9n\u00e9rations \u00e0 venir l&rsquo;honorent, et qu&rsquo;elles perdurent dans le temps\u00a0\u00bb, demande la jeune femme. \u00ab\u00a0Que le site du Stade de France ne soit pas oubli\u00e9 dans les livres d&rsquo;histoire, que nos \u00e9coliers connaissent ce lieu o\u00f9 tout a commenc\u00e9. La m\u00e9moire de mon p\u00e8re vit \u00e0 travers chacun de nous, dans chaque geste de paix, dans chaque regard d&rsquo;amour. Puissions-nous ne jamais oublier, et continuer \u00e0 faire vivre ce qu&rsquo;il incarnait : le respect, la tendresse, l&rsquo;amour de son prochain et de la vie. Puissions-nous vivre dans un pays libre et serein.\u00a0\u00bb<\/p>\n<p>13-Novembre : hommage au stade de France, prise de parole de Sophie Dias, fille de Manuel Dias, premi\u00e8re victimeSource : TF1 Info<\/p>\n<p><img decoding=\"async\" src=\"https:\/\/www.europesays.com\/fr\/wp-content\/uploads\/2025\/11\/13-novembre-hommage-au-stade-de-france-prise-de-parole-de-sophie-dias-fille-de-manuel-dias-premiere-.jpeg\" alt=\"13-Novembre : hommage au stade de France, prise de parole de Sophie Dias, fille de Manuel Dias, premi\u00e8re victime\" loading=\"lazy\" class=\"jsx-d0de44c05fe3042c PlayerLazyload__Image\"\/><img decoding=\"async\" src=\"https:\/\/www.tf1info.fr\/images\/icons\/player-logo-play.svg\" alt=\"Logo lecture\" class=\"jsx-d0de44c05fe3042c PlayerLazyload__Play\"\/>\u00ab\u00a0MON P\u00c8RE AIMAIT LA VIE\u00a0\u00bb11:35<\/p>\n<p>Sophie, la fille de Manuel Dias, s&rsquo;exprime. \u00ab\u00a0Je prends la parole aujourd&rsquo;hui avec une \u00e9motion immense, celle d&rsquo;une fille, d&rsquo;un parent, d&rsquo;un fr\u00e8re, d&rsquo;une s\u0153ur, d&rsquo;un ami, d&rsquo;une personne \u00e0 qui l&rsquo;on a arrach\u00e9 quelqu&rsquo;un que l&rsquo;on aimait profond\u00e9ment. Depuis ce 13 novembre, il y a un vide qui ne se comble pas. Une absence qui p\u00e8se chaque matin et chaque soir depuis dix ans. Mais il y a aussi les souvenirs que rien ne pourra effacer. Mon p\u00e8re aimait la vie. Il croyait en la libert\u00e9, en la joie simple d&rsquo;\u00eatre ensemble, de partager des moments pr\u00e9cieux avec les siens et nous a inculqu\u00e9 les valeurs de la R\u00e9publique. C&rsquo;est cela que la haine a voulu d\u00e9truire. Mais c&rsquo;est cela justement que nous portons aujourd&rsquo;hui. Plus fort que tout, malgr\u00e9 la douleur, malgr\u00e9 l&rsquo;absence et ce trou b\u00e9ant, nous restons debout.\u00a0\u00bb<\/p>\n<p>\u00ab\u00a0Cette terrible nuit du 13 novembre, il nous a \u00e9t\u00e9 arrach\u00e9s, lui qui \u00e9tait passionn\u00e9 de foot, qui se faisait un plaisir de venir une fois de plus, dans le cadre de sa profession, dans ce Stade de France en effervescence, pour y d\u00e9poser des supporters. Ces appels fr\u00e9n\u00e9tiques toute la nuit, dans l&rsquo;espoir de le retrouver, restent grav\u00e9s \u00e0 jamais\u00a0\u00bb, assure la fille de Manuel Dias. \u00ab\u00a0Ces minces espoirs auxquels nous nous accrochions, apr\u00e8s chaque appel re\u00e7u, pour enfin avoir la confirmation le lendemain midi.\u00a0\u00bb<\/p>\n<p><img decoding=\"async\" src=\"https:\/\/www.europesays.com\/fr\/wp-content\/uploads\/2025\/11\/sophie-dias-91952e-1@1x.jpeg\" alt=\"AFP\" loading=\"lazy\" importance=\"low\" fetchpriority=\"low\" class=\"\"\/>AFPHOMMAGE AU STADE DE FRANCE11:31<\/p>\n<p>Les comm\u00e9morations des dix ans des attentats du 13-Novembre d\u00e9butent au Stade de France. Un hommage est rendu \u00e0 Manuel Dias, premi\u00e8re victime des terroristes lors de cette tragique soir\u00e9e.\u00a0<\/p>\n<p><img decoding=\"async\" src=\"https:\/\/www.europesays.com\/fr\/wp-content\/uploads\/2025\/11\/hommage-minute-de-silence-83aab6-0@1x.jpeg\" alt=\"AFP\" loading=\"lazy\" importance=\"low\" fetchpriority=\"low\" class=\"\"\/>AFPAU PLUS PR\u00c8S DES BLEUS10:53<\/p>\n<p>Le soir du 13 novembre 2015, l&rsquo;\u00e9quipe de France affrontait l&rsquo;Allemagne au Stade de France. Pour TF1info, Philippe Tournon, l&rsquo;ancien chef de presse des Bleus, se rem\u00e9more cette soir\u00e9e dramatique.<\/p>\n<p>Police, justice et faits divers<img decoding=\"async\" src=\"https:\/\/www.europesays.com\/fr\/wp-content\/uploads\/2025\/11\/stade-de-france-13-novembre-2015-france-allemagne-db11dd-0@1x.jpeg\" alt=\"&quot;J'en ai encore des frissons&quot; : le 13-Novembre au Stade de France racont\u00e9 par l'ancien chef de presse des Bleus\" loading=\"lazy\" importance=\"low\" fetchpriority=\"low\" class=\"\" aria-hidden=\"true\"\/>Publi\u00e9 aujourd&rsquo;hui \u00e0 8h40SOUS LE SIGNE DU SOUVENIR10:51<\/p>\n<p>La F\u00e9d\u00e9ration fran\u00e7aise de football (FFF) a d\u00e9voil\u00e9 le programme des comm\u00e9morations des attentats du 13-Novembre. Une minute de recueillement sera organis\u00e9e avant le coup d&rsquo;envoi de la rencontre France-Ukraine, programm\u00e9e dix ans apr\u00e8s les attaques terroristes qui ont meurtri la France.<\/p>\n<p>Sports<img decoding=\"async\" src=\"https:\/\/www.europesays.com\/fr\/wp-content\/uploads\/2025\/11\/fff-3-219c40-0@1x.jpeg\" alt=\"Le si\u00e8ge de la F\u00e9d\u00e9ration fran\u00e7aise de foot (FFF), \u00e0 Paris, le 13 mars 2021.\" loading=\"lazy\" importance=\"low\" fetchpriority=\"low\" class=\"\" aria-hidden=\"true\"\/>Publi\u00e9 le 7 novembre 2025 \u00e0 19h58<\/p>\n<p>Voir plus<\/p>\n<p>UN EX-OTAGE DU BATACLAN RACONTE10:49<\/p>\n<p>\u00ab\u00a0L&rsquo;id\u00e9e c&rsquo;\u00e9tait qu&rsquo;on meurt \u00e0 la fin\u00a0\u00bb, t\u00e9moigne sur LCI David Fritz Goeppinger, survivant du Bataclan, qui a \u00e9t\u00e9 retenu le soir du 13 novembre 2015 avec un petit groupe d&rsquo;une dizaine de personnes par deux des terroristes dans un couloir \u00e9troit de la salle de spectacle pendant plus de deux heures.<\/p>\n<p>13-novembre : un ex-otage du Bataclan t\u00e9moigneSource : TF1 Info<\/p>\n<p><img decoding=\"async\" src=\"https:\/\/www.europesays.com\/fr\/wp-content\/uploads\/2025\/11\/13-novembre-un-ex-otage-du-bataclan-temoigne-2cb606-0@1x.jpeg\" alt=\"13-novembre : un ex-otage du Bataclan t\u00e9moigne\" loading=\"lazy\" importance=\"low\" fetchpriority=\"low\" class=\"\"\/><img decoding=\"async\" src=\"https:\/\/www.tf1info.fr\/images\/icons\/player-logo-play.svg\" alt=\"Logo lecture\" class=\"jsx-d0de44c05fe3042c PlayerLazyload__Play\"\/>PREMIERS HOMMAGES \u00c0 PARIS10:44<\/p>\n<p>Les Parisiennes et Parisiens se recueillent dans le silence depuis ce matin sur la place de la R\u00e9publique. \u00ab\u00a0C&rsquo;est toujours hyper important de se souvenir et de montrer qu&rsquo;on est vivant, qu&rsquo;on est l\u00e0 et qu&rsquo;on n&rsquo;oublie pas\u00a0\u00bb, t\u00e9moigne une jeune femme au micro de LCI. \u00ab\u00a0L&rsquo;\u00e9motion est la m\u00eame (qu&rsquo;en 2015, ndlr). C&rsquo;est quelque chose auquel je pense encore. J&rsquo;en fais des cauchemars.\u00a0\u00bb<\/p>\n<p>13-novembre : premiers hommages \u00e0 R\u00e9publiqueSource : TF1 Info<\/p>\n<p><img decoding=\"async\" src=\"https:\/\/www.europesays.com\/fr\/wp-content\/uploads\/2025\/11\/13-novembre-premiers-hommages-a-republique-5c1fa5-0@1x.jpeg\" alt=\"13-novembre : premiers hommages \u00e0 R\u00e9publique\" loading=\"lazy\" importance=\"low\" fetchpriority=\"low\" class=\"\"\/><img decoding=\"async\" src=\"https:\/\/www.tf1info.fr\/images\/icons\/player-logo-play.svg\" alt=\"Logo lecture\" class=\"jsx-d0de44c05fe3042c PlayerLazyload__Play\"\/>INTERVIEW10:36<\/p>\n<p>Premier ministre le soir des attentats du 13-Novembre, Manuel Valls a assur\u00e9 sur TF1 \u00ab\u00a0ne pas croire\u00a0\u00bb \u00e0 la d\u00e9radicalisation de Salah Abdeslam. \u00ab\u00a0Il n&rsquo;y a pas un compromis possible\u00a0\u00bb avec les terroristes islamistes.<\/p>\n<p>Politique<img decoding=\"async\" src=\"https:\/\/www.europesays.com\/fr\/wp-content\/uploads\/2025\/11\/manuel-valls-bonjour-tf1-9cd2ba-0@1x.jpeg\" alt=\"13-Novembre : sur TF1, l'ancien Premier ministre Manuel Valls &quot;ne croit pas&quot; \u00e0 la d\u00e9radicalisation de Salah Abdeslam\" loading=\"lazy\" importance=\"low\" fetchpriority=\"low\" class=\"\" aria-hidden=\"true\"\/>Publi\u00e9 aujourd&rsquo;hui \u00e0 9h50LE D\u00c9ROUL\u00c9 DES COMM\u00c9MORATIONS, MINUTE PAR MINUTE10:35<\/p>\n<p>Les comm\u00e9morations des dix ans du 13-Novembre commenceront \u00e0 <strong>11h30<\/strong> avec un hommage \u00e0 Manuel Dias, la seule personne tu\u00e9e pr\u00e8s du Stade de France. Vers <strong>12h30<\/strong>, seront lues des plaques comm\u00e9moratives devant les bars Le Carillon et le Petit Cambodge, dans le Xe arrondissement de Paris, o\u00f9 13 vies furent vol\u00e9es. Vers <strong>13h<\/strong>, en m\u00e9moire des cinq victimes de La Bonne Bi\u00e8re dans le XIe, une minute de silence sera respect\u00e9e, puis vers <strong>13h30<\/strong>, devant l&rsquo;ancien Comptoir Voltaire.\u00a0<\/p>\n<p>Vers <strong>13h50<\/strong>, des gerbes seront d\u00e9pos\u00e9es devant La Belle \u00c9quipe, o\u00f9 21 vies furent fauch\u00e9es puis vers <strong>14h30<\/strong> devant le Bataclan, o\u00f9 90 personnes furent assassin\u00e9es par les terroristes. \u00c0 partir de <strong>18h<\/strong>, le fil rouge de la c\u00e9r\u00e9monie au jardin m\u00e9moriel du 13 novembre 2015, diffus\u00e9e en direct sur TF1 et LCI, sera la musique, avec un requiem du compositeur Victor Le Masne, jou\u00e9 devant 1.500 invit\u00e9s. \u00a0<\/p>\n<p>LA STATION DE M\u00c9TRO R\u00c9PUBLIQUE FERM\u00c9E10:32<\/p>\n<p>La station de m\u00e9tro R\u00e9publique est ferm\u00e9e sur les lignes 3, 5, 8, 9 et 11 depuis 10h \u00ab\u00a0sur ordre de la pr\u00e9fecture de police\u00a0\u00bb en raison des comm\u00e9morations des dix ans du 13-Novembre. La station H\u00f4tel de ville sur la ligne 1 fermera aussi \u00e0 13h30, quelques heures avant le d\u00e9but de la grande c\u00e9r\u00e9monie.<\/p>\n<blockquote data-testid=\"EmbedTwitter\" id=\"tweet-1988683333048344734-:Rsol6j9apd6j979m:\" class=\"jsx-aeff1a1c40f54d7a twitter-tweet flex justify-center items-center\"><p>\ud83d\udce2\u26d4\ufe0f En raison d&rsquo;une comm\u00e9moration et sur ordre de la Pr\u00e9fecture de Police, la station R\u00e9publique sera ferm\u00e9e \u00e0 10h. Les trains ne marqueront pas l&rsquo;arr\u00eat, les correspondances ne seront pas assur\u00e9es. La r\u00e9ouverture interviendra sur autorisation de la  @prefpolice .  #Ligne8 #RATP \u2014 Ligne 8 (@Ligne8_RATP)  November 12, 2025<\/p><\/blockquote>\n<p>\u00ab\u00a0GROS DISPOSITIF DE S\u00c9CURIT\u00c9\u00a0\u00bb POUR FRANCE-UKRAINE09:50<\/p>\n<p>La rencontre France-Ukraine, programm\u00e9e ce soir au Parc des Princes et comptant pour les \u00e9liminatoires \u00e0 la Coupe du monde 2026, se jouera avec \u00ab\u00a0un gros dispositif de s\u00e9curit\u00e9\u00a0\u00bb, annonce jeudi sur BFMTV le ministre de l&rsquo;Int\u00e9rieur, Laurent Nu\u00f1ez. \u00ab\u00a0Que ce match se d\u00e9roule aujourd&rsquo;hui, c&rsquo;est un symbole fort. On continue \u00e0 exister, \u00e0 vivre. Nous ne sommes pas atteints par les actes terroristes.\u00a0\u00bb<\/p>\n<blockquote data-testid=\"EmbedTwitter\" id=\"tweet-1988877440429507051-:Rsop6j9apd6j979m:\" class=\"jsx-aeff1a1c40f54d7a twitter-tweet flex justify-center items-center\"><p>Match de l&rsquo;\u00c9quipe de France au Parc des Princes: \u00ab\u00a0Il y a un gros dispositif de s\u00e9curit\u00e9\u00a0\u00bb, affirme Laurent Nu\u00f1ez, ministre de l\u2019Int\u00e9rieur  pic.twitter.com\/XrOljVCnNY \u2014 BFMTV (@BFMTV)  November 13, 2025<\/p><\/blockquote>\n<p>\u00ab\u00a0SIX ATTENTATS\u00a0\u00bb D\u00c9JOU\u00c9S EN 202509:49<\/p>\n<p>La menace est \u00ab\u00a0toujours tr\u00e8s \u00e9lev\u00e9e\u00a0\u00bb, indique jeudi sur BFMTV le ministre de l&rsquo;Int\u00e9rieur, Laurent Nu\u00f1ez. \u00ab\u00a0Le type d\u2019attaque comme on a connu il y a dix ans est moins probable, n\u00e9anmoins la menace reste toujours tr\u00e8s endog\u00e8ne, avec des individus pr\u00e9sents sur le territoire national qui se radicalisent.\u00a0\u00bb Il annonce par ailleurs que \u00ab\u00a0six attentats\u00a0\u00bb ont \u00e9t\u00e9 d\u00e9jou\u00e9s depuis le d\u00e9but de l&rsquo;ann\u00e9e.<\/p>\n<p>\u00ab\u00a0LA MENACE EST PRINCIPALEMENT JIHADISTE\u00a0\u00bb09:47<\/p>\n<p>\u00ab\u00a0La menace aujourd&rsquo;hui est principalement marqu\u00e9e par la menace jihadiste\u00a0\u00bb, assure jeudi sur BFMTV le procureur national antiterroriste, Olivier Christen, dix ans apr\u00e8s les attentats du 13-Novembre. \u00ab\u00a0Ce qui doit \u00eatre relev\u00e9, c&rsquo;est que cette menace a profond\u00e9ment \u00e9volu\u00e9\u00a0\u00bb sur les dix derni\u00e8res ann\u00e9es. \u00ab\u00a0Pilot\u00e9e depuis la Syrie\u00a0\u00bb, la menace est d\u00e9sormais \u00ab\u00a0endog\u00e8ne, ce qui veut dire int\u00e9rieure\u00a0\u00bb.\u00a0<\/p>\n<blockquote data-testid=\"EmbedTwitter\" id=\"tweet-1988881003436281894-:Rsp16j9apd6j979m:\" class=\"jsx-aeff1a1c40f54d7a twitter-tweet flex justify-center items-center\"><p>Terrorisme: \u00ab\u00a0La menace aujourd&rsquo;hui est principalement jihadiste\u00a0\u00bb, assure Olivier Christen, procureur national antiterroriste  pic.twitter.com\/Zaq0DRgBNO \u2014 BFMTV (@BFMTV)  November 13, 2025<\/p><\/blockquote>\n<p>LE CHANTEUR D&rsquo;EAGLES OF DEATH METAL SE CONFIE \u00c0 TF109:13<\/p>\n<p>\u00ab\u00a090 personnes ont donn\u00e9 leur vie pour voir mon spectacle. (&#8230;) J&rsquo;y pense tous les jours\u00a0\u00bb, raconte au micro de TF1 Jesse Hughes, le chanteur du groupe am\u00e9ricain Eagles of Death Metal. \u00ab\u00a0Ce ne sont pas des victimes, mais des guerriers du rock&rsquo;n&rsquo;roll.\u00a0\u00bb En fuyant la sc\u00e8ne, il reconna\u00eet avoir eu \u00ab\u00a0des sentiments mitig\u00e9s\u00a0\u00bb. \u00ab\u00a0J&rsquo;avais l&rsquo;impression d&rsquo;abandonner les gens\u00a0\u00bb, confie-t-il, \u00e9mu aux larmes.<\/p>\n<p>13-Novembre : le chanteur des Eagles of Death Metal sur TF1Source : TF1 Info<\/p>\n<p><img decoding=\"async\" src=\"https:\/\/www.europesays.com\/fr\/wp-content\/uploads\/2025\/11\/13-novembre-le-chanteur-des-eagles-of-death-metal-sur-tf1-951c65-0@1x.jpeg\" alt=\"13-Novembre : le chanteur des Eagles of Death Metal sur TF1\" loading=\"lazy\" importance=\"low\" fetchpriority=\"low\" class=\"\"\/><img decoding=\"async\" src=\"https:\/\/www.tf1info.fr\/images\/icons\/player-logo-play.svg\" alt=\"Logo lecture\" class=\"jsx-d0de44c05fe3042c PlayerLazyload__Play\"\/>AU COEUR DU DRAME MALGR\u00c9 EUX09:08<\/p>\n<p>Le groupe am\u00e9ricain Eagles of Death Metal se produisait au Bataclan lorsque les terroristes ont ouvert le feu le 13 novembre 2015. Un membre de l&rsquo;\u00e9quipe, responsable du merchandising, fera partie des 90 spectateurs tu\u00e9s ce soir-l\u00e0. Le chanteur Jesse Hughes, personnage \u00f4 combien controvers\u00e9 qui a assist\u00e9 \u00e0 l&rsquo;horreur aux premi\u00e8res loges, participera aux comm\u00e9morations organis\u00e9es \u00e0 Paris.<\/p>\n<p>Culture, m\u00e9dias et divertissement<img decoding=\"async\" src=\"https:\/\/www.europesays.com\/fr\/wp-content\/uploads\/2025\/11\/jesse-hughes-1-8c2f5a-0@1x.jpeg\" alt=\"Que sont devenus les Eagles of Death Metal, le groupe qui jouait au Bataclan le 13-novembre ?\" loading=\"lazy\" importance=\"low\" fetchpriority=\"low\" class=\"\" aria-hidden=\"true\"\/>Publi\u00e9 aujourd&rsquo;hui \u00e0 9h09LA FRANCE \u00ab\u00a0CERTAINEMENT\u00a0\u00bb MIEUX ARM\u00c9E QU&rsquo;EN 201508:34<\/p>\n<p>La France est aujourd&rsquo;hui \u00ab\u00a0certainement\u00a0\u00bb mieux arm\u00e9e pour lutter contre le terrorisme que lors du 13-Novembre. \u00ab\u00a0Ce qui ne veut pas dire pour autant qu&rsquo;elle est \u00e0 l&rsquo;abri\u00a0\u00bb, temp\u00e8re jeudi sur RFI Fran\u00e7ois Molins, procureur de la R\u00e9publique de Paris au moment des attentats du 13-Novembre. \u00ab\u00a0Comme je dis toujours, le risque z\u00e9ro en mati\u00e8re de terrorisme n&rsquo;existe pas. La menace est toujours l\u00e0.\u00a0\u00bb<\/p>\n<p>Aujourd&rsquo;hui, \u00ab\u00a0le danger vient quand m\u00eame beaucoup des nouveaux radicalis\u00e9s qui se sont radicalis\u00e9s \u00e0 vitesse grand V. Qui ne sont pas forc\u00e9ment suivis par les services de renseignement, donc sont un peu sous les radars et qu&rsquo;il faut d\u00e9tecter\u00a0\u00bb, affirme-t-il, \u00e9voquant une menace \u00ab\u00a0inspir\u00e9e\u00a0\u00bb.<\/p>\n<p>INTERVIEW08:30<\/p>\n<p>Rescap\u00e9 du 13-Novembre, Arthur D\u00e9nouveaux publie \u00ab\u00a0Vivre apr\u00e8s le Bataclan\u00a0\u00bb, o\u00f9 il dresse un portrait de la France \u00ab\u00a0qui a pr\u00e9f\u00e9r\u00e9 la minute de silence \u00e0 l&rsquo;heure des r\u00e9flexions\u00a0\u00bb. Le pr\u00e9sident de l&rsquo;association \u00ab\u00a0Life for Paris\u00a0\u00bb, qui s&rsquo;appr\u00eate \u00e0 s\u2019autodissoudre, a confi\u00e9 \u00e0 TF1info ce qu&rsquo;il attend des comm\u00e9morations.<\/p>\n<p>Sujets de soci\u00e9t\u00e9<\/p>\n<p>INTERVIEW<\/p>\n<p><img decoding=\"async\" src=\"https:\/\/www.europesays.com\/fr\/wp-content\/uploads\/2025\/11\/arthur-denouveaux-3e7c10-2@1x.jpeg\" alt=\"13-Novembre : Arthur D\u00e9nouveaux dissout &quot;Life for Paris&quot; pour &quot;\u00eatre un passeur de m\u00e9moire et non plus une victime&quot;\" loading=\"lazy\" importance=\"low\" fetchpriority=\"low\" class=\"\" aria-hidden=\"true\"\/>\u00ab\u00a0LES TERRORISTES N&rsquo;ONT PAS GAGN\u00c9 CE SOIR-L\u00c0\u00a0\u00bb08:24<\/p>\n<p>\u00ab\u00a0Les terroristes n&rsquo;ont pas gagn\u00e9 ce soir-l\u00e0, et c&rsquo;est le message que l&rsquo;on veut faire passer\u00a0\u00bb, assure jeudi sur RMC Arthur D\u00e9nouveaux, rescap\u00e9 du Bataclan et pr\u00e9sident de l&rsquo;association \u00ab\u00a0Life for Paris\u00a0\u00bb. \u00ab\u00a0Soyons tous ensemble, c\u00e9l\u00e9brons nos morts mais aussi la force de notre R\u00e9publique et de notre culture.\u00a0\u00bb<\/p>\n<blockquote data-testid=\"EmbedTwitter\" id=\"tweet-1988861672950239622-:Rspl6j9apd6j979m:\" class=\"jsx-aeff1a1c40f54d7a twitter-tweet flex justify-center items-center\"><p>\ud83d\udd34 13 novembre : comm\u00e9moration des 10 ans des attentats \ud83c\udf99\ufe0f \u00ab\u00a0Les terroristes n&rsquo;ont pas gagn\u00e9 ce soir-l\u00e0\u00a0\u00bb, affirme Arthur D\u00e9nouveaux, pr\u00e9sident de l\u2019association \u00ab\u00a0Life for Paris\u00a0\u00bb #ApollineMatin pic.twitter.com\/4zxhiUiXKJ \u2014 RMC (@RMCInfo)  November 13, 2025<\/p><\/blockquote>\n<p>\u00ab\u00a0LA SID\u00c9RATION PUISSANCE DIX\u00a0\u00bb08:21<\/p>\n<p>\u00ab\u00a0C&rsquo;est la sid\u00e9ration puissance dix. Je n&rsquo;arrive pas \u00e0 croire \u00e0 ce que je vois\u00a0\u00bb, raconte jeudi sur RFI Fran\u00e7ois Molins, procureur de la R\u00e9publique de Paris au moment des attentats du 13-Novembre. Entr\u00e9 \u00e0 trois reprises au Bataclan, \u00ab\u00a0dans une forme de d\u00e9ni\u00a0\u00bb, il se souvient de \u00ab\u00a0corps emm\u00eal\u00e9s les uns aux autres\u00a0\u00bb. Le magistrat garde en t\u00eate \u00ab\u00a0l&rsquo;image de cette dame, coup\u00e9 au carr\u00e9, les cheveux un peu cendr\u00e9s, dont la t\u00eate reposait sur un t\u00eate \u00e0 main dans lequel un t\u00e9l\u00e9phonait portable qui sonnait, qui sonnait, qui sonnait.\u00a0\u00bb<\/p>\n<blockquote data-testid=\"EmbedTwitter\" id=\"tweet-1988862809690509463-:Rspp6j9apd6j979m:\" class=\"jsx-aeff1a1c40f54d7a twitter-tweet flex justify-center items-center\"><p>\ud83c\uddeb\ud83c\uddf7Dix ans apr\u00e8s les attentats du 13 novembre 2015 \u00e0 Paris et Saint-Denis, l&rsquo;ancien Procureur de la R\u00e9publique de Paris, Fran\u00e7ois Molins, est l&rsquo;invit\u00e9 d&rsquo; @ArnaudPontusRFI @InviteMatinRFI . Il se souvient de cette soir\u00e9e, de sa sid\u00e9ration face aux attaques terroristes. \u27a1\ufe0fEntretien  pic.twitter.com\/KWMuthbTJX \u2014 RFI (@RFI)  November 13, 2025<\/p><\/blockquote>\n<p> \u00ab\u00a0NOS VIES ONT CHANG\u00c9\u00a0\u00bb08:04<\/p>\n<p>\u00ab\u00a0\u00c7a a chang\u00e9 nos vies vraiment. (&#8230;) On a plong\u00e9 dans un monde qui n&rsquo;\u00e9tait pas le n\u00f4tre, et sans doute pour Paris de perdre de sa l\u00e9g\u00e8ret\u00e9. Les terroristes ont voulu attaquer cette culture de la joie, de la f\u00eate, du m\u00e9lange, du partage et de la musique. Ils vont voulu nous faire perdre tout \u00e7a, mais on a reconstruit avec une forme de gravit\u00e9 mais en sachant o\u00f9 \u00e9tait l&rsquo;essentiel et l&rsquo;accessoire\u00a0\u00bb, explique jeudi sur RTL la maire de Paris Anne Hidalgo, encore marqu\u00e9e par ce 13-Novembre. \u00ab\u00a0Je n&rsquo;arrive plus \u00e0 passer dans ces lieux sans revoir cette nuit-l\u00e0 aujourd&rsquo;hui encore. Je les vois \u00e0 travers un filtre de cette nuit terrible.\u00a0\u00bb<\/p>\n<blockquote data-testid=\"EmbedTwitter\" id=\"tweet-1988861619506389161-:Rspt6j9apd6j979m:\" class=\"jsx-aeff1a1c40f54d7a twitter-tweet flex justify-center items-center\"><p>Dix ans apr\u00e8s les attentats du 13-Novembre : \u00ab\u00a0Nos vies ont chang\u00e9\u00a0\u00bb @Anne_Hidalgo , maire de Paris, invit\u00e9e de  @ThomasSotto dans  #RTLMatin pic.twitter.com\/fwinoybCiK \u2014 RTL France (@RTLFrance)  November 13, 2025<\/p><\/blockquote>\n<p>VALLS FIXE \u00ab\u00a0UNE GRANDE PRIORIT\u00c9\u00a0\u00bb07:57<\/p>\n<p>\u00ab\u00a0La menace ext\u00e9rieure est toujours pr\u00e9sente\u00a0\u00bb, souligne jeudi Manuel Valls, Premier ministre au moment des attentats du 13-Novembre, invit\u00e9 de \u00ab\u00a0Bonjour ! La Matinale TF1\u00a0\u00bb. \u00ab\u00a0Mais il y a des ennemis ext\u00e9rieurs et int\u00e9rieurs. Evidemment, c&rsquo;est cette menace qui est la plus importante. Ce qui veut dire que la lutte contre l&rsquo;islamisme, l&rsquo;islam politique, les fr\u00e8res musulmans, le salafisme, \u00e7a doit \u00eatre une grande priorit\u00e9.\u00a0\u00bb<\/p>\n<blockquote data-testid=\"EmbedTwitter\" id=\"tweet-1988862354524696966-:Rsq16j9apd6j979m:\" class=\"jsx-aeff1a1c40f54d7a twitter-tweet flex justify-center items-center\"><p>Attentats du 13-Novembre : \u00ab\u00a0La menace ext\u00e9rieure est toujours pr\u00e9sente (&#8230;) La lutte contre l&rsquo;islamisme, l&rsquo;islam politique, les fr\u00e8res musulmans, le salafisme, \u00e7a doit \u00eatre une grande priorit\u00e9\u00a0\u00bb : Manuel Valls \ud83d\udcfa  #EnTouteFranchise avec  @agindre pic.twitter.com\/eL6l3Xh7sz \u2014 TF1Info (@TF1Info)  November 13, 2025<\/p><\/blockquote>\n<p>\u00ab\u00a0LA MENACE EST TOUJOURS PR\u00c9SENTE\u00a0\u00bb07:53<\/p>\n<p>\u00ab\u00a0La menace est toujours tr\u00e8s pr\u00e9sente\u00a0\u00bb, assure jeudi Manuel Valls, Premier ministre au moment des attentats du 13-Novembre, invit\u00e9 de \u00ab\u00a0Bonjour ! La Matinale TF1\u00a0\u00bb. \u00ab\u00a0Les services de renseignement (&#8230;) sont dot\u00e9s, \u00e9videmment il faut continuer \u00e0 leur donner des moyens, et surtout \u00e0 s&rsquo;adapter notamment \u00e0 la r\u00e9alit\u00e9 du num\u00e9rique, des r\u00e9seaux sociaux. La coop\u00e9ration europ\u00e9enne et internationale est tout \u00e0 fait essentielle. Nous avons un arsenal juridique puissant. Mais il faut continuer \u00e0 faire ce travail.\u00a0\u00bb<\/p>\n<p>\u00ab\u00a0LE 13-NOVEMBRE, ON ATTAQUE UN MODE DE VIE\u00a0\u00bb07:51<\/p>\n<p>\u00ab\u00a0En g\u00e9n\u00e9ral, concernant l&rsquo;islamisme, notamment face \u00e0 des hommes ou des femmes qui ont particip\u00e9 \u00e0 de tels actes, je ne crois pas \u00e0 la d\u00e9radicalisation. C&rsquo;est une id\u00e9ologie de haine, il n&rsquo;y pas de n\u00e9gociation, il n&rsquo;y a pas un compromis possible. Ils veulent nous d\u00e9truire\u00a0\u00bb, estime jeudi Manuel Valls, Premier ministre au moment des attentats du 13-Novembre, invit\u00e9 de \u00ab\u00a0Bonjour ! La Matinale TF1\u00a0\u00bb. \u00ab\u00a0Le 13-Novembre, on attaque un mode de vie, une civilisation, le plaisir d&rsquo;\u00eatre sur une terrasse de caf\u00e9, d&rsquo;aller \u00e0 un concert ou un match de foot. C&rsquo;est \u00e7a qu&rsquo;on a voulu attaquer. On a voulu terroriser la population et la jeunesse.\u00a0\u00bb<\/p>\n<blockquote data-testid=\"EmbedTwitter\" id=\"tweet-1988861075895234888-:Rsq96j9apd6j979m:\" class=\"jsx-aeff1a1c40f54d7a twitter-tweet flex justify-center items-center\"><p>Attentats du 13-Novembre : \u00ab\u00a0En g\u00e9n\u00e9ral, concernant l&rsquo;islamisme, notamment face \u00e0 des hommes ou des femmes qui ont particip\u00e9 \u00e0 de tels actes, je ne crois pas \u00e0 la d\u00e9radicalisation (&#8230;) Ils veulent nous d\u00e9truire\u00a0\u00bb : Manuel Valls \ud83d\udcfa  #EnTouteFranchise avec  @agindre pic.twitter.com\/kg9995kewl \u2014 TF1Info (@TF1Info)  November 13, 2025<\/p><\/blockquote>\n<p>VALLS \u00ab\u00a0SE RAPPELLE DE CHAQUE MINUTE\u00a0\u00bb07:45<\/p>\n<p>\u00ab\u00a0Je me rappelle\u00a0de chaque instant, de chaque minute, comme si d&rsquo;ailleurs ma m\u00e9moire ne voulait pas et ne pouvait pas effacer ces moments, et d&rsquo;ailleurs je ne veux pas oublier ces moments qui ont \u00e9t\u00e9 importants pour les victimes, on se souvient beaucoup d&rsquo;elles, et pour la France\u00a0\u00bb, affirme jeudi Manuel Valls, Premier ministre au moment des attentats du 13-Novembre, invit\u00e9 de \u00ab\u00a0Bonjour ! La Matinale TF1\u00a0\u00bb.\u00a0<\/p>\n<p>\u00ab\u00a0J&rsquo;\u00e9tais \u00e0 mon domicile quand le pr\u00e9sident de la R\u00e9publique m&rsquo;a appel\u00e9 en disant qu&rsquo;il y a eu deux explosions, et que c&rsquo;\u00e9tait s\u00fbrement, notamment la deuxi\u00e8me, une bombe qui avait explos\u00e9 \u00e0 l&rsquo;ext\u00e9rieur du (Stade de France). J&rsquo;ai allum\u00e9 \u00e0 ce moment-l\u00e0 la t\u00e9l\u00e9vision, le match\u00a0se poursuivait mais je n&rsquo;imaginais pas encore que nous allions conna\u00eetre un attentat\u00a0\u00bb, avoue l&rsquo;ancien chef du gouvernement. \u00ab\u00a0Un de vos confr\u00e8res, qui habitait en face de La Belle \u00c9quipe, m&rsquo;a appel\u00e9 en me disant : \u00ab\u00a0Manuel, \u00e7a tire \u00e0 la kalachnikov, il y a des gens par terre.\u00a0\u00bb \u00c0 ce moment-l\u00e0, j&rsquo;ai compris \u00e0 la seconde que nous faisions face cette attaque multisites, sans imaginer l&rsquo;ampleur \u00e9videmment, que nous craignions.\u00a0\u00bb<\/p>\n<p>07:39<\/p>\n<blockquote data-testid=\"EmbedTwitter\" id=\"tweet-1988854359484973395-:Rsqh6j9apd6j979m:\" class=\"jsx-aeff1a1c40f54d7a twitter-tweet flex justify-center items-center\"><p>\ud83d\udd34 \ud835\udc00\u0300 \ud835\udc2c\ud835\udc2e\ud835\udc22\ud835\udc2f\ud835\udc2b\ud835\udc1e \ud83d\udde3\ufe0f L&rsquo;invit\u00e9 d&rsquo;\ud835\udc04\ud835\udc27 \ud835\udc13\ud835\udc28\ud835\udc2e\ud835\udc2d\ud835\udc1e \ud835\udc05\ud835\udc2b\ud835\udc1a\ud835\udc27\ud835\udc1c\ud835\udc21\ud835\udc22\ud835\udc2c\ud835\udc1e avec \ud835\udc00\ud835\udc1d\ud835\udc2b\ud835\udc22\ud835\udc1e\ud835\udc27 \ud835\udc06\ud835\udc22\ud835\udc27\ud835\udc1d\ud835\udc2b\ud835\udc1e ( @agindre ) est \ud835\udc0c\ud835\udc1a\ud835\udc27\ud835\udc2e\ud835\udc1e\ud835\udc25 \ud835\udc15\ud835\udc1a\ud835\udc25\ud835\udc25\ud835\udc2c, ancien Premier ministre \u23f0  #EnTouteFranchise : d\u00e8s 7h35 dans  #BonjourLaMatinaleTF1 pic.twitter.com\/umxS6KKpse \u2014 TF1Info (@TF1Info)  November 13, 2025<\/p><\/blockquote>\n<p>TF1 ET LCI COMM\u00c9MORENT LE 13-NOVEMBRE07:19<\/p>\n<p>\u00c0 partir de 17h30, TF1 et LCI se mobilisent pour comm\u00e9morer les dix ans des attentats qui ont boulevers\u00e9 la France. Les \u00e9quipes de la r\u00e9daction vous feront vivre en direct les comm\u00e9morations qui auront lieu au \u00ab\u00a0jardin du 13 novembre 2015\u00a0\u00bb en plein c\u0153ur de Paris. Une \u00e9mission sp\u00e9ciale \u00e0 suivre en direct sur TF1, LCI, TF1info, en streaming sur TF1+ ainsi que sur les r\u00e9seaux sociaux YouTube et X.<\/p>\n<p>Culture, m\u00e9dias et divertissement<img decoding=\"async\" src=\"https:\/\/www.europesays.com\/fr\/wp-content\/uploads\/2025\/11\/jardin-memoriel-13-novembre-526a30-1@1x.jpeg\" alt=\"Le jardin m\u00e9moriel de la place Saint-Gervais, un lieu de recueillement \u00e0 la m\u00e9moire des victimes du 13 novembre 2015.\" loading=\"lazy\" importance=\"low\" fetchpriority=\"low\" class=\"\" aria-hidden=\"true\"\/>Publi\u00e9 aujourd&rsquo;hui \u00e0 9h24INTERVIEW07:17<\/p>\n<p>Dans ce jardin m\u00e9moriel aura lieu la grande c\u00e9r\u00e9monie qui cl\u00f4turera cette journ\u00e9e de comm\u00e9morations des dix ans du 13-Novembre. Thierry Reboul, ancien directeur artistique de Paris 2024, sera aux manettes. Il a souhait\u00e9 un hommage \u00ab\u00a0sobre et spectaculaire\u00a0\u00bb, comme il l&rsquo;a confi\u00e9 \u00e0 TF1info.<\/p>\n<p>Sujets de soci\u00e9t\u00e9<img decoding=\"async\" src=\"https:\/\/www.europesays.com\/fr\/wp-content\/uploads\/2025\/11\/jardin-du-13-novembre-e08ba2-0@1x.jpeg\" alt=\"Dix ans des attentats du 13-Novembre : la grande c\u00e9r\u00e9monie d'hommage, &quot;un moment d'union collectif&quot;\" loading=\"lazy\" importance=\"low\" fetchpriority=\"low\" class=\"\" aria-hidden=\"true\"\/>Publi\u00e9 aujourd&rsquo;hui \u00e0 8h41POUR NE JAMAIS OUBLIER07:14<\/p>\n<p>Emmanuel Macron va inaugurer dans la soir\u00e9e le \u00ab\u00a0jardin du 13 novembre 2015\u00a0\u00bb, un site m\u00e9moriel, am\u00e9nag\u00e9 sur la place Saint-Gervais, devant l&rsquo;\u00e9glise \u00e9ponyme qui fait face \u00e0 l&rsquo;H\u00f4tel de Ville. Ouvert au public depuis le printemps 2025, il se veut un \u00ab\u00a0lieu de recueillement\u00a0\u00bb \u00e0 la m\u00e9moire des victimes du 13-Novembre, mais \u00e9galement un \u00ab\u00a0oasis de calme et d\u2019apaisement en hommage \u00e0 la vie et \u00e0 la r\u00e9silience\u00a0\u00bb.<\/p>\n<p>Sujets de soci\u00e9t\u00e9<img decoding=\"async\" src=\"https:\/\/www.europesays.com\/fr\/wp-content\/uploads\/2025\/11\/jardin-du-13-novembre-2015-79f037-0@1x.jpeg\" alt=\"Ouvert au public depuis le printemps 2025, le jardin sera officiellement inaugur\u00e9 ce jeudi 13 novembre, en pr\u00e9sence d'Emmanuel Macron.\" loading=\"lazy\" importance=\"low\" fetchpriority=\"low\" class=\"\" aria-hidden=\"true\"\/>LE 13-NOVEMBRE VU PAR L&rsquo;EX-PATRON DE LA BRI07:05<\/p>\n<p>Christophe Molmy dirigeait la BRI quand, le 13 novembre 2015, son unit\u00e9 d&rsquo;\u00e9lite est entr\u00e9e dans le Bataclan. Ces policiers d&rsquo;\u00e9lite se sont retrouv\u00e9s dans la salle de concert face aux terroristes. Dix ans apr\u00e8s, invit\u00e9 de Guillaume Farde, il raconte dans \u00ab\u00a0Int\u00e9rieur crime\u00a0\u00bb sur cet assaut h\u00e9ro\u00efque.<\/p>\n<p>Police, justice et faits divers<\/p>\n<p>PODCAST VIDEO<\/p>\n<p><img decoding=\"async\" src=\"https:\/\/www.europesays.com\/fr\/wp-content\/uploads\/2025\/11\/podcast-molmy-cb3b7d-0@1x.jpeg\" alt=\"Christophe Molmy, ancien patron de la BRI\" loading=\"lazy\" importance=\"low\" fetchpriority=\"low\" class=\"\" aria-hidden=\"true\"\/>Publi\u00e9 le 9 novembre 2025 \u00e0 9h00LE 13-NOVEMBRE VU PAR HOLLANDE07:02<\/p>\n<p>\u00c0 la t\u00eate du pays, au moment o\u00f9 la France subissait les attentats de 2015, Fran\u00e7ois Hollande est l&rsquo;invit\u00e9 de Darius Rochebin. Il revient sur ce 13-Novembre et sur les \u00e9motions qui l&rsquo;ont travers\u00e9. Un premier \u00e9pisode \u00e0 regarder et \u00e0 \u00e9couter en streaming sur TF1+ et sur toutes les plateformes habituelles.<\/p>\n<p>Politique<\/p>\n<p>PODCAST VIDEO<\/p>\n<p><img decoding=\"async\" src=\"https:\/\/www.europesays.com\/fr\/wp-content\/uploads\/2025\/11\/podcast-rochebin-largedarius1-40bc6f-1@1x.jpeg\" alt=\"Darius Rochebin re\u00e7oit Fran\u00e7ois Hollande pour le 1er \u00e9pisode de &quot;Darius Libre&quot;\" loading=\"lazy\" importance=\"low\" fetchpriority=\"low\" class=\"\" aria-hidden=\"true\"\/>L&rsquo;HOMMAGE DE LA TOUR EIFFEL06:55<\/p>\n<p>Le Tour Eiffel participe aussi aux comm\u00e9morations du 13-Novembre. Le monument parisien, troisi\u00e8me site le plus visit\u00e9 de l&rsquo;Hexagone, s&rsquo;illumine durant deux jours aux couleurs du drapeau fran\u00e7ais.<\/p>\n<p>Sujets de soci\u00e9t\u00e9<img decoding=\"async\" src=\"https:\/\/www.europesays.com\/fr\/wp-content\/uploads\/2025\/11\/tour-eiffel-novembre-2015-1302b8-0@1x.jpeg\" alt=\"La tour Eiffel en novembre 2015. ILLUSTRATION\" loading=\"lazy\" importance=\"low\" fetchpriority=\"low\" class=\"\" aria-hidden=\"true\"\/>LES CLOCHES DE NOTRE-DAME SONNERONT CE SOIR06:50<\/p>\n<p>Les cloches de Notre-Dame et des \u00e9glises de Paris sonneront jeudi dans la soir\u00e9e en hommage aux victimes des attentats du 13-Novembre. \u00ab\u00a0Il y a dix ans, notre ville \u00e9tait brutalement endeuill\u00e9e par la mort de 130 innocents. Pour beaucoup d\u2019entre nous, le souvenir du 13 novembre 2015 est, encore aujourd&rsquo;hui, celui d&rsquo;une longue nuit d&rsquo;angoisse\u00a0\u00bb et \u00ab\u00a0de notre sid\u00e9ration face \u00e0 l&rsquo;intensit\u00e9 du mal\u00a0\u00bb, a annonc\u00e9 l&rsquo;archev\u00eaque de Paris, Laurent Ulrich. \u00ab\u00a0Dix ans plus tard, nous continuons inlassablement de porter dans notre pri\u00e8re au Seigneur ceux qui ont quitt\u00e9 cette vie le 13 novembre 2015, ainsi que leurs proches, ceux qui ont surv\u00e9cu \u00e0 cette nuit et qui demeurent bless\u00e9s, marqu\u00e9s, meurtris.\u00a0\u00bb<\/p>\n<p>\u00ab\u00a0Le bourdon de toutes les \u00e9glises doit sonner entre 17h57 et 18h02\u00a0\u00bb, a-t-on pr\u00e9cis\u00e9 au dioc\u00e8se de Paris. Ensuite les \u00e9glises les plus proches de la place Saint-Gervais o\u00f9 aura lieu l&rsquo;hommage en soir\u00e9e \u00ab\u00a0ne sonneront plus jusqu&rsquo;\u00e0 20h\u00a0\u00bb pour ne pas perturber la c\u00e9r\u00e9monie, a-t-on ajout\u00e9 de m\u00eame source.<\/p>\n<p>JOUR D&rsquo;HOMMAGES06:23<\/p>\n<p>Emmanuel Macron doit se rendre jeudi sur chacun des lieux des attentats du 13-Novembre, du Stade de France au Bataclan. L&rsquo;hommage national aux 132 morts et aux rescap\u00e9s se conclura au Jardin m\u00e9moriel au c\u0153ur de la capitale, point d&rsquo;orgue d&rsquo;une journ\u00e9e de comm\u00e9morations dix ans apr\u00e8s une nuit d&rsquo;horreur, avec une c\u00e9r\u00e9monie orchestr\u00e9e par Thierry Reboul, d\u00e9j\u00e0 \u00e0 la man\u0153uvre pour les JO 2024.\u00a0<\/p>\n<p>La c\u00e9r\u00e9monie sera retransmise en direct sur TF1 et LCI et projet\u00e9e sur grand \u00e9cran, place de la R\u00e9publique, o\u00f9 un m\u00e9morial s&rsquo;\u00e9tait improvis\u00e9 au lendemain des pires attentats que la France a connus.<\/p>\n<p>BONJOUR06:14<\/p>\n<p>Bienvenue dans notre direct consacr\u00e9 aux comm\u00e9morations des 10 ans des attentats du 13 novembre 2025. Dix ans apr\u00e8s cette trag\u00e9die qui a boulevers\u00e9 le monde, la France se souvient.<\/p>\n<p><img decoding=\"async\" src=\"https:\/\/www.europesays.com\/fr\/wp-content\/uploads\/2025\/11\/fluctuat-republique-2e088b-2@1x.jpeg\" alt=\"RLV\" loading=\"lazy\" importance=\"low\" fetchpriority=\"low\" class=\"\"\/>RLV<\/p>\n<p data-module=\"article-paragraph\" class=\"jsx-3046738180 Paragraph\">Ce jeudi, la France se souvient. Il y a dix ans,<a href=\"https:\/\/www.tf1info.fr\/justice-faits-divers\/j-en-ai-encore-des-frissons-le-13-novembre-des-bleus-au-stade-de-france-raconte-par-un-temoin-cle-2405507.html\" target=\"_blank\" rel=\"noopener\"> sur le parvis du Stade de France<\/a>, sur les terrasses du XI\u1d49 \u00a0et du X\u1d49 arrondissement, et<a href=\"https:\/\/www.tf1info.fr\/justice-faits-divers\/dix-ans-des-attentats-du-13-novembre-le-patron-de-la-bri-raconte-l-assaut-dans-le-podcast-interieur-crime-2405564.html\" target=\"_blank\" rel=\"noopener\"> au Bataclan<\/a>, trois commandos terroristes islamistes semaient le chaos, tuant 132 personnes et en blessant plus de 350. Personne n&rsquo;a oubli\u00e9 cette nuit-l\u00e0.<\/p>\n<p data-module=\"article-paragraph\" class=\"jsx-3046738180 Paragraph Paragraph__End\">Depuis,<a href=\"https:\/\/www.tf1info.fr\/justice-faits-divers\/j-en-ai-encore-des-frissons-le-13-novembre-des-bleus-au-stade-de-france-raconte-par-un-temoin-cle-2405507.html\" target=\"_blank\" rel=\"noopener\"> la justice est pass\u00e9e,<\/a> les rescap\u00e9s, <a href=\"https:\/\/www.tf1info.fr\/societe\/13-novembre-2015-10-ans-sortir-du-role-de-victime-par-ricochet-depuis-la-mort-de-sa-fille-au-bataclan-georges-salines-se-consacre-a-la-prevention-du-jihadisme-2401946.html\" target=\"_blank\" rel=\"noopener\">les proches<\/a> ont repris comme ils le peuvent le sens de leur vie. Ce jeudi, une d\u00e9cennie plus tard, une grande c\u00e9r\u00e9monie est organis\u00e9e \u00e0 Paris, trouvant son point d&rsquo;\u00e9quilibre entre \u00ab\u00a0la m\u00e9moire et la vie\u00a0\u00bb s&rsquo;attachant \u00e0 \u00ab\u00a0concilier spectaculaire et sobri\u00e9t\u00e9\u00a0\u00bb,<a href=\"https:\/\/www.tf1info.fr\/societe\/commemoration-dix-ans-des-attentats-du-13-novembre-la-grande-ceremonie-d-hommage-sera-un-moment-d-union-collectif-2402176.html\" target=\"_blank\" rel=\"noopener\"> comme nous le confie Thierry Reboul <\/a>aux manettes de ce \u00ab\u00a0moment d&rsquo;union collectif\u00a0\u00bb.\u00a0<\/p>\n<p>Une c\u00e9r\u00e9monie en musique<\/p>\n<p data-module=\"article-paragraph\" class=\"jsx-3046738180 Paragraph Paragraph__End\">Des rendez-vous officiels ponctuent cette journ\u00e9e sur l\u2019ensemble des sites frapp\u00e9s dans la nuit du 13 au 14 novembre 2015, avant qu&rsquo;elle ne se conclue de 18h \u00e0 20h. En point d&rsquo;orgue, une c\u00e9r\u00e9monie d\u00e9di\u00e9e aux 132 morts, aux survivants, aux familles et \u00e0 tous ceux qui se sont tenus \u00e0 leurs c\u00f4t\u00e9s dans<a href=\"https:\/\/www.tf1info.fr\/societe\/dix-ans-du-13-novembre-2015-les-symboles-que-cache-le-jardin-memoriel-en-hommage-aux-victimes-2405378.html\" target=\"_blank\" rel=\"noopener\"> le Jardin du 13 novembre 2015, inaugur\u00e9 ce jour-l\u00e0 sur la place Saint-Gervais<\/a>. Parce que la musique sera le fil conducteur de cet \u00e9v\u00e9nement, avec <a href=\"https:\/\/www.tf1info.fr\/culture\/ceremonie-13-novembre-l-album-fluctuat-nec-mergitur-disponible-jeudi-les-benefices-reverses-aux-associations-de-victimes-2406185.html\" target=\"_blank\" rel=\"noopener\">une \u00ab\u00a0bande-son\u00a0\u00bb imagin\u00e9e et compos\u00e9e par Victor Le Masne<\/a>, plusieurs artistes renomm\u00e9s, fran\u00e7ais et internationaux, c\u00e9l\u00e9breront la m\u00e9moire de celles et ceux qui ont perdu la vie le 13 novembre 2015.<\/p>\n<p>Une grande c\u00e9r\u00e9monie de 18h \u00e0 20h<\/p>\n<p data-module=\"article-paragraph\" class=\"jsx-3046738180 Paragraph\">\u00c0 partir de 17h25, au cours d&rsquo;une grande \u00e9mission sp\u00e9ciale pr\u00e9sent\u00e9e par Gilles Bouleau, TF1 et LCI vous font vivre en direct ces moments. Sur le terrain, nos nombreux envoy\u00e9s sp\u00e9ciaux sont mobilis\u00e9s, au Bataclan, pr\u00e8s des terrasses des restaurants vis\u00e9s par les terroristes et aussi place de la R\u00e9publique o\u00f9 la c\u00e9r\u00e9monie sera retransmise en direct et en simultan\u00e9 sur un \u00e9cran g\u00e9ant.\u00a0<\/p>\n<p data-module=\"article-paragraph\" class=\"jsx-3046738180 Paragraph Paragraph__End\">Suivez sur TF1 et LCI, en streaming sur TF1+, et dans le live ci-dessous sur TF1info ce moment de concorde nationale.<\/p>\n<p>La r\u00e9daction de TF1info<\/p>\n<p><script async src=\"https:\/\/platform.twitter.com\/widgets.js\" charset=\"utf-8\"><\/script><\/p>\n","protected":false},"excerpt":{"rendered":"Une journ\u00e9e d&rsquo;hommages aux victimes est organis\u00e9e aujourd&rsquo;hui \u00e0 Paris et au Stade de France \u00e0 Saint-Denis (Seine-Saint-Denis)&hellip;\n","protected":false},"author":2,"featured_media":531950,"comment_status":"","ping_status":"","sticky":false,"template":"","format":"standard","meta":{"footnotes":""},"categories":[4],"tags":[1111,11,27438,1921,65138,1011,27,19839,1922,65139,12,25,199,133,5010],"class_list":{"0":"post-531949","1":"post","2":"type-post","3":"status-publish","4":"format-standard","5":"has-post-thumbnail","7":"category-france","8":"tag-actu","9":"tag-actualites","10":"tag-anne-claire-coudray","11":"tag-article-video","12":"tag-attentats-du-13-novembre-10-ans-apres","13":"tag-fr","14":"tag-france","15":"tag-gilles-bouleau","16":"tag-info","17":"tag-la-france-se-souvient","18":"tag-news","19":"tag-republique-francaise","20":"tag-tf1","21":"tag-video","22":"tag-video-sujets-de-societe"},"share_on_mastodon":{"url":"https:\/\/pubeurope.com\/@fr\/115543940567972465","error":""},"_links":{"self":[{"href":"https:\/\/www.europesays.com\/fr\/wp-json\/wp\/v2\/posts\/531949","targetHints":{"allow":["GET"]}}],"collection":[{"href":"https:\/\/www.europesays.com\/fr\/wp-json\/wp\/v2\/posts"}],"about":[{"href":"https:\/\/www.europesays.com\/fr\/wp-json\/wp\/v2\/types\/post"}],"author":[{"embeddable":true,"href":"https:\/\/www.europesays.com\/fr\/wp-json\/wp\/v2\/users\/2"}],"replies":[{"embeddable":true,"href":"https:\/\/www.europesays.com\/fr\/wp-json\/wp\/v2\/comments?post=531949"}],"version-history":[{"count":0,"href":"https:\/\/www.europesays.com\/fr\/wp-json\/wp\/v2\/posts\/531949\/revisions"}],"wp:featuredmedia":[{"embeddable":true,"href":"https:\/\/www.europesays.com\/fr\/wp-json\/wp\/v2\/media\/531950"}],"wp:attachment":[{"href":"https:\/\/www.europesays.com\/fr\/wp-json\/wp\/v2\/media?parent=531949"}],"wp:term":[{"taxonomy":"category","embeddable":true,"href":"https:\/\/www.europesays.com\/fr\/wp-json\/wp\/v2\/categories?post=531949"},{"taxonomy":"post_tag","embeddable":true,"href":"https:\/\/www.europesays.com\/fr\/wp-json\/wp\/v2\/tags?post=531949"}],"curies":[{"name":"wp","href":"https:\/\/api.w.org\/{rel}","templated":true}]}}