{"id":531951,"date":"2025-11-13T19:02:12","date_gmt":"2025-11-13T19:02:12","guid":{"rendered":"https:\/\/www.europesays.com\/fr\/531951\/"},"modified":"2025-11-13T19:02:12","modified_gmt":"2025-11-13T19:02:12","slug":"adrien-saddier-et-martin-couvra-au-dessus-du-par-apres-la-premiere-journee-a-la-finale-de-la-race-to-dubai-lequipe","status":"publish","type":"post","link":"https:\/\/www.europesays.com\/fr\/531951\/","title":{"rendered":"Adrien Saddier et Martin Couvra au-dessus du par apr\u00e8s la premi\u00e8re journ\u00e9e \u00e0 la finale de la Race to Duba\u00ef &#8211; L&#039;\u00c9quipe"},"content":{"rendered":"<ol>\n<li><a href=\"https:\/\/news.google.com\/rss\/articles\/CBMi6AFBVV95cUxPRGtUX21jY0FqbXZmcVg5OFJBV1lzWHlDTko3NnFQbFhTTkdYeFRsdmFrb2ZMZmQyZHlVNHBNb0p4TjV0MktoM2pvMl9SUGdqLW43emhnVXE0WUlUQ0k5emc3Nm1IaVlWMzlxcTNCUHM5OVFaSHN4UC03ZnRyTmJoVHRUTVRXNUpWMWlCTC1zZ0xZTWVJTklDZEs1a1dKNmh3YWpjQmthcXJKaG1SQUVjUDVWcmxnVVpKM1hlY2NrVDI4OWlPa1JaNEJRQ1lnYzRwQWFFUHJLLUMzdmJrR3dBc0w4ODQ5ZEdM?oc=5\" target=\"_blank\" rel=\"nofollow noopener\">Adrien Saddier et Martin Couvra au-dessus du par apr\u00e8s la premi\u00e8re journ\u00e9e \u00e0 la finale de la Race to Duba\u00ef<\/a>&nbsp;&nbsp;L&rsquo;\u00c9quipe<\/li>\n<li><a href=\"https:\/\/news.google.com\/rss\/articles\/CBMinwFBVV95cUxObmV0c1RuZzRCNGQxWnV4ZzI5QTgxV3VhUVo2dDJjUVliSXpNYmE2WmF6UmtBd2ZvQXVlcW8zM0VfSkRQQkVDQ1F4UUFzX3lwSG8tdF9hRHlLQ0VSdWZkRGZwczF4ZzVoV2NpRTg5dkx1SnZISnB2LW03OFNyTGI3QVlPbk55V2Zsbk13VTNHeHpPaU5JLXFqR0E4b2NQU1k?oc=5\" target=\"_blank\" rel=\"nofollow noopener\">Course aux dix spots du PGA Tour : Les cartes d\u00e9j\u00e0 rebattues<\/a>&nbsp;&nbsp;Golf Plan\u00e8te<\/li>\n<li><a href=\"https:\/\/news.google.com\/rss\/articles\/CBMiwAFBVV95cUxObUt3QTYxTzE2dFRjQXVIdk8xTkFSYS11VzRZdHVURlowUzYydEY5bk1mY2Q2VXZMWFlSTmE2Z0Y5UXhPWjAxR05SUGl2TDhBNU9temhCR25uLXpBbEE2YWN4QnJILTNlOXVHYWtKNGlBb3FEMk5oRWVwLVQ5VUpyckdfLUgzNm4yRXdvbFJtR1R1TXE2R2IteTZ3ZlZMR0hka3o2bHVvc2tMOFBvSFhYc2tDa1FTX3NicmF2SG8zVnQ?oc=5\" target=\"_blank\" rel=\"nofollow noopener\">DP World Tour Championship &#8211; Kim, un leader aux anges<\/a>&nbsp;&nbsp;Sports &#8211; Orange<\/li>\n<li><a href=\"https:\/\/news.google.com\/rss\/articles\/CBMiswFBVV95cUxOdnY0d0ZaVXh4RFZPT1ZWN3ZrRkJCbW9YTXl4YXJ6Z09KWk8xdlRXTHF3UmQwSUEySXhOR2t6YUpYTVN0OGI1blpfYVNrUzkzOFdUZnVkek5FRXN3WXBaVHBfREdfSFJncUl6ekJrTV9wN0ZiZnpCWi1YdElfakZwYXJDcTA4RTRXNDk2aUZkMEd0NEhzamhoSUloQ0NGRll1X3JoZHVhUUMtS1JfbUFHbDlMUQ?oc=5\" target=\"_blank\" rel=\"nofollow noopener\">DP World Tour Championship : D\u00e9part poussif pour les Bleus<\/a>&nbsp;&nbsp;F\u00e9d\u00e9ration fran\u00e7aise de golf (ffgolf)<\/li>\n<li><a href=\"https:\/\/news.google.com\/rss\/articles\/CBMiiwJBVV95cUxOdk81aUNwUHBIR1JVOEVXM0x3RkFfbHBjbERJdTZSeHgtOTJTc1pqSEFtS3JuRnd2UDhVZFlKZnc4Z3hyQXg2S1RIeGtlUktOTkpuZ3lJUkpYUFY4SnZnZlpEbVJmdFUzX0lGdzgwYkh0azJsb1MzZ3lacmx5RERYY2JTTVFGNmNtUno0RmE4SWJIaHNaWFo5SFhUUmNzTGx0VFRkcWJ1Q2pVMjI3blpqTUx2U0VmcmdoS3RoWUY3VGE5aWpOQk8tX3A4VEMwQ2ZFR1NvOEpsZ3hqeWNyNUdZUmNWcGRJMF82SUhEQ3o4MERoSHdDTk9QYXlMQWgwNU5TeXRoMmYtSF9KLVk?oc=5\" target=\"_blank\" rel=\"nofollow noopener\">Golf. Finale de la Race to Duba\u00ef: Michael Kim prend les commandes, Rory McIlroy en embuscade<\/a>&nbsp;&nbsp;Ouest-France<\/li>\n<\/ol>\n","protected":false},"excerpt":{"rendered":"Adrien Saddier et Martin Couvra au-dessus du par apr\u00e8s la premi\u00e8re journ\u00e9e \u00e0 la finale de la Race&hellip;\n","protected":false},"author":2,"featured_media":531952,"comment_status":"","ping_status":"","sticky":false,"template":"","format":"standard","meta":{"footnotes":""},"categories":[1418],"tags":[1011,27,1472,60],"class_list":{"0":"post-531951","1":"post","2":"type-post","3":"status-publish","4":"format-standard","5":"has-post-thumbnail","7":"category-golf","8":"tag-fr","9":"tag-france","10":"tag-golf","11":"tag-sports"},"share_on_mastodon":{"url":"","error":""},"_links":{"self":[{"href":"https:\/\/www.europesays.com\/fr\/wp-json\/wp\/v2\/posts\/531951","targetHints":{"allow":["GET"]}}],"collection":[{"href":"https:\/\/www.europesays.com\/fr\/wp-json\/wp\/v2\/posts"}],"about":[{"href":"https:\/\/www.europesays.com\/fr\/wp-json\/wp\/v2\/types\/post"}],"author":[{"embeddable":true,"href":"https:\/\/www.europesays.com\/fr\/wp-json\/wp\/v2\/users\/2"}],"replies":[{"embeddable":true,"href":"https:\/\/www.europesays.com\/fr\/wp-json\/wp\/v2\/comments?post=531951"}],"version-history":[{"count":0,"href":"https:\/\/www.europesays.com\/fr\/wp-json\/wp\/v2\/posts\/531951\/revisions"}],"wp:featuredmedia":[{"embeddable":true,"href":"https:\/\/www.europesays.com\/fr\/wp-json\/wp\/v2\/media\/531952"}],"wp:attachment":[{"href":"https:\/\/www.europesays.com\/fr\/wp-json\/wp\/v2\/media?parent=531951"}],"wp:term":[{"taxonomy":"category","embeddable":true,"href":"https:\/\/www.europesays.com\/fr\/wp-json\/wp\/v2\/categories?post=531951"},{"taxonomy":"post_tag","embeddable":true,"href":"https:\/\/www.europesays.com\/fr\/wp-json\/wp\/v2\/tags?post=531951"}],"curies":[{"name":"wp","href":"https:\/\/api.w.org\/{rel}","templated":true}]}}