{"id":531953,"date":"2025-11-13T19:04:11","date_gmt":"2025-11-13T19:04:11","guid":{"rendered":"https:\/\/www.europesays.com\/fr\/531953\/"},"modified":"2025-11-13T19:04:11","modified_gmt":"2025-11-13T19:04:11","slug":"cherry-diminue-premiere-pour-sarthou-une-possible-recrue-le-poste-de-talonneur-au-centre-de-lattention-avant-rc-vannes-grenoble","status":"publish","type":"post","link":"https:\/\/www.europesays.com\/fr\/531953\/","title":{"rendered":"Cherry diminu\u00e9, premi\u00e8re pour Sarthou, une possible recrue\u2026 Le poste de talonneur au centre de l\u2019attention avant RC Vannes &#8211; Grenoble"},"content":{"rendered":"<p>Bien que diminu\u00e9, l\u2019\u00c9cossais, lui, \u00e9tait bien pr\u00e9sent \u00e0 l\u2019entra\u00eenement, ce jeudi, \u00e0 La Rabine. \u00ab Il va jouer. Il est un peu contagieux donc on essaie de ne pas lui faire faire de m\u00eal\u00e9es en ce moment. Si on peut \u00e9viter d\u2019avoir toute une premi\u00e8re ligne malade, c\u2019est parfait \u00bb, ironise presque le technicien breton.<\/p>\n<p>\u00ab Il y a des carri\u00e8res qui se lancent l\u00e0-dessus \u00bb<\/p>\n<p>Le jeune Tom Sarthou, 21 ans, devrait \u00eatre son rempla\u00e7ant, pour sa toute premi\u00e8re feuille de match, lui l\u2019habituel talonneur des espoirs. \u00ab Il est le num\u00e9ro quatre dans la hi\u00e9rarchie. Il y a quelques blessures et c\u2019est la logique qu\u2019il int\u00e8gre le groupe. C\u2019est un joueur qui a des outils, il sait jouer au rugby. C\u2019est une superbe opportunit\u00e9, pas un cadeau empoisonn\u00e9. Il y a des carri\u00e8res qui se lancent l\u00e0-dessus \u00bb, continue Spitzer.<\/p>\n<p>Avec, <a href=\"https:\/\/www.letelegramme.fr\/sports\/rugby\/rc-vannes\/probable-fin-de-saison-pour-cyril-blanchard-talonneur-historique-du-rc-vannes-6917793.php\" target=\"_blank\" rel=\"noopener\">en plus, la fin de saison assur\u00e9e de Cyril Blanchard<\/a>, le club se sait en difficult\u00e9 sur le poste et un joueur pourrait arriver pour renforcer l\u2019effectif. \u00ab On a une r\u00e9flexion. Il y aura certainement des annonces la semaine prochaine. \u00bb<\/p>\n<p>Lanceur en touche en fin de match \u00e0 Nevers, Mako Vunipola a indiqu\u00e9 au staff qu\u2019il \u00ab ne se sentait pas apte de jouer au talonnage \u00bb. Le <a href=\"https:\/\/www.letelegramme.fr\/sports\/rugby\/rc-vannes\/cest-alle-vite-pour-lui-dun-match-de-nationale-2-a-un-autre-de-pro-d2-en-six-jours-la-semaine-folle-dalovisio-kolivai-6920071.php\" target=\"_blank\" rel=\"noopener\">jeune pilier droit Alovisio Koliva\u00ef<\/a>, qui \u00ab jouait \u00e0 tous les postes \u00bb de la premi\u00e8re ligne dans les jeunes cat\u00e9gories \u00e0 Vannes, est une autre option. Le talon d\u2019Achille du RCV ?<\/p>\n<p class=\"titre-tech\">La compo probable du RCV<\/p>\n<p class=\"tech\">15. Bouthier &#8211; 14. Benmegal, 13. Roudil, 12. Boudehent, 11. Stevenson &#8211; 10. Lafage, 9. Ruru &#8211; 7. Blanc-Mappaz, 8. Edwards (cap.), 6. Augry &#8211; 5. Desjeux, 4. Mezou &#8211; 3. Medrano, 2. Cherry, 1. Vunipola.<\/p>\n<p class=\"tech\">Rempla\u00e7ants : Sarthou, Djehi, Marks, Kalamafoni, Alania, Nakosi, Surano, Tafili.<\/p>\n","protected":false},"excerpt":{"rendered":"Bien que diminu\u00e9, l\u2019\u00c9cossais, lui, \u00e9tait bien pr\u00e9sent \u00e0 l\u2019entra\u00eenement, ce jeudi, \u00e0 La Rabine. \u00ab Il va&hellip;\n","protected":false},"author":2,"featured_media":531954,"comment_status":"","ping_status":"","sticky":false,"template":"","format":"standard","meta":{"footnotes":""},"categories":[1416],"tags":[1011,27,2308,3164,3167,479,1468,60,3165],"class_list":{"0":"post-531953","1":"post","2":"type-post","3":"status-publish","4":"format-standard","5":"has-post-thumbnail","7":"category-rugby","8":"tag-fr","9":"tag-france","10":"tag-pro-d2","11":"tag-rc-vannes","12":"tag-rcv","13":"tag-rugby","14":"tag-rugby-football","15":"tag-sports","16":"tag-vannes"},"share_on_mastodon":{"url":"https:\/\/pubeurope.com\/@fr\/115543950214987280","error":""},"_links":{"self":[{"href":"https:\/\/www.europesays.com\/fr\/wp-json\/wp\/v2\/posts\/531953","targetHints":{"allow":["GET"]}}],"collection":[{"href":"https:\/\/www.europesays.com\/fr\/wp-json\/wp\/v2\/posts"}],"about":[{"href":"https:\/\/www.europesays.com\/fr\/wp-json\/wp\/v2\/types\/post"}],"author":[{"embeddable":true,"href":"https:\/\/www.europesays.com\/fr\/wp-json\/wp\/v2\/users\/2"}],"replies":[{"embeddable":true,"href":"https:\/\/www.europesays.com\/fr\/wp-json\/wp\/v2\/comments?post=531953"}],"version-history":[{"count":0,"href":"https:\/\/www.europesays.com\/fr\/wp-json\/wp\/v2\/posts\/531953\/revisions"}],"wp:featuredmedia":[{"embeddable":true,"href":"https:\/\/www.europesays.com\/fr\/wp-json\/wp\/v2\/media\/531954"}],"wp:attachment":[{"href":"https:\/\/www.europesays.com\/fr\/wp-json\/wp\/v2\/media?parent=531953"}],"wp:term":[{"taxonomy":"category","embeddable":true,"href":"https:\/\/www.europesays.com\/fr\/wp-json\/wp\/v2\/categories?post=531953"},{"taxonomy":"post_tag","embeddable":true,"href":"https:\/\/www.europesays.com\/fr\/wp-json\/wp\/v2\/tags?post=531953"}],"curies":[{"name":"wp","href":"https:\/\/api.w.org\/{rel}","templated":true}]}}