{"id":531955,"date":"2025-11-13T19:05:16","date_gmt":"2025-11-13T19:05:16","guid":{"rendered":"https:\/\/www.europesays.com\/fr\/531955\/"},"modified":"2025-11-13T19:05:16","modified_gmt":"2025-11-13T19:05:16","slug":"le-patron-de-latp-veut-reduire-drastiquement-le-nombre-datp-250","status":"publish","type":"post","link":"https:\/\/www.europesays.com\/fr\/531955\/","title":{"rendered":"le patron de l\u2019ATP veut r\u00e9duire drastiquement le nombre d\u2019ATP 250"},"content":{"rendered":"<p>                <img decoding=\"async\" src=\"https:\/\/www.europesays.com\/fr\/wp-content\/uploads\/2025\/11\/wWCS.jpg\" fetchpriority=\"high\" alt=\"\u00ab Il y en a trop \u00bb : le patron de l\u2019ATP veut r\u00e9duire drastiquement le nombre d\u2019ATP 250\"\/><\/p>\n<p>\u00ab Il y en a trop. \u00bb Andrea Gaudenzi, patron de l\u2019ATP, a frapp\u00e9 fort en \u00e9voquant son projet de r\u00e9forme du calendrier. Objectif : r\u00e9duire encore le nombre de tournois 250 pour concentrer le tennis mondial autour des Masters 1000 et des grandes comp\u00e9titions.<\/p>\n<p>Pr\u00e9sent aux ATP Finals, le patron de l\u2019ATP Andrea Gaudenzi a accord\u00e9 une conf\u00e9rence de presse o\u00f9 il a \u00e9voqu\u00e9 l\u2019avenir du circuit masculin et les changements qui pourraient \u00eatre apport\u00e9s dans le calendrier.<\/p>\n<p>Il a principalement insist\u00e9 sur la r\u00e9duction n\u00e9cessaire, selon lui, du nombre d\u2019ATP 250 afin d\u2019avoir un calendrier moins dense et de se concentrer sur les plus gros tournois tels que les Masters 1000 :<\/p>\n<p>\u00ab Ces derni\u00e8res ann\u00e9es, nous avons r\u00e9duit le nombre d\u2019ATP 250. Nous sommes pass\u00e9s de 38 \u00e0 29. L\u2019objectif est de r\u00e9duire encore un peu plus, surtout avec le Masters 1000 en Arabie saoudite qui arrive en 2028. Les 250 sont importants, tout comme les 500 et les Masters 1000. Mais il y en a trop.<\/p>\n<p>Notre strat\u00e9gie a toujours \u00e9t\u00e9 claire : nous nous focalisons sur notre produit phare que sont les Masters 1000. Nous devons offrir la meilleure exp\u00e9rience aux fans et ces derniers aiment voir les meilleurs joueurs s\u2019affronter. C\u2019est quelque chose que nous retrouvons dans les Grands Chelems, les Masters 1000 et les ATP Finals.<\/p>\n<p>Notre objectif est d\u2019avoir 10 ATP 250, 8 ATP 500, les 10 Masters 1000 et les 4 Grands Chelems, donc 32 tournois. Si tu es parmi les meilleurs, tu joues les 4 Grands Chelems, les 10 Masters 1000 et peut-\u00eatre un ou plusieurs 500.<\/p>\n<p>Si ton classement est plus bas, tu joueras plus de 500 et de 250. Encore plus bas, les 250 et les Challengers. Si tu es Alcaraz ou Sinner, tu n\u2019as pas besoin de jouer des 250 pour l\u2019argent, car ce n\u2019est ni \u00e0 ton niveau ni n\u00e9cessaire pour ton classement. Pour cela, il y a les Masters 1000. \u00bb<\/p>\n","protected":false},"excerpt":{"rendered":"\u00ab Il y en a trop. \u00bb Andrea Gaudenzi, patron de l\u2019ATP, a frapp\u00e9 fort en \u00e9voquant son&hellip;\n","protected":false},"author":2,"featured_media":531956,"comment_status":"","ping_status":"","sticky":false,"template":"","format":"standard","meta":{"footnotes":""},"categories":[1415],"tags":[1011,27,60,1467],"class_list":{"0":"post-531955","1":"post","2":"type-post","3":"status-publish","4":"format-standard","5":"has-post-thumbnail","7":"category-tennis","8":"tag-fr","9":"tag-france","10":"tag-sports","11":"tag-tennis"},"share_on_mastodon":{"url":"https:\/\/pubeurope.com\/@fr\/115543954751208245","error":""},"_links":{"self":[{"href":"https:\/\/www.europesays.com\/fr\/wp-json\/wp\/v2\/posts\/531955","targetHints":{"allow":["GET"]}}],"collection":[{"href":"https:\/\/www.europesays.com\/fr\/wp-json\/wp\/v2\/posts"}],"about":[{"href":"https:\/\/www.europesays.com\/fr\/wp-json\/wp\/v2\/types\/post"}],"author":[{"embeddable":true,"href":"https:\/\/www.europesays.com\/fr\/wp-json\/wp\/v2\/users\/2"}],"replies":[{"embeddable":true,"href":"https:\/\/www.europesays.com\/fr\/wp-json\/wp\/v2\/comments?post=531955"}],"version-history":[{"count":0,"href":"https:\/\/www.europesays.com\/fr\/wp-json\/wp\/v2\/posts\/531955\/revisions"}],"wp:featuredmedia":[{"embeddable":true,"href":"https:\/\/www.europesays.com\/fr\/wp-json\/wp\/v2\/media\/531956"}],"wp:attachment":[{"href":"https:\/\/www.europesays.com\/fr\/wp-json\/wp\/v2\/media?parent=531955"}],"wp:term":[{"taxonomy":"category","embeddable":true,"href":"https:\/\/www.europesays.com\/fr\/wp-json\/wp\/v2\/categories?post=531955"},{"taxonomy":"post_tag","embeddable":true,"href":"https:\/\/www.europesays.com\/fr\/wp-json\/wp\/v2\/tags?post=531955"}],"curies":[{"name":"wp","href":"https:\/\/api.w.org\/{rel}","templated":true}]}}