{"id":531961,"date":"2025-11-13T19:11:16","date_gmt":"2025-11-13T19:11:16","guid":{"rendered":"https:\/\/www.europesays.com\/fr\/531961\/"},"modified":"2025-11-13T19:11:16","modified_gmt":"2025-11-13T19:11:16","slug":"aya-nakamura-revele-en-quoi-son-premier-mariage-a-20-ans-a-ete-benefique-pour-sa-carriere","status":"publish","type":"post","link":"https:\/\/www.europesays.com\/fr\/531961\/","title":{"rendered":"Aya Nakamura r\u00e9v\u00e8le en quoi son premier mariage \u00e0 20 ans a \u00e9t\u00e9 b\u00e9n\u00e9fique pour sa carri\u00e8re"},"content":{"rendered":"<p>Aya Nakamura a connu une ascension fulgurante. <a href=\"https:\/\/www.20minutes.fr\/arts-stars\/culture\/musique\/2373387-20181116-video-aya-nakamura-bouleverse-magnifiquement-regles-francaises-selon-presse-americaine\" rel=\"nofollow noopener\" target=\"_blank\" class=\"c-link c-link--is-underlined\">L\u2019artiste<\/a> n\u00e9e au Mali a commenc\u00e9 \u00e0 se faire conna\u00eetre en\u00a02015. \u00c0 20 ans \u00e0 peine, elle est tomb\u00e9e enceinte de sa premi\u00e8re fille, A\u00efcha, au grand dam des managers. \u00ab\u00a0Pour eux, c\u2019\u00e9tait chaud quoi. Ils m\u2019ont demand\u00e9 clairement, soit je voulais \u00eatre chanteuse soit je voulais \u00eatre maman\u00a0\u00bb, a-t-elle confi\u00e9 dans le podcast <a href=\"https:\/\/www.youtube.com\/watch?v=k7oB_IDM2kc\" rel=\"nofollow noopener\" target=\"_blank\" class=\"c-link c-link--is-underlined\">OuiHustle<\/a>.<\/p>\n<p>\u00ab\u00a0J\u2019ai mon premier manager, apr\u00e8s signature, qui se barre avec 50.000 euros, moi je venais d\u2019accoucher\u00a0\u00bb, a-t-elle affirm\u00e9. Mais pour la chanteuse de Djadja, \u00ab\u00a0il n\u2019y avait pas de choix \u00e0 faire\u00a0\u00bb, et leurs chemins se sont s\u00e9par\u00e9s \u00ab\u00a0petit \u00e0 petit\u00a0\u00bb. Heureusement, Aya Nakamura a pu compter sur une certaine stabilit\u00e9. \u00ab\u00a0J\u2019\u00e9tais mari\u00e9e \u00e0 20 ans\u00a0\u00bb a-t-elle confi\u00e9.<\/p>\n<p>Pas de contrainte financi\u00e8re<\/p>\n<p>\u00ab\u00a0\u00c0 l\u2019\u00e9poque, mon mari, il m\u2019assumait, donc mon argent c\u2019\u00e9tait mon argent, j\u2019avais vingt ans. Je n\u2019avais pas la contrainte de payer mon loyer [\u2026] je m\u2019occupais juste de mon r\u00eave\u00a0\u00bb, s\u2019est-elle rappel\u00e9e. Assez vite, l\u2019artiste a touch\u00e9 son r\u00eave du doigt, alors que sa relation, elle, s\u2019est \u00e9maill\u00e9e au fur et \u00e0 mesure. \u00ab\u00a0Il m\u2019a connue bien avant la c\u00e9l\u00e9brit\u00e9, donc il n\u2019a pas forc\u00e9ment vu de changements\u00a0\u00bb, a-t-elle expliqu\u00e9. \u00ab\u00a0C\u2019\u00e9tait plus au niveau du timing, je ne donnais plus autant de temps\u00a0\u00bb.<\/p>\n<p>\u00ab\u00a0Je n\u2019\u00e9tais plus trop \u00e0 la maison, je n\u2019avais pas forc\u00e9ment les m\u00eames envies, il m\u2019a connue \u00e0 19 ans, entre 19 et 23 ans, tu n\u2019as pas la m\u00eame mentalit\u00e9\u00a0\u00bb, a aussi justifi\u00e9 <a href=\"https:\/\/www.20minutes.fr\/arts-stars\/people\/4124124-20241129-aya-nakamura-mal-gerer-front-carriere-vie-maman\" rel=\"nofollow noopener\" target=\"_blank\" class=\"c-link c-link--is-underlined\">la maman<\/a> d\u2019A\u00efcha, neuf ans, dont l\u2019identit\u00e9 du p\u00e8re n\u2019a jamais \u00e9t\u00e9 r\u00e9v\u00e9l\u00e9e, et d\u2019<a href=\"https:\/\/www.20minutes.fr\/arts-stars\/people\/3212775-20220107-aya-nakamura-accouche-deuxieme-enfant\" rel=\"nofollow noopener\" target=\"_blank\" class=\"c-link c-link--is-underlined\">Ava<\/a>, trois ans, qu\u2019elle a eue avec son ex-producteur Vladimir Boudnikoff. Il faut dire que le jeu en valait la chandelle pour la chanteuse de Pookie, qui se trouve parmi les artistes francophones les plus \u00e9cout\u00e9s \u00e0 l\u2019\u00e9tranger et est parvenue \u00e0 remplir le <a href=\"https:\/\/www.20minutes.fr\/arts-stars\/culture\/musique\/4182946-20251031-aya-nakamura-deja-vendu-240-000-places-trois-concerts-stade-france\" rel=\"nofollow noopener\" target=\"_blank\" class=\"c-link c-link--is-underlined\">Stade de France<\/a> sur deux dates l\u2019an prochain apr\u00e8s un passage tr\u00e8s remarqu\u00e9 \u00e0 la c\u00e9r\u00e9monie d\u2019ouverture des <a href=\"https:\/\/www.20minutes.fr\/sport\/jo\/\" class=\"c-link c-link--is-underlined\" target=\"_blank\" rel=\"noopener\">Jeux olympiques de Paris<\/a> l\u2019an dernier\u00a0!<\/p>\n","protected":false},"excerpt":{"rendered":"Aya Nakamura a connu une ascension fulgurante. L\u2019artiste n\u00e9e au Mali a commenc\u00e9 \u00e0 se faire conna\u00eetre en\u00a02015.&hellip;\n","protected":false},"author":2,"featured_media":531962,"comment_status":"","ping_status":"","sticky":false,"template":"","format":"standard","meta":{"footnotes":""},"categories":[1359],"tags":[11774,5551,2704,58,59,1011,27,1930,973,133],"class_list":{"0":"post-531961","1":"post","2":"type-post","3":"status-publish","4":"format-standard","5":"has-post-thumbnail","7":"category-people","8":"tag-aya-nakamura","9":"tag-chanson-francaise","10":"tag-chanteuse","11":"tag-divertissement","12":"tag-entertainment","13":"tag-fr","14":"tag-france","15":"tag-mariage","16":"tag-people","17":"tag-video"},"share_on_mastodon":{"url":"https:\/\/pubeurope.com\/@fr\/115543977976775730","error":""},"_links":{"self":[{"href":"https:\/\/www.europesays.com\/fr\/wp-json\/wp\/v2\/posts\/531961","targetHints":{"allow":["GET"]}}],"collection":[{"href":"https:\/\/www.europesays.com\/fr\/wp-json\/wp\/v2\/posts"}],"about":[{"href":"https:\/\/www.europesays.com\/fr\/wp-json\/wp\/v2\/types\/post"}],"author":[{"embeddable":true,"href":"https:\/\/www.europesays.com\/fr\/wp-json\/wp\/v2\/users\/2"}],"replies":[{"embeddable":true,"href":"https:\/\/www.europesays.com\/fr\/wp-json\/wp\/v2\/comments?post=531961"}],"version-history":[{"count":0,"href":"https:\/\/www.europesays.com\/fr\/wp-json\/wp\/v2\/posts\/531961\/revisions"}],"wp:featuredmedia":[{"embeddable":true,"href":"https:\/\/www.europesays.com\/fr\/wp-json\/wp\/v2\/media\/531962"}],"wp:attachment":[{"href":"https:\/\/www.europesays.com\/fr\/wp-json\/wp\/v2\/media?parent=531961"}],"wp:term":[{"taxonomy":"category","embeddable":true,"href":"https:\/\/www.europesays.com\/fr\/wp-json\/wp\/v2\/categories?post=531961"},{"taxonomy":"post_tag","embeddable":true,"href":"https:\/\/www.europesays.com\/fr\/wp-json\/wp\/v2\/tags?post=531961"}],"curies":[{"name":"wp","href":"https:\/\/api.w.org\/{rel}","templated":true}]}}