{"id":531965,"date":"2025-11-13T19:14:15","date_gmt":"2025-11-13T19:14:15","guid":{"rendered":"https:\/\/www.europesays.com\/fr\/531965\/"},"modified":"2025-11-13T19:14:15","modified_gmt":"2025-11-13T19:14:15","slug":"ce-soir-le-72-eme-jour-sacheve-cet-ancien-candidat-de-koh-lanta-realise-un-veritable-exploit-sportif-jamais-realise-videos","status":"publish","type":"post","link":"https:\/\/www.europesays.com\/fr\/531965\/","title":{"rendered":"\u00ab\u00a0Ce soir, le 72 \u00e8me jour s&rsquo;ach\u00e8ve\u00a0\u00bb: Cet ancien candidat de Koh-Lanta r\u00e9alise un v\u00e9ritable exploit sportif jamais r\u00e9alis\u00e9 (VIDEOS)"},"content":{"rendered":"<p class=\"ap-StoryElement ap-StoryElement--mb ap-StoryText\">\u00ab\u00a0Ce soir, le 72 \u00e8me jour s&rsquo;ach\u00e8ve. Et j&rsquo;ai du mal \u00e0 r\u00e9aliser. Parce que c&rsquo;est fini, mais rien ne s&rsquo;arr\u00eate vraiment. Je suis rempli, \u00e9puis\u00e9, boulevers\u00e9, heureux. Tout \u00e0 la fois\u00a0\u00bb, peut-on lire sur son profil Instagram.<\/p>\n<p class=\"ap-StoryElement ap-StoryElement--mb ap-StoryText\">Une \u00e9pop\u00e9e longue de 72 jours, afin de rendre hommage \u00e0 sa m\u00e8re, d\u00e9c\u00e9d\u00e9e il y a deux ans d&rsquo;un cancer au poumon. \u00c0 travers sa course, Alban Pellegrin avait un objectif : se d\u00e9passer, mais aussi r\u00e9colter des dons, au profit de l&rsquo;association Fondation du Souffle. L&rsquo;objectif initial \u00e9tait fix\u00e9 \u00e0 15.000\u20ac. Aujourd&rsquo;hui, la cagnotte d\u00e9passe les 30.000\u20ac.<\/p>\n<p><a href=\"https:\/\/www.lalibre.be\/lifestyle\/people\/2025\/09\/10\/denis-brogniart-rend-un-vibrant-hommage-a-un-candidat-de-koh-lanta-tu-es-une-si-belle-source-dinspiration-video-clone-YW44V4NVNVDPVGBQ2OVCTEORE4\/\" target=\"_self\" rel=\"noopener noreferrer\" class=\"ap-StoryInterstitialLink ap-StoryElement ap-StoryElement--mb\">Denis Brogniart rend un vibrant hommage \u00e0 un candidat de Koh-Lanta: \u00ab\u00a0Tu es une si belle source d&rsquo;inspiration\u00a0\u00bb (VIDEO)<\/a><\/p>\n<p class=\"ap-StoryElement ap-StoryElement--mb ap-StoryText\">\u00ab\u00a0Je pense \u00e0 ma maman, \u00e0 sa force, \u00e0 son souffle, \u00e0 ce qu&rsquo;elle m&rsquo;a laiss\u00e9 comme h\u00e9ritage invisible. Je pense \u00e0 mes jambes, ces deux compagnes fid\u00e8les qui ont tenu, pli\u00e9 parfois, mais jamais rompu\u00a0\u00bb, s&rsquo;est-il ouvert sur les r\u00e9seaux. \u00ab\u00a0Je pense \u00e0 toutes les personnes crois\u00e9es sur la route, \u00e0 toutes ces histoires qui m&rsquo;ont nourri, parfois plus qu&rsquo;un repas. Et je pense \u00e0 vous\u2026 \u00e0 vous tous qui avez suivi, soutenu, cru. C&rsquo;est fou\u00a0\u00bb.<\/p>\n<p class=\"ap-StoryElement ap-StoryElement--mb ap-StoryText\">Sur Instagram, nombreux sont ceux \u00e0 avoir f\u00e9licit\u00e9 Alban. Parmi eux, Denis Brogniart, iconique pr\u00e9sentateur de TF1 pour <a href=\"https:\/\/www.lalibre.be\/culture\/medias-tele\/2025\/03\/26\/rebondissement-dans-koh-lanta-une-operation-inedite-dans-lhistoire-du-jeu-43A6TMGUEZAWZO7CU45XS2VCWA\/\" target=\"_blank\" rel=\"noreferrer noopener\">Koh-Lanta<\/a>, qui lui a rendu hommage avec ces quelques lignes : \u00ab\u00a0C&rsquo;est \u00e9norme ce que tu as r\u00e9alis\u00e9 avec toujours cet enthousiasme qui te caract\u00e9rise, cette force qui te rapproche des autres, et cette conviction qui te permet de soulever des montagnes ! Chapeau mec\u2026 savoure cette \u00e9pop\u00e9e, elle est grande elle est belle et restera grav\u00e9e \u00e0 tout jamais dans ta m\u00e9moire\u00a0\u00bb.<\/p>\n","protected":false},"excerpt":{"rendered":"\u00ab\u00a0Ce soir, le 72 \u00e8me jour s&rsquo;ach\u00e8ve. Et j&rsquo;ai du mal \u00e0 r\u00e9aliser. Parce que c&rsquo;est fini, mais&hellip;\n","protected":false},"author":2,"featured_media":531966,"comment_status":"","ping_status":"","sticky":false,"template":"","format":"standard","meta":{"footnotes":""},"categories":[1356],"tags":[17,13041,65140,631,65141,14683,15252,65142,26845,65143,65144,65145,15253,29325,3809,65146,65147,9999,65148,34026,6828,3500,65149,827,53627,6829,58,20468,8195,59,9512,3255,65150,65151,2269,65152,36943,63,65153,65154,65155,46604,65156,1011,27,8344,65157,37168,37794,65158,65159,14,65160,47019,65161,1305,16717,65162,5803,955,65163,15263,65164,65165,65166,65167,14460,65168,65169,29337,973,1238,65170,17572,65171,65172,9026,1463,65173,63343,65174,64760,8359,65175,65176,53629,65177,65178,65179,60,65180,65181,32915,65182,65183,1015,26401,53632,252,65184,65185,1364,65186,57498,28,8436],"class_list":{"0":"post-531965","1":"post","2":"type-post","3":"status-publish","4":"format-standard","5":"has-post-thumbnail","7":"category-television","8":"tag-17","9":"tag-a","10":"tag-across","11":"tag-action","12":"tag-action-sport","13":"tag-active","14":"tag-activity","15":"tag-afc","16":"tag-argentina","17":"tag-asian","18":"tag-aspire","19":"tag-aspire-zone","20":"tag-athlete","21":"tag-athletic","22":"tag-ball","23":"tag-ball-control","24":"tag-ball-game","25":"tag-belgium","26":"tag-between","27":"tag-celebration","28":"tag-champions","29":"tag-championship","30":"tag-cheering","31":"tag-competition","32":"tag-crowd","33":"tag-cup","34":"tag-divertissement","35":"tag-doha","36":"tag-editorial","37":"tag-entertainment","38":"tag-equipment","39":"tag-fans","40":"tag-fast-action","41":"tag-field","42":"tag-fifa","43":"tag-fifa-u-17-world-cup-2025","44":"tag-fighter","45":"tag-football","46":"tag-football-action","47":"tag-football-sport","48":"tag-football-team","49":"tag-footwear","50":"tag-forward","51":"tag-fr","52":"tag-france","53":"tag-game","54":"tag-goal","55":"tag-grass","56":"tag-group","57":"tag-head-coach","58":"tag-heads","59":"tag-international","60":"tag-jersey","61":"tag-kick","62":"tag-lebanon","63":"tag-lifestyle","64":"tag-light","65":"tag-line","66":"tag-man","67":"tag-match","68":"tag-match-sport","69":"tag-motion","70":"tag-movement","71":"tag-moving","72":"tag-national-football-team","73":"tag-new-south-wales","74":"tag-nike","75":"tag-nike-soccer-ball","76":"tag-november-3","77":"tag-outdoor","78":"tag-people","79":"tag-person","80":"tag-pitch-flag","81":"tag-play","82":"tag-players","83":"tag-playing","84":"tag-portrait","85":"tag-qatar","86":"tag-red-hoodie","87":"tag-round","88":"tag-shoe","89":"tag-shorts","90":"tag-soccer","91":"tag-soccer-ball","92":"tag-soccer-fans","93":"tag-soccer-player","94":"tag-soccerball","95":"tag-soccerplayer","96":"tag-spo","97":"tag-sports","98":"tag-sports-equipment","99":"tag-sports-team","100":"tag-stadium","101":"tag-stadium-crowds","102":"tag-success","103":"tag-supporter","104":"tag-team","105":"tag-team-sport","106":"tag-television","107":"tag-the-one","108":"tag-top-shot","109":"tag-tv","110":"tag-u-17","111":"tag-uniform","112":"tag-world","113":"tag-zone"},"share_on_mastodon":{"url":"","error":""},"_links":{"self":[{"href":"https:\/\/www.europesays.com\/fr\/wp-json\/wp\/v2\/posts\/531965","targetHints":{"allow":["GET"]}}],"collection":[{"href":"https:\/\/www.europesays.com\/fr\/wp-json\/wp\/v2\/posts"}],"about":[{"href":"https:\/\/www.europesays.com\/fr\/wp-json\/wp\/v2\/types\/post"}],"author":[{"embeddable":true,"href":"https:\/\/www.europesays.com\/fr\/wp-json\/wp\/v2\/users\/2"}],"replies":[{"embeddable":true,"href":"https:\/\/www.europesays.com\/fr\/wp-json\/wp\/v2\/comments?post=531965"}],"version-history":[{"count":0,"href":"https:\/\/www.europesays.com\/fr\/wp-json\/wp\/v2\/posts\/531965\/revisions"}],"wp:featuredmedia":[{"embeddable":true,"href":"https:\/\/www.europesays.com\/fr\/wp-json\/wp\/v2\/media\/531966"}],"wp:attachment":[{"href":"https:\/\/www.europesays.com\/fr\/wp-json\/wp\/v2\/media?parent=531965"}],"wp:term":[{"taxonomy":"category","embeddable":true,"href":"https:\/\/www.europesays.com\/fr\/wp-json\/wp\/v2\/categories?post=531965"},{"taxonomy":"post_tag","embeddable":true,"href":"https:\/\/www.europesays.com\/fr\/wp-json\/wp\/v2\/tags?post=531965"}],"curies":[{"name":"wp","href":"https:\/\/api.w.org\/{rel}","templated":true}]}}