{"id":531967,"date":"2025-11-13T19:15:15","date_gmt":"2025-11-13T19:15:15","guid":{"rendered":"https:\/\/www.europesays.com\/fr\/531967\/"},"modified":"2025-11-13T19:15:15","modified_gmt":"2025-11-13T19:15:15","slug":"je-vais-demander-la-nationalite-francaise-le-chanteur-deagles-of-death-metal-se-confie-dix-ans-apres-le-bataclan","status":"publish","type":"post","link":"https:\/\/www.europesays.com\/fr\/531967\/","title":{"rendered":"\u00ab\u00a0Je vais demander la nationalit\u00e9 fran\u00e7aise\u00a0\u00bb\u00a0: le chanteur d\u2019Eagles Of Death Metal se confie dix ans apr\u00e8s le Bataclan"},"content":{"rendered":"<p class=\"paragraph text_align_left lp-f-body-02\">L\u2019interview vient de s\u2019achever. \u00ab Il faut que je te montre quelque chose \u00bb, nous dit <a href=\"https:\/\/www.leparisien.fr\/culture-loisirs\/musique\/attentats-du-13-novembre-le-chanteur-d-eagles-of-death-metal-et-les-francais-amis-a-vie-13-11-2020-8408121.php\" target=\"_self\" rel=\"nofollow noopener\">Jesse Hughes<\/a>. Le chanteur du groupe Eagles Of Death Metal rel\u00e8ve son polo, se tourne et nous montre son dos. Il est recouvert d\u2019un immense tatouage noir et blanc de l\u2019embl\u00e8me et de la devise de Paris, \u00ab Fluctuat Nec Mergitur \u00bb. \u00ab Battu par les flots mais ne sombre pas \u00bb, devenu un slogan de r\u00e9sistance apr\u00e8s les attentats. \u00ab C\u2019est ma ch\u00e9rie qui me l\u2019a tatou\u00e9, pr\u00e9cise-t-il. Il reste \u00e0 ajouter les couleurs. \u00bb<\/p>\n<p class=\"paragraph text_align_left lp-f-body-02\"><a href=\"https:\/\/www.leparisien.fr\/faits-divers\/attentats-du-13-novembre-2015\/\" target=\"_blank\" rel=\"noreferrer nofollow noopener\">Dix ans apr\u00e8s<\/a> son concert au Bataclan, le rockeur am\u00e9ricain de 53 ans est \u00e0 Paris pour participer aux c\u00e9r\u00e9monies comm\u00e9moratives avec ses \u00ab fr\u00e8res et s\u0153urs \u00bb. Il a \u00e9t\u00e9 invit\u00e9 \u00e0 chanter ce jeudi avec le <a href=\"https:\/\/www.leparisien.fr\/paris-75\/le-choeur-uni-des-rescapes-du-13-novembre-longtemps-je-nai-pas-pu-ecouter-de-la-musique-sans-fondre-en-larmes-13-11-2025-22EVXLQEGVGC3I2MVG7FA4K4JY.php\" target=\"_self\" rel=\"nofollow noopener\">Ch\u0153ur du 13<\/a>, compos\u00e9 de rescap\u00e9s et le ch\u0153ur de Radio France \u00ab You\u2019ll Never Walk Alone \u00bb (\u00ab Tu ne marcheras jamais seul \u00bb, standard rock des ann\u00e9es 1960 et <a href=\"https:\/\/www.leparisien.fr\/sports\/football\/ca-remue-les-entrailles-ils-ont-vecu-youll-never-walk-alone-le-mythique-chant-du-public-de-liverpool-28-05-2022-ZEITDN6VDVF2XGWSREEWX2PLTU.php\" target=\"_self\" rel=\"nofollow noopener\">hymne footballistique<\/a>), dans le <a href=\"https:\/\/www.leparisien.fr\/societe\/dix-ans-du-13-novembre-emmanuel-macron-ira-sur-chaque-lieu-dattentat-avant-dinaugurer-le-jardin-memoriel-a-paris-06-11-2025-YAG7OW4Z75C55FUMA6ANTUVKEM.php\" target=\"_self\" rel=\"nofollow noopener\">jardin du souvenir<\/a>. Nous l\u2019avons rencontr\u00e9 quelques heures plus t\u00f4t dans son h\u00f4tel. Les larmes aux yeux et l\u2019\u00e9motion \u00e0 fleur de peau.<\/p>\n","protected":false},"excerpt":{"rendered":"L\u2019interview vient de s\u2019achever. \u00ab Il faut que je te montre quelque chose \u00bb, nous dit Jesse Hughes.&hellip;\n","protected":false},"author":2,"featured_media":531968,"comment_status":"","ping_status":"","sticky":false,"template":"","format":"standard","meta":{"footnotes":""},"categories":[1355],"tags":[872,58,59,1011,27,1361,873],"class_list":{"0":"post-531967","1":"post","2":"type-post","3":"status-publish","4":"format-standard","5":"has-post-thumbnail","7":"category-musique","8":"tag-culture-et-loisirs","9":"tag-divertissement","10":"tag-entertainment","11":"tag-fr","12":"tag-france","13":"tag-music","14":"tag-musique"},"share_on_mastodon":{"url":"https:\/\/pubeurope.com\/@fr\/115543993520751853","error":""},"_links":{"self":[{"href":"https:\/\/www.europesays.com\/fr\/wp-json\/wp\/v2\/posts\/531967","targetHints":{"allow":["GET"]}}],"collection":[{"href":"https:\/\/www.europesays.com\/fr\/wp-json\/wp\/v2\/posts"}],"about":[{"href":"https:\/\/www.europesays.com\/fr\/wp-json\/wp\/v2\/types\/post"}],"author":[{"embeddable":true,"href":"https:\/\/www.europesays.com\/fr\/wp-json\/wp\/v2\/users\/2"}],"replies":[{"embeddable":true,"href":"https:\/\/www.europesays.com\/fr\/wp-json\/wp\/v2\/comments?post=531967"}],"version-history":[{"count":0,"href":"https:\/\/www.europesays.com\/fr\/wp-json\/wp\/v2\/posts\/531967\/revisions"}],"wp:featuredmedia":[{"embeddable":true,"href":"https:\/\/www.europesays.com\/fr\/wp-json\/wp\/v2\/media\/531968"}],"wp:attachment":[{"href":"https:\/\/www.europesays.com\/fr\/wp-json\/wp\/v2\/media?parent=531967"}],"wp:term":[{"taxonomy":"category","embeddable":true,"href":"https:\/\/www.europesays.com\/fr\/wp-json\/wp\/v2\/categories?post=531967"},{"taxonomy":"post_tag","embeddable":true,"href":"https:\/\/www.europesays.com\/fr\/wp-json\/wp\/v2\/tags?post=531967"}],"curies":[{"name":"wp","href":"https:\/\/api.w.org\/{rel}","templated":true}]}}