{"id":531969,"date":"2025-11-13T19:16:12","date_gmt":"2025-11-13T19:16:12","guid":{"rendered":"https:\/\/www.europesays.com\/fr\/531969\/"},"modified":"2025-11-13T19:16:12","modified_gmt":"2025-11-13T19:16:12","slug":"lhistoire-incroyable-dun-vieux-film-sur-la-charente-sauve-de-loubli-desormais-il-va-faire-la-tournee-des-ehpad","status":"publish","type":"post","link":"https:\/\/www.europesays.com\/fr\/531969\/","title":{"rendered":"L\u2019histoire incroyable d\u2019un vieux film sur la Charente sauv\u00e9 de l\u2019oubli: d\u00e9sormais, il va faire la tourn\u00e9e des Ehpad"},"content":{"rendered":"<p>C\u2019est l\u2019histoire improbable d\u2019un film \u00e0 la gloire de la Charente, tourn\u00e9 au d\u00e9but des ann\u00e9es 70, par un grand r\u00e9alisateur et sauv\u00e9 des oubliettes par un ado, gr\u00e2ce \u00e0 qui le documentaire s\u2019appr&#8230;<\/p>\n<p>C\u2019est l\u2019histoire improbable d\u2019un film \u00e0 la gloire de la Charente, tourn\u00e9 au d\u00e9but des ann\u00e9es 70, par un grand r\u00e9alisateur et sauv\u00e9 des oubliettes par un ado, gr\u00e2ce \u00e0 qui le documentaire s\u2019appr\u00eate \u00e0 faire la tourn\u00e9e des Ehpad charentais. Il y a dix ans, Tom Coud\u00e8re, 18\u00a0ans \u00e0 l\u2019\u00e9poque, et d\u00e9j\u00e0 \u00ab\u00a0passionn\u00e9 de vieilles choses\u00a0\u00bb met la main sur une \u00e9tonnante bobine 16\u00a0mm \u00e0 Emma\u00fcs, \u00e0 La Couronne. Intitul\u00e9\u00a0: \u00ab\u00a0Charente, plaisant pays, Cr\u00e9dit Agricole\u00a0\u00bb.<\/p>\n<p>\u00ab\u00a0J\u2019ai trouv\u00e9 \u00e7a curieux. Il \u00e9tait en vente 30\u20ac. J\u2019ai n\u00e9goci\u00e9 le prix, 20\u20ac\u00a0! J\u2019avais envie de le visionner alors j\u2019ai cherch\u00e9 un projecteur sur Le Bon Coin. J\u2019en ai trouv\u00e9 un chez un monsieur de Champniers. 250\u20ac. Je n\u2019avais jamais d\u00e9pens\u00e9 autant d\u2019argent pour un vieux truc\u00a0!\u00a0\u00bb<\/p>\n<p>L\u2019engin est archa\u00efque, tient dans une lourde valise, se monte en quelques minutes, reli\u00e9 \u00e0 un haut-parleur. Sur l\u2019\u00e9cran, en face d\u00e9filent les papeteries florissantes, les moteurs rutilants de Leroy, la laiterie de Claix, le beurre de Baignes, les maisons de cognac, les \u00e9levages de Charente limousine et m\u00eame le march\u00e9 de Victor-Hugo d\u2019Angoul\u00eame peupl\u00e9 de b\u0153ufs. \u00ab\u00a0Les prises de vues sont vraiment belles. \u00c7a donne envie de venir habiter en Charente\u00a0\u00bb, juge le jeune homme de Linars, distillateur et viticulteur salari\u00e9 \u00e0 la recherche d\u2019un poste.<\/p>\n<p>Les images d\u2019une Charente prosp\u00e8re tourn\u00e9es par Georges Bourdelon, \u00e0 la demande de la caisse d\u00e9partementale du Cr\u00e9dit agricole. Ce r\u00e9alisateur renomm\u00e9, aujourd\u2019hui d\u00e9c\u00e9d\u00e9, a travaill\u00e9 avec Fernandel et mis en bo\u00eete plusieurs documentaires sur l\u2019Afrique. \u00ab\u00a0Charente plaisant pays\u00a0\u00bb \u00e9tait diffus\u00e9 lors des assembl\u00e9es g\u00e9n\u00e9rales des caisses locales. Conscient de d\u00e9tenir un objet presque unique, Tom Coud\u00e8re a contact\u00e9 il y a quelques mois le Cr\u00e9dit Agricole Charente P\u00e9rigord qui n\u2019avait plus trace de ce film.<\/p>\n<p>28\u00a0ans, une t\u00e9l\u00e9 \u00e0 projection<br \/>\net un Teppaz<\/p>\n<p>La banque l\u2019a envoy\u00e9 \u00e0 Paris pour \u00eatre restaur\u00e9 et num\u00e9ris\u00e9, sans rien enlever \u00e0 l\u2019aspect s\u00e9pia des images. Il sera diffus\u00e9, avec l\u2019autorisation du fils Bourdelon, install\u00e9 en Suisse, vendredi 21\u00a0novembre \u00e0 11h en ouverture du salon des seniors, organis\u00e9 par CL \u00e0 Carat, puis dans plusieurs Ehpad charentais. Nul doute que les r\u00e9sidents y reconna\u00eetront les souvenirs de leur jeunesse.<\/p>\n<p>Le jeune homme, lui, r\u00eave d\u00e9j\u00e0 en grand, d\u2019une diffusion de cette p\u00e9pite d\u2019\u00e9poque au th\u00e9\u00e2tre d\u2019Angoul\u00eame ou m\u00eame sur France 3. Depuis sa d\u00e9couverte, il s\u2019est b\u00e2ti une sacr\u00e9e collection de documentaires sur bobines chin\u00e9s sur internet ou dans les brocantes locales\u00a0: \u00ab\u00a0un documentaire sur la SNCF, sur l\u2019art de bien conduire ou sur une attaque nucl\u00e9aire\u00a0\u00bb. \u00c9clectique. <\/p>\n<p>\u00ab\u00a0Avec mon compagnon, Erwan, on aime tout ce qui est vieux mais \u00e0 condition que \u00e7a fonctionne\u00a0!\u00a0\u00bb Dans leur salon tr\u00f4ne une authentique t\u00e9l\u00e9 \u00e0 projection datant de 1979, r\u00e9cup\u00e9r\u00e9e pour 60\u20ac \u00e0 la Caverne du d\u00e9nicheur, \u00e0 Saint-Michel. Et un tourne-disque Teppaz pour engloutir les vinyles de Nougaro, Sacha Distel ou Mireille Mathieu. Tom Coud\u00e8re a m\u00eame r\u00e9ussi \u00e0 installer le Bluetooth sur l\u2019appareil. Pour y balancer du Myl\u00e8ne Farmer.<\/p>\n","protected":false},"excerpt":{"rendered":"C\u2019est l\u2019histoire improbable d\u2019un film \u00e0 la gloire de la Charente, tourn\u00e9 au d\u00e9but des ann\u00e9es 70, par&hellip;\n","protected":false},"author":2,"featured_media":531970,"comment_status":"","ping_status":"","sticky":false,"template":"","format":"standard","meta":{"footnotes":""},"categories":[1354],"tags":[58,59,1346,1011,27,1360],"class_list":{"0":"post-531969","1":"post","2":"type-post","3":"status-publish","4":"format-standard","5":"has-post-thumbnail","7":"category-films","8":"tag-divertissement","9":"tag-entertainment","10":"tag-films","11":"tag-fr","12":"tag-france","13":"tag-movies"},"share_on_mastodon":{"url":"https:\/\/pubeurope.com\/@fr\/115543997513064271","error":""},"_links":{"self":[{"href":"https:\/\/www.europesays.com\/fr\/wp-json\/wp\/v2\/posts\/531969","targetHints":{"allow":["GET"]}}],"collection":[{"href":"https:\/\/www.europesays.com\/fr\/wp-json\/wp\/v2\/posts"}],"about":[{"href":"https:\/\/www.europesays.com\/fr\/wp-json\/wp\/v2\/types\/post"}],"author":[{"embeddable":true,"href":"https:\/\/www.europesays.com\/fr\/wp-json\/wp\/v2\/users\/2"}],"replies":[{"embeddable":true,"href":"https:\/\/www.europesays.com\/fr\/wp-json\/wp\/v2\/comments?post=531969"}],"version-history":[{"count":0,"href":"https:\/\/www.europesays.com\/fr\/wp-json\/wp\/v2\/posts\/531969\/revisions"}],"wp:featuredmedia":[{"embeddable":true,"href":"https:\/\/www.europesays.com\/fr\/wp-json\/wp\/v2\/media\/531970"}],"wp:attachment":[{"href":"https:\/\/www.europesays.com\/fr\/wp-json\/wp\/v2\/media?parent=531969"}],"wp:term":[{"taxonomy":"category","embeddable":true,"href":"https:\/\/www.europesays.com\/fr\/wp-json\/wp\/v2\/categories?post=531969"},{"taxonomy":"post_tag","embeddable":true,"href":"https:\/\/www.europesays.com\/fr\/wp-json\/wp\/v2\/tags?post=531969"}],"curies":[{"name":"wp","href":"https:\/\/api.w.org\/{rel}","templated":true}]}}