{"id":531977,"date":"2025-11-13T19:20:14","date_gmt":"2025-11-13T19:20:14","guid":{"rendered":"https:\/\/www.europesays.com\/fr\/531977\/"},"modified":"2025-11-13T19:20:14","modified_gmt":"2025-11-13T19:20:14","slug":"apple-revele-l-iphone-pocket-son-nouvel-accessoire-hors-de-prix-et-devient-la-risee-dinternet","status":"publish","type":"post","link":"https:\/\/www.europesays.com\/fr\/531977\/","title":{"rendered":"Apple r\u00e9v\u00e8le l\u2019\u00ab\u00a0iPhone Pocket\u00a0\u00bb, son nouvel accessoire hors de prix, et devient la ris\u00e9e d\u2019Internet"},"content":{"rendered":"<p>        <img decoding=\"async\" loading=\"lazy\" src=\"https:\/\/www.europesays.com\/fr\/wp-content\/uploads\/2025\/11\/26332a9_upload-1-q0hrfsbwwrs8-screenshot-2025-11-13-17-49-12.png\"  width=\"728\" height=\"409\" alt=\"L\u2019\u00ab\u00a0iPhone Pocket\u00a0\u00bb, le nouvel accessoire hors de prix d\u2019Apple, devient la ris\u00e9e d\u2019Internet. (photo mise en ligne par la marque)\"\/>  <\/p>\n<p>Capture d\u2019\u00e9cran (apple.com)<\/p>\n<p>L\u2019\u00ab\u00a0iPhone Pocket\u00a0\u00bb, le nouvel accessoire hors de prix d\u2019Apple, devient la ris\u00e9e d\u2019Internet. (photo mise en ligne par la marque)<\/p>\n<p class=\"asset asset-text\">MODE &#8211; Le concept a fait rire les internautes plus qu\u2019il ne les a convaincus. <a href=\"https:\/\/www.huffingtonpost.fr\/tech-futurs\/article\/espionnage-des-iphone-via-siri-une-action-collective-contre-apple-lancee-en-france_249930.html\" target=\"_blank\" rel=\"noopener\" title=\"Nouvelle fen\u00eatre\">Apple<\/a> a d\u00e9voil\u00e9 le mardi 11\u00a0novembre un accessoire in\u00e9dit en partenariat avec la marque de luxe Issey Miyake. Intitul\u00e9 \u00ab\u00a0iPhone Pocket\u00a0\u00bb, il s\u2019agit d\u2019une petite poche rattach\u00e9e \u00e0 une lani\u00e8re et dans laquelle les usagers sont cens\u00e9s ranger leur <a href=\"https:\/\/www.huffingtonpost.fr\/tech-futurs\/article\/apple-va-sortir-non-pas-un-mais-quatre-nouveaux-iphone-17-dont-un-tres-particulier_254631.html\" target=\"_blank\" rel=\"noopener\" title=\"Nouvelle fen\u00eatre\">iPhone<\/a>. Ce produit a \u00e9t\u00e9 pr\u00e9sent\u00e9 par la marque californienne <a href=\"https:\/\/www.apple.com\/fr\/newsroom\/2025\/11\/introducing-iphone-pocket-a-beautiful-way-to-wear-and-carry-iphone\/\" target=\"_blank\" rel=\"noopener\" title=\"Nouvelle fen\u00eatre\">sur son site<\/a>, o\u00f9 elle indique qu\u2019il sera disponible \u00e0 partir de ce vendredi 14\u00a0novembre, notamment en France.<\/p>\n<p class=\"asset asset-text\">\u00ab\u00a0Inspir\u00e9 par le concept \u201ca piece of cloth\u201d (un bout de tissu)\u00a0\u00bb, il reprend \u00ab\u00a0une structure ouverte c\u00f4tel\u00e9e \u00e9voquant le pliss\u00e9 original d\u2019Issey Miyake\u00a0\u00bb. L\u2019objectif affich\u00e9 par la marque \u00e0 la pomme est de \u00ab\u00a0cr\u00e9er une poche suppl\u00e9mentaire\u00a0\u00bb capable d\u2019accueillir l\u2019iPhone, mais aussi \u00ab\u00a0d\u2019autres objets du quotidien\u00a0\u00bb. Il sera disponible en huit couleurs, dont Apple dit qu\u2019elles sont pens\u00e9es pour \u00ab\u00a0s\u2019accorder \u00e0 n\u2019importe quel mod\u00e8le\u00a0\u00bb de ses t\u00e9l\u00e9phones.<\/p>\n<p class=\"asset asset-text\">D\u2019apr\u00e8s les visuels partag\u00e9s par la firme californienne et que vous pouvez voir ci-dessous, l\u2019\u00ab\u00a0iPhone Pocket\u00a0\u00bb est pens\u00e9 pour \u00eatre port\u00e9e \u00e0 l\u2019\u00e9paule, ou accroch\u00e9 \u00e0 un sac. Pour Molly Anderson, vice-pr\u00e9sidente charg\u00e9e du design chez Apple, cet accessoire \u00ab\u00a0rend hommage au savoir-faire, \u00e0 la simplicit\u00e9 et au ravissement\u00a0\u00bb.<\/p>\n<p> La lecture de ce contenu est susceptible d\u2019entra\u00eener un d\u00e9p\u00f4t de cookies de la part de l\u2019op\u00e9rateur tiers qui l\u2019h\u00e9berge. Compte-tenu des choix que vous avez exprim\u00e9s en mati\u00e8re de d\u00e9p\u00f4t de cookies, nous avons bloqu\u00e9 l\u2019affichage de ce contenu. Si vous souhaitez y acc\u00e9der, vous devez accepter la cat\u00e9gorie de cookies \u201cContenus tiers\u201d en cliquant sur le bouton ci-dessous. <\/p>\n<p> Lire la Vid\u00e9o        \u00ab\u00a0On dirait un concept invent\u00e9 par un enfant de deux ans\u00a0\u00bb    <\/p>\n<p class=\"asset asset-text\">Mais pour pouvoir se l\u2019offrir, les clients vont devoir mettre la main (voire les deux mains) au portefeuille.\u00a0Le prix de la version courte s\u2019\u00e9l\u00e8ve \u00e0 159,95\u00a0euros, tandis que la version longue ne co\u00fbte pas moins de 249,95\u00a0euros. Des tarifs qui ont rapidement fait de l\u2019\u00ab\u00a0iPhone Pocket\u00a0\u00bb la ris\u00e9e d\u2019internet, comme en t\u00e9moignent de nombreuses publications moqueuses sur les r\u00e9seaux sociaux.<\/p>\n<p class=\"asset asset-text\">\u00ab\u00a0230\u00a0dollars [le prix aux \u00c9tats-Unis] pour une chaussette d\u00e9coup\u00e9e\u00a0\u00bb, a \u00e9crit un usager du r\u00e9seau social X, pointant du doigt les personnes \u00ab\u00a0pr\u00eates \u00e0 payer n\u2019importe quoi pour n\u2019importe quel objet tant que c\u2019est cr\u00e9\u00e9 par Apple\u00a0\u00bb. D\u2019autres publications font m\u00eame une comparaison, peu flatteuse, entre l\u2019\u00ab\u00a0iPhone Pocket\u00a0\u00bb et le maillot de bain grotesque port\u00e9 par le personnage principal du film <a href=\"https:\/\/www.huffingtonpost.fr\/culture\/article\/borat-ne-reviendra-pas-sacha-baron-cohen-l-a-enferme-dans-un-placard_174982.html\" target=\"_blank\" rel=\"noopener\">Borat<\/a>.<\/p>\n<p> La lecture de ce contenu est susceptible d\u2019entra\u00eener un d\u00e9p\u00f4t de cookies de la part de l\u2019op\u00e9rateur tiers qui l\u2019h\u00e9berge. Compte-tenu des choix que vous avez exprim\u00e9s en mati\u00e8re de d\u00e9p\u00f4t de cookies, nous avons bloqu\u00e9 l\u2019affichage de ce contenu. Si vous souhaitez y acc\u00e9der, vous devez accepter la cat\u00e9gorie de cookies \u201cContenus tiers\u201d en cliquant sur le bouton ci-dessous. <\/p>\n<p> Lire la Vid\u00e9o        <\/p>\n<p class=\"asset asset-text\">Les retours n\u2019\u00e9taient pas beaucoup positifs sur <a href=\"https:\/\/www.huffingtonpost.fr\/life\/video\/face-au-shutdown-qui-menace-l-aide-alimentaire-ces-tiktokeurs-americains-s-engagent_256911.html\" target=\"_blank\" rel=\"noopener\">TikTok<\/a>, comme vous pouvez le constater dans les vid\u00e9os ci-dessous. \u00ab\u00a0\u00c0 ce prix-l\u00e0, \u00e7a devrait \u00eatre ill\u00e9gal de proposer ce genre de nouveaut\u00e9s\u00a0\u00bb, affirme un internaute selon qui la marque est \u00ab\u00a0compl\u00e8tement en roue libre\u00a0\u00bb. \u00ab\u00a0On dirait que le concept a \u00e9t\u00e9 invent\u00e9 par un enfant de deux ans\u00a0\u00bb, se moque un autre.<\/p>\n<p> La lecture de ce contenu est susceptible d\u2019entra\u00eener un d\u00e9p\u00f4t de cookies de la part de l\u2019op\u00e9rateur tiers qui l\u2019h\u00e9berge. Compte-tenu des choix que vous avez exprim\u00e9s en mati\u00e8re de d\u00e9p\u00f4t de cookies, nous avons bloqu\u00e9 l\u2019affichage de ce contenu. Si vous souhaitez y acc\u00e9der, vous devez accepter la cat\u00e9gorie de cookies \u201cContenus tiers\u201d en cliquant sur le bouton ci-dessous. <\/p>\n<p> Lire la Vid\u00e9o           <\/p>\n<p> La lecture de ce contenu est susceptible d\u2019entra\u00eener un d\u00e9p\u00f4t de cookies de la part de l\u2019op\u00e9rateur tiers qui l\u2019h\u00e9berge. Compte-tenu des choix que vous avez exprim\u00e9s en mati\u00e8re de d\u00e9p\u00f4t de cookies, nous avons bloqu\u00e9 l\u2019affichage de ce contenu. Si vous souhaitez y acc\u00e9der, vous devez accepter la cat\u00e9gorie de cookies \u201cContenus tiers\u201d en cliquant sur le bouton ci-dessous. <\/p>\n<p> Lire la Vid\u00e9o        <\/p>\n<p class=\"asset asset-text\">Les railleries continuent dans les commentaires. Un message lik\u00e9 pr\u00e8s de 1\u00a0000\u00a0fois sous une <a href=\"https:\/\/www.tiktok.com\/@hypebeast\/video\/7572010351831584030?q=iphone%20pocket&amp;t=1763046860598\" target=\"_blank\" rel=\"noopener\" title=\"Nouvelle fen\u00eatre\">vid\u00e9o de pr\u00e9sentation<\/a> de l\u2019\u00ab\u00a0iPhone Pocket\u00a0\u00bb demande par exemple\u00a0: \u00ab\u00a0Mais qui va laisser son t\u00e9l\u00e9phone pendre en dehors de son sac\u00a0?\u00a0\u00bb Si vous avez r\u00e9pondu \u00ab\u00a0moi\u00a0\u00bb \u00e0 cette question et que vous souhaitez vous procurer l\u2019accessoire en magasin sans passer par le site, vous avez int\u00e9r\u00eat \u00e0 habiter Paris. L\u2019Apple Store du March\u00e9 Saint-Germain (6e arrondissement) sera le seul \u00e0 le commercialiser en France.<\/p>\n<p>      <script async src=\"\/\/www.tiktok.com\/embed.js\"><\/script><\/p>\n","protected":false},"excerpt":{"rendered":"Capture d\u2019\u00e9cran (apple.com) L\u2019\u00ab\u00a0iPhone Pocket\u00a0\u00bb, le nouvel accessoire hors de prix d\u2019Apple, devient la ris\u00e9e d\u2019Internet. (photo mise&hellip;\n","protected":false},"author":2,"featured_media":531978,"comment_status":"","ping_status":"","sticky":false,"template":"","format":"standard","meta":{"footnotes":""},"categories":[7],"tags":[733,1011,27,1757,655,985,43,40,41,39,24551,42,44],"class_list":{"0":"post-531977","1":"post","2":"type-post","3":"status-publish","4":"format-standard","5":"has-post-thumbnail","7":"category-sciences-et-technologies","8":"tag-apple","9":"tag-fr","10":"tag-france","11":"tag-insolite","12":"tag-iphone","13":"tag-mode","14":"tag-science","15":"tag-science-and-technology","16":"tag-sciences","17":"tag-sciences-et-technologies","18":"tag-tech-futurs","19":"tag-technologies","20":"tag-technology"},"share_on_mastodon":{"url":"https:\/\/pubeurope.com\/@fr\/115544013977226371","error":""},"_links":{"self":[{"href":"https:\/\/www.europesays.com\/fr\/wp-json\/wp\/v2\/posts\/531977","targetHints":{"allow":["GET"]}}],"collection":[{"href":"https:\/\/www.europesays.com\/fr\/wp-json\/wp\/v2\/posts"}],"about":[{"href":"https:\/\/www.europesays.com\/fr\/wp-json\/wp\/v2\/types\/post"}],"author":[{"embeddable":true,"href":"https:\/\/www.europesays.com\/fr\/wp-json\/wp\/v2\/users\/2"}],"replies":[{"embeddable":true,"href":"https:\/\/www.europesays.com\/fr\/wp-json\/wp\/v2\/comments?post=531977"}],"version-history":[{"count":0,"href":"https:\/\/www.europesays.com\/fr\/wp-json\/wp\/v2\/posts\/531977\/revisions"}],"wp:featuredmedia":[{"embeddable":true,"href":"https:\/\/www.europesays.com\/fr\/wp-json\/wp\/v2\/media\/531978"}],"wp:attachment":[{"href":"https:\/\/www.europesays.com\/fr\/wp-json\/wp\/v2\/media?parent=531977"}],"wp:term":[{"taxonomy":"category","embeddable":true,"href":"https:\/\/www.europesays.com\/fr\/wp-json\/wp\/v2\/categories?post=531977"},{"taxonomy":"post_tag","embeddable":true,"href":"https:\/\/www.europesays.com\/fr\/wp-json\/wp\/v2\/tags?post=531977"}],"curies":[{"name":"wp","href":"https:\/\/api.w.org\/{rel}","templated":true}]}}