{"id":531991,"date":"2025-11-13T19:27:30","date_gmt":"2025-11-13T19:27:30","guid":{"rendered":"https:\/\/www.europesays.com\/fr\/531991\/"},"modified":"2025-11-13T19:27:30","modified_gmt":"2025-11-13T19:27:30","slug":"le-collectif-enfantiste-mobilise-samedi-pour-une-journee-daction-et-de-sensibilisation","status":"publish","type":"post","link":"https:\/\/www.europesays.com\/fr\/531991\/","title":{"rendered":"le Collectif Enfantiste mobilis\u00e9 samedi pour une journ\u00e9e d\u2019action et de sensibilisation"},"content":{"rendered":"<blockquote class=\"question\"><p>Alexandra Jouan, qui est le Collectif Enfantiste 54 dont vous \u00eates l\u2019une des membres\u00a0?<\/p><\/blockquote>\n<p>\u00ab\u00a0Le Collectif Enfantiste a \u00e9t\u00e9 cr\u00e9\u00e9 en 2022, sous l\u2019impulsion d\u2019une activiste f\u00e9ministe consciente que la question des enfants restait tr\u00e8s invisibilis\u00e9e. Alors m\u00eame qu\u2019ils sont confront\u00e9s \u00e0 de nombreuses situations probl\u00e9matiques. Et 2024 officiellement (plut\u00f4t 2025 en r\u00e9alit\u00e9) a \u00e9t\u00e9 cr\u00e9\u00e9 le collectif 54, \u00e0 savoir un rassemblement de citoyens (victimes ou non).\u00a0\u00bb<\/p>\n<blockquote class=\"question\"><p>Quelle est la vocation de l\u2019enfantisme\u00a0?<\/p><\/blockquote>\n<p>\u00ab\u00a0D\u00e9noncer le fait que la convention cens\u00e9e prot\u00e9ger le bien-\u00eatre sup\u00e9rieur de l\u2019enfant n\u2019est pas respect\u00e9e. Soulever la question des droits des enfants et des violences de tous types qu\u2019ils peuvent subir. \u00c0 commencer par les violences sexuelles et sexistes, certes, mais pas seulement. D\u2019autres, nombreuses, sont beaucoup plus insidieuses.\u00a0\u00bb<\/p>\n<blockquote class=\"question\"><p>Vous pouvez nous en dire plus\u00a0?<\/p><\/blockquote>\n<p>\u00ab\u00a0La violence \u00e9ducative ordinaire que les parents peuvent exercer, par exemple. Dont la fameuse fess\u00e9e. Dans les proc\u00e9dures judiciaires, aussi, o\u00f9 la victime est un enfant, sans pour autant que sa parole soit entendue. Souvent consid\u00e9r\u00e9e comme ill\u00e9gitime. Dans le cadre de l\u2019ASE, l\u2019aide sociale \u00e0 l\u2019enfance, on peut parler de maltraitance institutionnelle et \u00e9ducative, tant les fonds allou\u00e9s y sont insuffisants. Et ce ne sont l\u00e0 que quelques exemples. Les enfants sont au c\u0153ur de plusieurs luttes, celles men\u00e9es contre le patriarcat, les discriminations de toutes natures, la LGBTQUIA +\u00a0phobies, les rapports de dominations,\u00a0etc.\u00a0\u00bb<\/p>\n<blockquote class=\"question\"><p>Et que proposez-vous alors\u00a0?<\/p><\/blockquote>\n<p>\u00ab\u00a0De r\u00e9fl\u00e9chir la soci\u00e9t\u00e9 \u00e0 hauteur d\u2019enfants, de sorte de les prot\u00e9ger et faire reconna\u00eetre leurs droits. L\u2019actualit\u00e9 ne cesse de nous signifier qu\u2019il y a urgence, <a href=\"https:\/\/www.estrepublicain.fr\/faits-divers-justice\/2025\/10\/13\/affaire-betharram-la-congregation-confirme-l-indemnisation-de-toutes-les-victimes\" target=\"_blank\" rel=\"noopener\">\u00e0 commencer par l\u2019affaire B\u00e9tharram<\/a> ou <a href=\"https:\/\/www.estrepublicain.fr\/faits-divers-justice\/2025\/11\/03\/affaire-le-scouarnec-une-premiere-audience-pour-fixer-les-indemnites-versees-aux-victimes-du-pedocriminel\" target=\"_blank\" rel=\"noopener\"> Le Scouarnec.<\/a> Et il est temps de faire pression aupr\u00e8s des politiques pour qu\u2019il y ait, par exemple, un vrai minist\u00e8re de l\u2019Enfance.\u00a0\u00bb<\/p>\n<blockquote class=\"question\"><p>Comment d\u00e9fendez-vous votre cause\u00a0?<\/p><\/blockquote>\n<p>\u00ab\u00a0Sur les r\u00e9seaux sociaux, en expliquant ce qu\u2019est l\u2019enfantisme, en faisant \u00e9tat des diverses violences, en donnant du vocabulaire, en sensibilisant \u00e0 l\u2019\u00e9ducation non violente, \u00e0 la fa\u00e7on de recueillir la parole de l\u2019enfant,\u00a0etc. Et bien s\u00fbr en organisant des \u00e9v\u00e9nements comme celui de samedi 15\u00a0novembre.\u00a0\u00bb<\/p>\n<blockquote class=\"question\"><p>\u00c0 savoir\u00a0?<\/p><\/blockquote>\n<p>\u00ab\u00a0Un rendez-vous donn\u00e9 en \u00e9cho \u00e0 la signature de la Convention des droits de l\u2019enfant sign\u00e9e le 20\u00a0novembre 1989. L\u2019an pass\u00e9 en France, 7 villes y ont particip\u00e9. Cette ann\u00e9e, elles seront 32. Et <a href=\"https:\/\/www.estrepublicain.fr\/culture-loisirs\/2020\/08\/25\/savez-vous-quand-la-pepiniere-royale-a-ete-transformee-en-parc-public\" target=\"_blank\" rel=\"noopener\">\u00e0 Nancy, au parc de la P\u00e9pini\u00e8re entre 14\u00a0h et 15\u00a0h,<\/a> on ouvrira un espace de visibilit\u00e9 des enfants, de sorte qu\u2019ils occupent l\u2019espace public, avec diff\u00e9rents moyens pour eux de s\u2019exprimer via des ateliers. Y figurera notre collectif, mais aussi d\u2019autres organisations invit\u00e9es (Les Apo\u00efdes, Pour la m\u00e9moire d\u2019Amandine Flor\u00e8s, Equinoxe, Quartier Libre Nancy,\u00a0etc.). Les adultes pourront s\u2019y associer bien s\u00fbr. Apr\u00e8s tout, on a tous \u00e9t\u00e9 enfants. Cela \u00e9tant dit, on doit bien \u00eatre conscients qu\u2019on ne l\u2019est pas aujourd\u2019hui. Or la soci\u00e9t\u00e9 a boug\u00e9. Et cette r\u00e9alit\u00e9-l\u00e0 &#8211; \u00eatre enfant aujourd\u2019hui &#8211; il n\u2019y a qu\u2019eux qui peuvent la porter.\u00a0\u00bb<\/p>\n","protected":false},"excerpt":{"rendered":"Alexandra Jouan, qui est le Collectif Enfantiste 54 dont vous \u00eates l\u2019une des membres\u00a0? \u00ab\u00a0Le Collectif Enfantiste a&hellip;\n","protected":false},"author":2,"featured_media":531992,"comment_status":"","ping_status":"","sticky":false,"template":"","format":"standard","meta":{"footnotes":""},"categories":[9635],"tags":[1111,11,6084,1707,1704,1706,1705,1777,674,274,1011,27,775,1702,1703,12,25,104],"class_list":{"0":"post-531991","1":"post","2":"type-post","3":"status-publish","4":"format-standard","5":"has-post-thumbnail","7":"category-nancy","8":"tag-actu","9":"tag-actualites","10":"tag-droit","11":"tag-edition-luneville","12":"tag-edition-nancy-et-agglomeration","13":"tag-edition-pont-a-mousson","14":"tag-edition-toul","15":"tag-eu","16":"tag-europe","17":"tag-faits-divers-justice","18":"tag-fr","19":"tag-france","20":"tag-grand-est","21":"tag-nancy","22":"tag-nancy-ville-54b","23":"tag-news","24":"tag-republique-francaise","25":"tag-societe"},"share_on_mastodon":{"url":"https:\/\/pubeurope.com\/@fr\/115544040712270944","error":""},"_links":{"self":[{"href":"https:\/\/www.europesays.com\/fr\/wp-json\/wp\/v2\/posts\/531991","targetHints":{"allow":["GET"]}}],"collection":[{"href":"https:\/\/www.europesays.com\/fr\/wp-json\/wp\/v2\/posts"}],"about":[{"href":"https:\/\/www.europesays.com\/fr\/wp-json\/wp\/v2\/types\/post"}],"author":[{"embeddable":true,"href":"https:\/\/www.europesays.com\/fr\/wp-json\/wp\/v2\/users\/2"}],"replies":[{"embeddable":true,"href":"https:\/\/www.europesays.com\/fr\/wp-json\/wp\/v2\/comments?post=531991"}],"version-history":[{"count":0,"href":"https:\/\/www.europesays.com\/fr\/wp-json\/wp\/v2\/posts\/531991\/revisions"}],"wp:featuredmedia":[{"embeddable":true,"href":"https:\/\/www.europesays.com\/fr\/wp-json\/wp\/v2\/media\/531992"}],"wp:attachment":[{"href":"https:\/\/www.europesays.com\/fr\/wp-json\/wp\/v2\/media?parent=531991"}],"wp:term":[{"taxonomy":"category","embeddable":true,"href":"https:\/\/www.europesays.com\/fr\/wp-json\/wp\/v2\/categories?post=531991"},{"taxonomy":"post_tag","embeddable":true,"href":"https:\/\/www.europesays.com\/fr\/wp-json\/wp\/v2\/tags?post=531991"}],"curies":[{"name":"wp","href":"https:\/\/api.w.org\/{rel}","templated":true}]}}