{"id":531993,"date":"2025-11-13T19:28:22","date_gmt":"2025-11-13T19:28:22","guid":{"rendered":"https:\/\/www.europesays.com\/fr\/531993\/"},"modified":"2025-11-13T19:28:22","modified_gmt":"2025-11-13T19:28:22","slug":"trophee-sportif-le-club-daviron-du-sport-nautique-de-nancy-elu-sportif-du-mois-doctobre-en-meurthe-et-moselle","status":"publish","type":"post","link":"https:\/\/www.europesays.com\/fr\/531993\/","title":{"rendered":"Troph\u00e9e sportif. Le club d\u2019aviron du Sport Nautique de Nancy \u00e9lu sportif du mois d\u2019octobre en Meurthe-et-Moselle"},"content":{"rendered":"<p>Les rameurs du SN Nancy ont le vent en poupe en ce d\u00e9but de saison 2025-2026\u00a0! Apr\u00e8s <a href=\"https:\/\/www.estrepublicain.fr\/sport\/2025\/10\/31\/emma-cornelis-aujourd-hui-je-me-dis-que-tout-est-possible\" target=\"_blank\" rel=\"noopener\">Emma Cornelis<\/a> , \u00e9lue sportive du mois de septembre en Meurthe-et-Moselle suite \u00e0 sa m\u00e9daille d\u2019argent d\u00e9croch\u00e9e aux championnats du monde, c\u2019est cette fois le club, pour l\u2019ensemble de son \u0153uvre pourrait-on dire, qui a d\u00e9croch\u00e9 la timbale pour <a href=\"https:\/\/www.estrepublicain.fr\/sport\/2025\/11\/07\/elisez-la-sportive-ou-le-sportif-du-mois-d-octobre-en-meurthe-et-moselle\" target=\"_blank\" rel=\"noopener\">ce nouveau vote d\u2019octobre<\/a>.<\/p>\n<p>L\u2019institution nanc\u00e9ienne a \u00e9t\u00e9 pl\u00e9biscit\u00e9e apr\u00e8s les sacres nationaux de son \u00ab\u00a0huit\u00a0\u00bb masculin et de son quatre de pointe f\u00e9minin remport\u00e9s lors des championnats de France \u00ab\u00a0bateaux longs\u00a0\u00bb \u00e0 Macon, qui ont particip\u00e9 \u00e0 faire du SNN le troisi\u00e8me club sur le plan hexagonal. 62\u00a0% des suffrages sont revenus aux rameurs et rameuses nanc\u00e9iens, quand le GSA Tomblaine, petit Poucet du Grand Est en Coupe de France de foot, en a recueilli 26\u00a0% et Gillian Henrion, pilote toulois victorieux du championnat d\u2019endurance \u00ab\u00a0Le\u00a0Mans Cup\u00a0\u00bb, 12\u00a0%.<\/p>\n","protected":false},"excerpt":{"rendered":"Les rameurs du SN Nancy ont le vent en poupe en ce d\u00e9but de saison 2025-2026\u00a0! Apr\u00e8s Emma&hellip;\n","protected":false},"author":2,"featured_media":531994,"comment_status":"","ping_status":"","sticky":false,"template":"","format":"standard","meta":{"footnotes":""},"categories":[9635],"tags":[1111,11,3810,1704,1777,674,1011,27,775,3457,1702,1703,12,25,517,1700,15103,65189],"class_list":{"0":"post-531993","1":"post","2":"type-post","3":"status-publish","4":"format-standard","5":"has-post-thumbnail","7":"category-nancy","8":"tag-actu","9":"tag-actualites","10":"tag-aviron","11":"tag-edition-nancy-et-agglomeration","12":"tag-eu","13":"tag-europe","14":"tag-fr","15":"tag-france","16":"tag-grand-est","17":"tag-meurthe-et-moselle","18":"tag-nancy","19":"tag-nancy-ville-54b","20":"tag-news","21":"tag-republique-francaise","22":"tag-sport","23":"tag-sport-lorrain","24":"tag-sports-nautiques","25":"tag-trophees-sportifs"},"share_on_mastodon":{"url":"https:\/\/pubeurope.com\/@fr\/115544044876788111","error":""},"_links":{"self":[{"href":"https:\/\/www.europesays.com\/fr\/wp-json\/wp\/v2\/posts\/531993","targetHints":{"allow":["GET"]}}],"collection":[{"href":"https:\/\/www.europesays.com\/fr\/wp-json\/wp\/v2\/posts"}],"about":[{"href":"https:\/\/www.europesays.com\/fr\/wp-json\/wp\/v2\/types\/post"}],"author":[{"embeddable":true,"href":"https:\/\/www.europesays.com\/fr\/wp-json\/wp\/v2\/users\/2"}],"replies":[{"embeddable":true,"href":"https:\/\/www.europesays.com\/fr\/wp-json\/wp\/v2\/comments?post=531993"}],"version-history":[{"count":0,"href":"https:\/\/www.europesays.com\/fr\/wp-json\/wp\/v2\/posts\/531993\/revisions"}],"wp:featuredmedia":[{"embeddable":true,"href":"https:\/\/www.europesays.com\/fr\/wp-json\/wp\/v2\/media\/531994"}],"wp:attachment":[{"href":"https:\/\/www.europesays.com\/fr\/wp-json\/wp\/v2\/media?parent=531993"}],"wp:term":[{"taxonomy":"category","embeddable":true,"href":"https:\/\/www.europesays.com\/fr\/wp-json\/wp\/v2\/categories?post=531993"},{"taxonomy":"post_tag","embeddable":true,"href":"https:\/\/www.europesays.com\/fr\/wp-json\/wp\/v2\/tags?post=531993"}],"curies":[{"name":"wp","href":"https:\/\/api.w.org\/{rel}","templated":true}]}}