{"id":532021,"date":"2025-11-13T19:43:13","date_gmt":"2025-11-13T19:43:13","guid":{"rendered":"https:\/\/www.europesays.com\/fr\/532021\/"},"modified":"2025-11-13T19:43:13","modified_gmt":"2025-11-13T19:43:13","slug":"freres-musulmans-le-prefet-des-alpes-maritimes-confirme-limplantation-islamiste-dans-le-departement","status":"publish","type":"post","link":"https:\/\/www.europesays.com\/fr\/532021\/","title":{"rendered":"Fr\u00e8res musulmans : le pr\u00e9fet des Alpes-Maritimes confirme l\u2019implantation islamiste dans le d\u00e9partement"},"content":{"rendered":"<p>                                            Politique\n                                                                            <\/p>\n<p>\n                                            En r\u00e9ponse \u00e0 une demande \u00e9crite formul\u00e9e par l&rsquo;\u00e9lu ni\u00e7ois Philippe Vardon, la pr\u00e9fecture m\u00e9diterran\u00e9enne a reconnu l&rsquo;existence de onze structures fr\u00e9ristes, notamment \u00e0 Nice.\u00a0                                        <\/p>\n<p>                                                Publi\u00e9 le 13 novembre 2025 \u00e0 20h32                                                                                            <\/p>\n<p>                                            <img loading=\"lazy\" width=\"1024\" height=\"452\" src=\"https:\/\/www.europesays.com\/fr\/wp-content\/uploads\/2025\/11\/2025-11-13-18.48.20-e1763062425654.jpg\" class=\"attachment-post-thumbnail size-post-thumbnail wp-post-image\" alt=\"L'\u00e9lu d'opposition \u00e0 Nice Philippe Vardon pr\u00e9sente la lettre de r\u00e9ponse de la pr\u00e9fecture des Alpes-Maritimes \u00e0 sa question relative \u00e0 l'implantation des Fr\u00e8res musulmans dans le d\u00e9partement. Photo\u00a9DR\" decoding=\"async\"  \/><\/p>\n<p>                                            L&rsquo;\u00e9lu d&rsquo;opposition \u00e0 Nice Philippe Vardon pr\u00e9sente la lettre de r\u00e9ponse de la pr\u00e9fecture des Alpes-Maritimes \u00e0 sa question relative \u00e0 l&rsquo;implantation des Fr\u00e8res musulmans dans le d\u00e9partement. Photo\u00a9DR<\/p>\n<p>\u00c0 Nice, les dates s\u2019alignent comme un mauvais calendrier comm\u00e9moratif : dix ans apr\u00e8s les <a href=\"https:\/\/www.valeursactuelles.com\/clubvaleurs\/societe\/attentats-du-13-novembre-le-bleuet-de-france-pour-reparer-ceux-qui-restent\" target=\"_blank\" rel=\"noopener\">attentats du 13 novembre 2015<\/a>, cinq ans apr\u00e8s l\u2019attaque de la basilique Notre-Dame, bient\u00f4t le dixi\u00e8me anniversaire du carnage de la Promenade des Anglais. <\/p>\n<p>On se prend \u00e0 r\u00eaver de tourner la page. Rat\u00e9 : l\u2019islamisme revient sans cesse, et cette fois, ce n\u2019est plus un \u00e9lu de l\u2019opposition qui alerte, mais l\u2019\u00c9tat lui-m\u00eame.<\/p>\n<p>Dans un courrier dat\u00e9 du 19 ao\u00fbt 2025, le pr\u00e9fet des Alpes-Maritimes reconna\u00eet noir sur blanc l\u2019existence d\u2019une implantation structur\u00e9e de la mouvance des Fr\u00e8res musulmans dans le d\u00e9partement m\u00e9diterran\u00e9en.\u00a0<\/p>\n<p>Cette r\u00e9ponse est adress\u00e9e \u00e0 <a href=\"https:\/\/www.valeursactuelles.com\/clubvaleurs\/politique\/philippe-vardon-le-marion-nettiste\" target=\"_blank\" rel=\"noopener\">Philippe Vardon<\/a>, pr\u00e9sident du groupe d\u2019opposition \u00ab Retrouver Nice \u00bb, \u00e9galement d\u00e9l\u00e9gu\u00e9 g\u00e9n\u00e9ral d\u2019Identit\u00e9-Libert\u00e9s, le mouvement fond\u00e9 et pr\u00e9sid\u00e9 par Marion Mar\u00e9chal.<\/p>\n<p>Onze mosqu\u00e9es fr\u00e9ristes et une \u00e9cole hors-contrat<\/p>\n<p>Dans une lettre du 22 mai 2025, l\u2019\u00e9lu demandait formellement au pr\u00e9fet si des organisations li\u00e9es \u00e0 ce <a href=\"https:\/\/www.valeursactuelles.com\/clubvaleurs\/societe\/comment-mettre-un-terme-au-financement-des-freres-musulmans-en-europe\" target=\"_blank\" rel=\"noopener\">courant islamiste<\/a> \u00e9taient implant\u00e9es dans le d\u00e9partement.\u00a0<\/p>\n<p>On aurait pu lui r\u00e9pondre par une pirouette. Le repr\u00e9sentant de l\u2019\u00c9tat, cette fois, joue franc-jeu. \u00ab Je peux vous indiquer que la d\u00e9clinaison locale de la mouvance fr\u00e9riste baptis\u00e9e \u201cMusulmans de France\u201d est repr\u00e9sent\u00e9e par l\u2019Union des Musulmans des Alpes-Maritimes (UMAM) et la F\u00e9d\u00e9ration Azur\u00e9enne des Mosqu\u00e9es et Institutions Islamiques Ind\u00e9pendantes (FAMIII). \u00bb<\/p>\n<p>Les sigles s\u2019empilent, le maillage se pr\u00e9cise. Le pr\u00e9fet d\u00e9taille : l\u2019UMAM f\u00e9d\u00e8re six lieux de culte \u00e0 Nice et un \u00e0 Menton. Des associations affili\u00e9es \u00e0 la FAMIII g\u00e8rent quatre lieux suppl\u00e9mentaires dans la seule ville de Nice. <\/p>\n<p>Au total, onze mosqu\u00e9es ou salles de pri\u00e8re \u2013 dont dix \u00e0 Nice \u2013 sont ainsi officiellement identifi\u00e9es comme relevant de cette mouvance fr\u00e9riste. La cartographie se pr\u00e9cise.<\/p>\n<p>Le pr\u00e9fet ne s\u2019arr\u00eate pas aux lieux de culte. Il \u00e9voque aussi un \u00e9tablissement scolaire d\u00e9j\u00e0 bien connu des services de l\u2019\u00c9tat : le coll\u00e8ge priv\u00e9 hors contrat Avicenne. <\/p>\n<p>L\u2019\u00e9cole a fait l\u2019objet d\u2019une fermeture administrative pr\u00e9fectorale, d\u00e9cision finalement annul\u00e9e par le tribunal administratif de Nice le 2 juillet 2024. Malgr\u00e9 l\u2019appel port\u00e9 par l \u2019\u00c9tat a fait appel, <a href=\"https:\/\/www.valeursactuelles.com\/regions\/provence-alpes-cote-dazur\/alpes-maritimes\/nice\/societe\/nice-le-recours-en-refere-sur-le-passage-sous-contrat-du-college-musulman-avicenne-rejete\" target=\"_blank\" rel=\"noopener\">l\u2019annulation<\/a> a \u00e9t\u00e9 confirm\u00e9e par la justice.<\/p>\n<p>Un constat, mais quelles solutions ?<\/p>\n<p>Une fois ce d\u00e9cor pos\u00e9, le ton change. S\u2019il admet une implantation organis\u00e9e, le repr\u00e9sentant de l\u2019\u00c9tat se montre nettement plus prudent sur la riposte. <\/p>\n<p>Les statuts des associations, assure-t-il, ont fait l\u2019objet de \u00ab contr\u00f4les appropri\u00e9s \u00bb et d\u2019un \u00ab suivi tr\u00e8s attentif \u00bb. On mentionne la cellule de lutte contre l\u2019islamisme et le repli communautaire (CLIR), charg\u00e9e de coordonner services de l\u2019\u00c9tat et parquets. \u00c0 chaque menace, son acronyme rassurant.<\/p>\n<p>Pour Philippe Vardon, cette lettre ne se r\u00e9sume pas \u00e0 une r\u00e9ponse administrative, mais ressemble \u00e0 un acte de cons\u00e9cration. La confirmation officielle de ce qu\u2019il r\u00e9p\u00e8te depuis pr\u00e8s de vingt ans. \u00ab Souvent sous les sarcasmes politiques ou m\u00e9diatiques, tance-t-il. Dix mosqu\u00e9es li\u00e9es aux islamistes des Fr\u00e8res musulmans \u00e0 Nice : ce n\u2019est d\u00e9sormais plus seulement Philippe Vardon qui le dit, c\u2019est le pr\u00e9fet ! \u00bb<\/p>\n<p>Le Ni\u00e7ois ne sabre pas le champagne pour autant. Il ne se contente pas du constat, aussi pr\u00e9cis soit-il. Fort de ce courrier, il r\u00e9clame d\u00e9sormais des actes. Pas des circonvolutions.\u00a0<\/p>\n<p><strong>\u00ab L\u2019exp\u00e9rience l\u2019a d\u00e9montr\u00e9 : attendre, c\u2019est toujours attendre qu\u2019il soit trop tard \u00bb<\/strong><\/p>\n<p>Ses exigences ? Un contr\u00f4le renforc\u00e9, permanent et transparent des structures identifi\u00e9es comme fr\u00e9ristes ; la publication annuelle d\u2019un \u00e9tat des lieux du communautarisme islamique dans les Alpes-Maritimes ; l\u2019application sans \u00e9tats d\u2019\u00e2me de la loi de 2021 sur le \u201cs\u00e9paratisme\u201d, en particulier sur les financements, la gouvernance associative et l\u2019encadrement des mineurs ; enfin, une ligne municipale claire, notamment \u00e0 propos d\u2019un projet d\u2019\u00e9cole islamique clandestine qui inqui\u00e9terait les habitants du quartier du Parc Imp\u00e9rial, \u00e0 Nice.<\/p>\n<p>En toile de fond, il y a autre chose qu\u2019un bras de fer entre un opposant municipal et la pr\u00e9fecture : la m\u00e9moire des morts. Nice, ville frapp\u00e9e \u00e0 plusieurs reprises, reste l\u2019un des symboles nationaux de la vuln\u00e9rabilit\u00e9 fran\u00e7aise face \u00e0 l\u2019islamisme politique et au s\u00e9paratisme religieux.\u00a0<\/p>\n<p>\u00ab L\u2019exp\u00e9rience l\u2019a d\u00e9montr\u00e9 : attendre, c\u2019est toujours attendre qu\u2019il soit trop tard \u00bb, pr\u00e9vient Philippe Vardon, en appelant \u00e0 ne plus se retrancher derri\u00e8re la seule grille de lecture de l\u2019\u201cordre public imm\u00e9diat\u201d pour mesurer la menace. <\/p>\n<p>Et de conclure : \u00ab Dix ans apr\u00e8s l\u2019horreur, alors que Nice est aussi une ville martyre, notre premier devoir envers les victimes est la v\u00e9rit\u00e9 et la lucidit\u00e9. La v\u00e9rit\u00e9, la lucidit\u00e9, et l\u2019action. Rien d\u2019autre. \u00bb<\/p>\n","protected":false},"excerpt":{"rendered":"Politique En r\u00e9ponse \u00e0 une demande \u00e9crite formul\u00e9e par l&rsquo;\u00e9lu ni\u00e7ois Philippe Vardon, la pr\u00e9fecture m\u00e9diterran\u00e9enne a reconnu&hellip;\n","protected":false},"author":2,"featured_media":532022,"comment_status":"","ping_status":"","sticky":false,"template":"","format":"standard","meta":{"footnotes":""},"categories":[2819],"tags":[1111,11,5581,61701,1777,674,1011,27,9305,1253,15233,12,2401,882,25],"class_list":{"0":"post-532021","1":"post","2":"type-post","3":"status-publish","4":"format-standard","5":"has-post-thumbnail","7":"category-nice","8":"tag-actu","9":"tag-actualites","10":"tag-attentat","11":"tag-attentats-du-13-novembre","12":"tag-eu","13":"tag-europe","14":"tag-fr","15":"tag-france","16":"tag-freres-musulmans","17":"tag-islamisme","18":"tag-marion-marechal","19":"tag-news","20":"tag-nice","21":"tag-provence-alpes-cote-dazur","22":"tag-republique-francaise"},"share_on_mastodon":{"url":"https:\/\/pubeurope.com\/@fr\/115544104662665257","error":""},"_links":{"self":[{"href":"https:\/\/www.europesays.com\/fr\/wp-json\/wp\/v2\/posts\/532021","targetHints":{"allow":["GET"]}}],"collection":[{"href":"https:\/\/www.europesays.com\/fr\/wp-json\/wp\/v2\/posts"}],"about":[{"href":"https:\/\/www.europesays.com\/fr\/wp-json\/wp\/v2\/types\/post"}],"author":[{"embeddable":true,"href":"https:\/\/www.europesays.com\/fr\/wp-json\/wp\/v2\/users\/2"}],"replies":[{"embeddable":true,"href":"https:\/\/www.europesays.com\/fr\/wp-json\/wp\/v2\/comments?post=532021"}],"version-history":[{"count":0,"href":"https:\/\/www.europesays.com\/fr\/wp-json\/wp\/v2\/posts\/532021\/revisions"}],"wp:featuredmedia":[{"embeddable":true,"href":"https:\/\/www.europesays.com\/fr\/wp-json\/wp\/v2\/media\/532022"}],"wp:attachment":[{"href":"https:\/\/www.europesays.com\/fr\/wp-json\/wp\/v2\/media?parent=532021"}],"wp:term":[{"taxonomy":"category","embeddable":true,"href":"https:\/\/www.europesays.com\/fr\/wp-json\/wp\/v2\/categories?post=532021"},{"taxonomy":"post_tag","embeddable":true,"href":"https:\/\/www.europesays.com\/fr\/wp-json\/wp\/v2\/tags?post=532021"}],"curies":[{"name":"wp","href":"https:\/\/api.w.org\/{rel}","templated":true}]}}