{"id":532035,"date":"2025-11-13T19:50:18","date_gmt":"2025-11-13T19:50:18","guid":{"rendered":"https:\/\/www.europesays.com\/fr\/532035\/"},"modified":"2025-11-13T19:50:18","modified_gmt":"2025-11-13T19:50:18","slug":"infographie-vivez-vous-dans-un-ilot-de-chaleur-urbain","status":"publish","type":"post","link":"https:\/\/www.europesays.com\/fr\/532035\/","title":{"rendered":"INFOGRAPHIE. Vivez-vous dans un \u00eelot de chaleur urbain\u00a0?"},"content":{"rendered":"<p>Pour les habitants des grandes villes, c\u2019est parfois la double peine. Comme si la multiplication des vagues de chaleur du fait du changement climatique ne suffisait pas, les habitants des zones urbaines subissent un deuxi\u00e8me effet qui d\u00e9coule du premier\u00a0: les \u00eelots de chaleur.<br \/>Ces zones o\u00f9 la temp\u00e9rature est nettement plus \u00e9lev\u00e9e qu\u2019en p\u00e9riph\u00e9rie, en raison de la concentration de b\u00e2timents, de l\u2019activit\u00e9 humaine et la raret\u00e9 des espaces verts. \u00c0 l\u2019aide de mesures de la temp\u00e9rature de l\u2019air \u00e0 250\u00a0m\u00e8tres du sol, M\u00e9t\u00e9o France a pu d\u00e9terminer les tendances de chaleur <a href=\"https:\/\/rennes.maville.com\/actu\/actudet_-carte.-quels-sont-les-quartiers-de-rennes-dans-lesquels-il-fait-le-plus-chaud-_7-6863921_actu.Htm\" target=\"_self\" rel=\"noopener\">dans 47\u00a0aires urbaines majeures<\/a> du pays pour permettre de les visualiser \u00e0 l\u2019aide <a href=\"https:\/\/meteofrance.com\/le-changement-climatique\/les-bases-du-changement-climatique\/cartographie-de-leffet-dilot-de-chaleur\" target=\"_self\" rel=\"noopener\">d\u2019une carte interactive.<\/a><\/p>\n<p>Cette carte propose une vision globale \u00e0 \u00e9chelle nationale ainsi que des cartes t\u00e9l\u00e9chargeables par grandes villes, d\u00e9finissant les zones les plus chaudes. \u00c0 Paris, l\u2019\u00e9cart peut atteindre +\u00a06,4\u00a0% par rapport aux zones environnantes tandis qu\u2019\u00e0 Grenoble on enregistre un \u00e9cart de +\u00a05,6\u00a0%.<\/p>\n<p>Qu\u2019est-ce que les \u00eelots de chaleur urbains\u00a0?<\/p>\n<p>D\u00e9sign\u00e9s \u00e9galement par le sigle ICU (Ilots de Chaleur Urbains), ils se manifestent par des temp\u00e9ratures nocturnes \u00e9lev\u00e9es en milieu urbain par rapport aux communes rurales environnantes. Cette mesure, exprim\u00e9e en degr\u00e9s, exprime des diff\u00e9rentiels de temp\u00e9rature qui se situent g\u00e9n\u00e9ralement entre +\u00a02\u00a0\u00b0C et +\u00a06\u00a0\u00b0C. Ces fortes chaleurs nocturnes s\u2019expriment commun\u00e9ment entre 4 et 6\u00a0heures du matin.<\/p>\n<p>Cette diff\u00e9rence tient notamment \u00e0 <a href=\"https:\/\/rennes.maville.com\/actu\/actudet_-face-au-changement-climatique-comment-adapter-la-ville-pour-que-rennes-reste-vivable-_7-6109792_actu.Htm\" target=\"_self\" rel=\"noopener\">la mani\u00e8re dont nos villes sont construites<\/a>\u00a0: bitume, b\u00e9ton, mat\u00e9riaux sombres qui absorbent la chaleur la journ\u00e9e pour la dissiper la nuit. Ceci s\u2019explique notamment par la pr\u00e9sence de \u00ab\u00a0canyons urbains\u00a0\u00bb\u00a0: la densit\u00e9 des b\u00e2timents forme des passages o\u00f9 l\u2019air circule difficilement et o\u00f9 la chaleur stagne.<\/p>\n<p>Ce ph\u00e9nom\u00e8ne s\u2019accentue avec l\u2019activit\u00e9 humaine, les cons\u00e9quences du r\u00e9chauffement climatique mais aussi par <a href=\"https:\/\/lemans.maville.com\/actu\/actudet_-entretien.-chaleurs-extremes-en-ville-on-ne-trouvera-pas-mieux-que-les-arbres-pour-lutter-_14-6897390_actu.Htm\" target=\"_self\" rel=\"noopener\">la pr\u00e9sence r\u00e9duite de v\u00e9g\u00e9tation<\/a>.<\/p>\n<p>Paris, Grenoble, Lille sont les communes les plus concern\u00e9es<\/p>\n<\/p>\n<p>Parmi les communes surchauff\u00e9es on retrouve sans surprise Paris (+\u00a06,4), suivie de la ville de Grenoble (+\u00a05,6), puis Lille (+\u00a04,9) et Clermont-Ferrand (+\u00a04,7).<\/p>\n<p>Ces cartographies produites par M\u00e9t\u00e9o France viennent compl\u00e9ter le service Climadiag Chaleur d\u00e9j\u00e0 propos\u00e9 aux collectivit\u00e9s locales pour simuler l\u2019impact des politiques publiques sur la ville (ajout d\u2019arbres, imperm\u00e9abilisation des sols, mat\u00e9riaux r\u00e9fl\u00e9chissants sur les toits), permettant d\u2019identifier les quartiers les plus sensibles et de parvenir \u00e0 adapter les villes \u00e0 ce ph\u00e9nom\u00e8ne de surchauffe urbaine.<\/p>\n<p>\u00a0<\/p>\n","protected":false},"excerpt":{"rendered":"Pour les habitants des grandes villes, c\u2019est parfois la double peine. Comme si la multiplication des vagues de&hellip;\n","protected":false},"author":2,"featured_media":532036,"comment_status":"","ping_status":"","sticky":false,"template":"","format":"standard","meta":{"footnotes":""},"categories":[2815],"tags":[1111,11,13208,1777,674,1011,27,811,17253,230,1307,12,25,4889,65190],"class_list":{"0":"post-532035","1":"post","2":"type-post","3":"status-publish","4":"format-standard","5":"has-post-thumbnail","7":"category-lille","8":"tag-actu","9":"tag-actualites","10":"tag-chaleur","11":"tag-eu","12":"tag-europe","13":"tag-fr","14":"tag-france","15":"tag-hauts-de-france","16":"tag-ilot","17":"tag-infographie","18":"tag-lille","19":"tag-news","20":"tag-republique-francaise","21":"tag-urbain","22":"tag-vivez-vous"},"share_on_mastodon":{"url":"https:\/\/pubeurope.com\/@fr\/115544131202476071","error":""},"_links":{"self":[{"href":"https:\/\/www.europesays.com\/fr\/wp-json\/wp\/v2\/posts\/532035","targetHints":{"allow":["GET"]}}],"collection":[{"href":"https:\/\/www.europesays.com\/fr\/wp-json\/wp\/v2\/posts"}],"about":[{"href":"https:\/\/www.europesays.com\/fr\/wp-json\/wp\/v2\/types\/post"}],"author":[{"embeddable":true,"href":"https:\/\/www.europesays.com\/fr\/wp-json\/wp\/v2\/users\/2"}],"replies":[{"embeddable":true,"href":"https:\/\/www.europesays.com\/fr\/wp-json\/wp\/v2\/comments?post=532035"}],"version-history":[{"count":0,"href":"https:\/\/www.europesays.com\/fr\/wp-json\/wp\/v2\/posts\/532035\/revisions"}],"wp:featuredmedia":[{"embeddable":true,"href":"https:\/\/www.europesays.com\/fr\/wp-json\/wp\/v2\/media\/532036"}],"wp:attachment":[{"href":"https:\/\/www.europesays.com\/fr\/wp-json\/wp\/v2\/media?parent=532035"}],"wp:term":[{"taxonomy":"category","embeddable":true,"href":"https:\/\/www.europesays.com\/fr\/wp-json\/wp\/v2\/categories?post=532035"},{"taxonomy":"post_tag","embeddable":true,"href":"https:\/\/www.europesays.com\/fr\/wp-json\/wp\/v2\/tags?post=532035"}],"curies":[{"name":"wp","href":"https:\/\/api.w.org\/{rel}","templated":true}]}}