{"id":532037,"date":"2025-11-13T19:51:19","date_gmt":"2025-11-13T19:51:19","guid":{"rendered":"https:\/\/www.europesays.com\/fr\/532037\/"},"modified":"2025-11-13T19:51:19","modified_gmt":"2025-11-13T19:51:19","slug":"limage-lille-rend-hommage-a-ludovic-boumbas-tue-lors-des-attentats-du-13-novembre","status":"publish","type":"post","link":"https:\/\/www.europesays.com\/fr\/532037\/","title":{"rendered":"L&rsquo;IMAGE. Lille rend hommage \u00e0 Ludovic Boumbas, tu\u00e9 lors des attentats du 13 novembre"},"content":{"rendered":"<p>                    Par<br \/>\n        <strong><br \/>\n            <a href=\"https:\/\/actu.fr\/auteur\/nicolas-demollien\" title=\"Consulter tous les articles de Nicolas Demollien\" target=\"_blank\" rel=\"noopener\">Nicolas Demollien<\/a><br \/>\n                    <\/strong><\/p>\n<p>        Publi\u00e9 le<\/p>\n<p>            13 nov. 2025 \u00e0 14h06        <\/p>\n<p>Comme chaque ann\u00e9e, <a href=\"https:\/\/actu.fr\/hauts-de-france\/lille_59350\" target=\"_blank\" rel=\"noopener\">Lille<\/a> (Nord) a rendu <b>hommage \u00e0 Ludovic Boumbas<\/b> ce jeudi 13 novembre 2025. <b>Dix ans apr\u00e8s<\/b>, la ville <b>n\u2019oublie pas son h\u00e9ros<\/b> et a d\u00e9pos\u00e9 une <b>gerbe sur le parvis qui porte son nom<\/b>, pr\u00e8s du Flow, \u00e0 l\u2019angle des rues de Fontenoy et d\u2019Arras.<\/p>\n<p>Hommage au Lillois Ludovic Boumbas, tu\u00e9 dans les attentats du 13 novembre<\/p>\n<p class=\" wall-content\">\u00ab\u00a0On n\u2019oublie pas Ludovic ni tout ce qu\u2019il a laiss\u00e9. Nous devons rester unis\u00a0\u00bb, commente sobrement le maire Arnaud Deslandes.<\/p>\n<p data-end=\"460\" class=\" wall-content\">Originaire de Lille, l\u2019homme \u00e9tait connu pour sa gentillesse et sa joie de vivre. <a href=\"https:\/\/actu.fr\/tag\/attentats-du-13-novembre\" target=\"_blank\" rel=\"noopener\">Le 13 novembre 2015<\/a>, il se trouvait au <b>restaurant La Belle \u00c9quipe<\/b>, dans le 11\u1d49 arrondissement de Paris, lorsqu\u2019un <b>commando terroriste a ouvert le feu sur la terrasse<\/b>.<br data-end=\"635\"\/>Selon les t\u00e9moignages de ses amis pr\u00e9sents ce soir-l\u00e0, le Nordiste s\u2019\u00e9tait <b>interpos\u00e9 pour prot\u00e9ger une amie<\/b>, se jetant sur elle pour la mettre \u00e0 l\u2019abri des balles. Il a \u00e9t\u00e9 <b>m<\/b><b>ortellement touch\u00e9<\/b>, mais son geste a permis de sauver la vie de cette jeune femme. Son acte de courage et d\u2019altruisme avait \u00e9t\u00e9 salu\u00e9 en France et \u00e0 l\u2019\u00e9tranger.<\/p>\n<p data-end=\"460\" class=\" wall-content\">Ce jeudi \u00e0 18h30, une soir\u00e9e hommage est \u00e9galement organis\u00e9e au Flow.<\/p>\n<p class=\" wall-content\">Personnalisez votre actualit\u00e9 en ajoutant vos villes et m\u00e9dias en favori avec <a href=\"https:\/\/moncompte.actu.fr\" title=\"D\u00e9couvez Mon Actu\" rel=\"nofollow noopener\" data-trk=\"{&quot;cta&quot;:{&quot;action&quot;:&quot;https:\\\/\\\/moncompte.actu.fr&quot;,&quot;category&quot;:&quot;mon compte&quot;,&quot;from&quot;:&quot;article footer&quot;,&quot;name&quot;:&quot;Mon actu&quot;,&quot;type&quot;:&quot;cta&quot;}}\" target=\"_blank\">Mon Actu<\/a>.<\/p>\n","protected":false},"excerpt":{"rendered":"Par Nicolas Demollien Publi\u00e9 le 13 nov. 2025 \u00e0 14h06 Comme chaque ann\u00e9e, Lille (Nord) a rendu hommage&hellip;\n","protected":false},"author":2,"featured_media":532038,"comment_status":"","ping_status":"","sticky":false,"template":"","format":"standard","meta":{"footnotes":""},"categories":[2815],"tags":[1111,11,61701,1777,674,1011,27,811,1307,12,25,104],"class_list":{"0":"post-532037","1":"post","2":"type-post","3":"status-publish","4":"format-standard","5":"has-post-thumbnail","7":"category-lille","8":"tag-actu","9":"tag-actualites","10":"tag-attentats-du-13-novembre","11":"tag-eu","12":"tag-europe","13":"tag-fr","14":"tag-france","15":"tag-hauts-de-france","16":"tag-lille","17":"tag-news","18":"tag-republique-francaise","19":"tag-societe"},"share_on_mastodon":{"url":"https:\/\/pubeurope.com\/@fr\/115544135083849997","error":""},"_links":{"self":[{"href":"https:\/\/www.europesays.com\/fr\/wp-json\/wp\/v2\/posts\/532037","targetHints":{"allow":["GET"]}}],"collection":[{"href":"https:\/\/www.europesays.com\/fr\/wp-json\/wp\/v2\/posts"}],"about":[{"href":"https:\/\/www.europesays.com\/fr\/wp-json\/wp\/v2\/types\/post"}],"author":[{"embeddable":true,"href":"https:\/\/www.europesays.com\/fr\/wp-json\/wp\/v2\/users\/2"}],"replies":[{"embeddable":true,"href":"https:\/\/www.europesays.com\/fr\/wp-json\/wp\/v2\/comments?post=532037"}],"version-history":[{"count":0,"href":"https:\/\/www.europesays.com\/fr\/wp-json\/wp\/v2\/posts\/532037\/revisions"}],"wp:featuredmedia":[{"embeddable":true,"href":"https:\/\/www.europesays.com\/fr\/wp-json\/wp\/v2\/media\/532038"}],"wp:attachment":[{"href":"https:\/\/www.europesays.com\/fr\/wp-json\/wp\/v2\/media?parent=532037"}],"wp:term":[{"taxonomy":"category","embeddable":true,"href":"https:\/\/www.europesays.com\/fr\/wp-json\/wp\/v2\/categories?post=532037"},{"taxonomy":"post_tag","embeddable":true,"href":"https:\/\/www.europesays.com\/fr\/wp-json\/wp\/v2\/tags?post=532037"}],"curies":[{"name":"wp","href":"https:\/\/api.w.org\/{rel}","templated":true}]}}