{"id":532041,"date":"2025-11-13T19:53:16","date_gmt":"2025-11-13T19:53:16","guid":{"rendered":"https:\/\/www.europesays.com\/fr\/532041\/"},"modified":"2025-11-13T19:53:16","modified_gmt":"2025-11-13T19:53:16","slug":"le-jeune-tue-par-balle-a-marseille-est-un-frere-de-lecologiste-amine-kessaci","status":"publish","type":"post","link":"https:\/\/www.europesays.com\/fr\/532041\/","title":{"rendered":"Le jeune tu\u00e9 par balle \u00e0 Marseille est un fr\u00e8re de l&rsquo;\u00e9cologiste Amine Kessaci"},"content":{"rendered":"<p>Le jeune de 20 ans tu\u00e9 jeudi par balle en plein jour \u00e0 Marseille est le petit fr\u00e8re de l&rsquo;\u00e9cologiste Amine Kessaci, dont la famille avait d\u00e9j\u00e0 \u00e9t\u00e9 endeuill\u00e9e par la perte d&rsquo;un autre fr\u00e8re dans un narchomicide en 2020, a-t-on appris de sources concordantes.<\/p>\n<p>Les <a href=\"https:\/\/maritima.fr\/actualites\/faits-divers\/marseille\/9933\/un-homme-tue-par-balle-en-plein-jour-a-marseille\" target=\"_blank\" rel=\"noopener\">faits se sont produits \u00e0 14H30<\/a>, \u00e0 deux pas de la plus grande salle de concert de Marseille situ\u00e9e dans le 4e arrondissement. \u00ab\u00a0Il r\u00e9sulte des premiers \u00e9l\u00e9ments qu\u2019une moto s\u2019est port\u00e9e \u00e0 hauteur du v\u00e9hicule de la victime qui venait de se garer. Le passager arri\u00e8re de la moto a tir\u00e9 \u00e0 plusieurs reprises sur la victime, qui \u00e9tait toujours dans son v\u00e9hicule. Plusieurs \u00e9tuis de 9 mm ont \u00e9t\u00e9 retrouv\u00e9s sur place\u00a0\u00bb, pr\u00e9cise le procureur de Marseille, Nicolas Bessone, dans un communiqu\u00e9.<\/p>\n<p>Le parquet ne donne pas l&rsquo;identit\u00e9 de la victime, touch\u00e9e au thorax selon les marins pompiers, se bornant \u00e0 indiquer qu&rsquo;il s&rsquo;agit d&rsquo;un jeune de 20 ans, inconnu des services de police et de justice.<\/p>\n<p>Le parquet de Marseille a indiqu\u00e9 avoir ouvert une enqu\u00eate pour assassinat en bande organis\u00e9e et association de malfaiteurs en vue de commettre un crime.<\/p>\n<p>Selon une information de La Provence, confirm\u00e9e par une source proche de l&rsquo;enqu\u00eate, la victime est le jeune fr\u00e8re de l&rsquo;\u00e9cologiste Amine Kessaci qui s&rsquo;\u00e9tait pr\u00e9sent\u00e9 aux \u00e9lections europ\u00e9ennes de 2024 \u00e0 Marseille.<\/p>\n<p>Christine Juste, adjointe \u00e9cologiste au maire de Marseille, le confirme en pleurs \u00e0 l&rsquo;AFP. \u00ab\u00a0J&rsquo;ai \u00e9norm\u00e9ment de peine pour mon ami et sa maman, aucune m\u00e8re ne devrait vivre cela, la perte de deux enfants. Et je suis en col\u00e8re qu&rsquo;on puisse, dans la 2e ville de France, assassiner aussi facilement en plein jour des gens\u00a0\u00bb, a-t-elle d\u00e9clar\u00e9.<\/p>\n<p>Le lien entre cet homicide et le narcobanditisme n&rsquo;a pas \u00e9t\u00e9 \u00e9tabli \u00e0 ce stade. Son grand fr\u00e8re Brahim avait lui \u00e9t\u00e9 victime d&rsquo;un narchomicide barbare en 2020, son corps retrouv\u00e9 carbonis\u00e9 dans un v\u00e9hicule pr\u00e8s de Marseille.<\/p>\n<p>Le 9 octobre d\u00e9j\u00e0, un homme avait \u00e9t\u00e9 mortellement vis\u00e9 par des tirs en plein jour dans un quartier populaire du centre de Marseille, le 14e narchomicide depuis le d\u00e9but de l&rsquo;ann\u00e9e dans les Bouches-du-Rh\u00f4ne, selon un d\u00e9compte de l&rsquo;AFP. Deux personnes avaient \u00e9t\u00e9 interpell\u00e9es quelques heures apr\u00e8s le meurtre.<\/p>\n<p>\u00a0<\/p>\n<p>@AFP<\/p>\n","protected":false},"excerpt":{"rendered":"Le jeune de 20 ans tu\u00e9 jeudi par balle en plein jour \u00e0 Marseille est le petit fr\u00e8re&hellip;\n","protected":false},"author":2,"featured_media":133708,"comment_status":"","ping_status":"","sticky":false,"template":"","format":"standard","meta":{"footnotes":""},"categories":[2814],"tags":[1111,11,25199,1777,674,1011,27,2683,884,12,1072,882,25],"class_list":{"0":"post-532041","1":"post","2":"type-post","3":"status-publish","4":"format-standard","5":"has-post-thumbnail","7":"category-marseille","8":"tag-actu","9":"tag-actualites","10":"tag-ecologiste","11":"tag-eu","12":"tag-europe","13":"tag-fr","14":"tag-france","15":"tag-homicide","16":"tag-marseille","17":"tag-news","18":"tag-police","19":"tag-provence-alpes-cote-dazur","20":"tag-republique-francaise"},"share_on_mastodon":{"url":"https:\/\/pubeurope.com\/@fr\/115544143000722412","error":""},"_links":{"self":[{"href":"https:\/\/www.europesays.com\/fr\/wp-json\/wp\/v2\/posts\/532041","targetHints":{"allow":["GET"]}}],"collection":[{"href":"https:\/\/www.europesays.com\/fr\/wp-json\/wp\/v2\/posts"}],"about":[{"href":"https:\/\/www.europesays.com\/fr\/wp-json\/wp\/v2\/types\/post"}],"author":[{"embeddable":true,"href":"https:\/\/www.europesays.com\/fr\/wp-json\/wp\/v2\/users\/2"}],"replies":[{"embeddable":true,"href":"https:\/\/www.europesays.com\/fr\/wp-json\/wp\/v2\/comments?post=532041"}],"version-history":[{"count":0,"href":"https:\/\/www.europesays.com\/fr\/wp-json\/wp\/v2\/posts\/532041\/revisions"}],"wp:featuredmedia":[{"embeddable":true,"href":"https:\/\/www.europesays.com\/fr\/wp-json\/wp\/v2\/media\/133708"}],"wp:attachment":[{"href":"https:\/\/www.europesays.com\/fr\/wp-json\/wp\/v2\/media?parent=532041"}],"wp:term":[{"taxonomy":"category","embeddable":true,"href":"https:\/\/www.europesays.com\/fr\/wp-json\/wp\/v2\/categories?post=532041"},{"taxonomy":"post_tag","embeddable":true,"href":"https:\/\/www.europesays.com\/fr\/wp-json\/wp\/v2\/tags?post=532041"}],"curies":[{"name":"wp","href":"https:\/\/api.w.org\/{rel}","templated":true}]}}