{"id":532053,"date":"2025-11-13T20:01:14","date_gmt":"2025-11-13T20:01:14","guid":{"rendered":"https:\/\/www.europesays.com\/fr\/532053\/"},"modified":"2025-11-13T20:01:14","modified_gmt":"2025-11-13T20:01:14","slug":"dans-la-capitale-emotion-et-respect-pour-les-victimes-qui-ont-besoin-quon-ne-les-oublie-pas","status":"publish","type":"post","link":"https:\/\/www.europesays.com\/fr\/532053\/","title":{"rendered":"dans la capitale, \u00e9motion et respect pour les victimes \u00ab\u00a0qui ont besoin qu&rsquo;on ne les oublie pas\u00a0\u00bb"},"content":{"rendered":"<p>Un silence impressionnant. La c\u00e9r\u00e9monie qui s\u2019est d\u00e9roul\u00e9e au Bataclan ce jeudi <a href=\"https:\/\/www.dna.fr\/societe\/2025\/11\/13\/13-novembre-10-ans-apres-la-france-rend-hommage-aux-victimes-des-attentats\" target=\"_blank\" rel=\"noopener\">en hommage aux victimes du 13-Novembre<\/a> \u00e9tait pourtant ouverte \u00e0 plusieurs centaines de personnes\u00a0: familles, victimes mais aussi forces de l\u2019ordre et secouristes. Immobile, la foule se plonge dans le recueillement \u00e0 la lecture des noms des\u00a090\u00a0victimes tomb\u00e9es ce soir-l\u00e0 sous les balles des terroristes de Daech. \u00ab\u00a0Cela nous fait \u00e9norm\u00e9ment de bien d\u2019\u00eatre l\u00e0 avec tous ces gens. Cela prouve que ce que nous avons fait ce soir-l\u00e0 a du sens\u00a0\u00bb, l\u00e2che Michel, l\u2019un des officiers de la Bac 75, qui a fait partie de l\u2019un des premiers \u00e0 \u00eatre rentr\u00e9s dans la salle de spectacle, le 13\u00a0novembre 2015. Lui et ses coll\u00e8gues seront d\u00e9cor\u00e9s prochainement de la L\u00e9gion d\u2019honneur, a annonc\u00e9 <a href=\"https:\/\/www.dna.fr\/p\/emmanuel-macron\" target=\"_blank\" rel=\"noopener\">Emmanuel Macron<\/a>.<\/p>\n<p>Sous les yeux du pr\u00e9sident de la R\u00e9publique et des dirigeants politiques de l\u2019\u00e9poque, dont <a href=\"https:\/\/www.dna.fr\/p\/francois-hollande\" target=\"_blank\" rel=\"noopener\">Fran\u00e7ois Hollande<\/a> et <a href=\"https:\/\/www.dna.fr\/p\/bernard-cazeneuve\" target=\"_blank\" rel=\"noopener\">Bernard Cazeneuve<\/a>, la plaque des \u201c10 ans du 13-Novembre\u201d est d\u00e9voil\u00e9e. \u00ab\u00a0Fred est dor\u00e9navant sur cette plaque, mais &#8211; lui &#8211; il a \u00e9t\u00e9 rattrap\u00e9 par son traumatisme. Au-del\u00e0 de cette c\u00e9r\u00e9monie des 10 ans, les victimes et leur famille vont continuer \u00e0 porter leur fardeau. Et ils ont besoin avant tout qu\u2019on ne les oublie pas\u00a0!\u00a0\u00bb, d\u00e9clare ainsi Marianne Mazas. Son mari, Fred Dewilde, auteur de romans graphiques, \u00e9tait dans la fosse de la salle de concert le 13\u00a0novembre 2015. Il s\u2019est donn\u00e9 la mort le 5\u00a0mai 2024, neuf ans apr\u00e8s les faits, victime de ses \u00ab\u00a0blessures silencieuses\u00a0\u00bb.<\/p>\n<p>Une c\u00e9r\u00e9monie qui n\u2019aura dur\u00e9 que quelques minutes, comme celles s\u2019\u00e9tant d\u00e9roul\u00e9 le matin m\u00eame sur les autres lieux pris pour cibles par les terroristes, le Stade de France ainsi que les terrasses de plusieurs caf\u00e9s et restaurants de la capitale. L\u2019inauguration du \u201cJardin du souvenir\u201d, situ\u00e9 juste derri\u00e8re l\u2019H\u00f4tel de Ville, a conclu cette journ\u00e9e de comm\u00e9morations. Ouverte uniquement aux familles et officiels, cette c\u00e9r\u00e9monie a \u00e9t\u00e9 ponctu\u00e9e de lectures et de chansons, lors de laquelle <a href=\"https:\/\/www.dna.fr\/societe\/2025\/11\/12\/jesse-hughes-des-eagles-of-death-metal-10-ans-apres-le-bataclan-j-ai-retrouve-une-paix-interieure\" target=\"_blank\" rel=\"noopener\">Jesse Hughes, le chanteur des Eagles of Death Metal<\/a>, groupe qui se produisait au Bataclan le 13\u00a0novembre 2015, a chant\u00e9 You\u2019ll Never Walk Alone (\u201cTu ne marcheras jamais seul\u201d) avec le Choeur du 13, une chorale de rescap\u00e9s.<\/p>\n<p>\u00ab\u00a0Soyons tous ensemble\u00a0\u00bb<\/p>\n<p>Place de la R\u00e9publique, des fleurs et des bougies ont \u00e9t\u00e9 d\u00e9pos\u00e9es au pied de la statue\u00a0: \u00ab\u00a0Je viens ici tous les ans pour me recueillir. Mais bien s\u00fbr cette ann\u00e9e, c\u2019est extr\u00eamement particulier\u00a0: il y a les victimes et leurs familles mais aussi tous ces hommes qui ont risqu\u00e9 leur vie pour en sauver d\u2019autres\u00a0\u00bb, raconte Lydie, une Parisienne de 64 ans en d\u00e9signant les hommes de la BRI venus sur la place de la R\u00e9publique. Cagoul\u00e9s, en uniforme, arme \u00e0 la ceinture, ces policiers d\u2019\u00e9lite n\u2019h\u00e9sitent pourtant pas \u00e0 venir \u00e9changer avec quelques parents de victimes ou bien des rescap\u00e9s qu\u2019ils reconnaissent \u00e7\u00e0 et l\u00e0.<\/p>\n<p>\u00ab\u00a0Oui, bien s\u00fbr, ce soir on retrouve un peu de cette unit\u00e9 nationale qui nous avait rendus si fiers et si forts il y a 10 ans. Quand on voit \u00e7a [policiers et quidams discuter ensemble, NDLR] on ne peut qu\u2019\u00eatre \u00e9mu\u2026 mais qu\u2019en reste-t-il vraiment de cette unit\u00e9 aujourd\u2019hui\u00a0?\u00a0\u00bb, se demande Thibault, un Parisien de 34 ans. Le pr\u00e9sident de l\u2019association Life for Paris, cr\u00e9\u00e9e au lendemain des attentats et devant \u00eatre dissoute ce vendredi apr\u00e8s les 10 ans, a pass\u00e9 un message de fraternit\u00e9\u00a0: \u00ab\u00a0Soyons tous ensemble, c\u00e9l\u00e9brons \u00e9videmment nos morts mais aussi la force de notre R\u00e9publique et de notre culture\u00a0!\u00a0\u00bb<\/p>\n","protected":false},"excerpt":{"rendered":"Un silence impressionnant. La c\u00e9r\u00e9monie qui s\u2019est d\u00e9roul\u00e9e au Bataclan ce jeudi en hommage aux victimes du 13-Novembre&hellip;\n","protected":false},"author":2,"featured_media":532054,"comment_status":"","ping_status":"","sticky":false,"template":"","format":"standard","meta":{"footnotes":""},"categories":[1888],"tags":[11,63704,1777,674,107,1011,27,329,12,626,25,104,1254],"class_list":{"0":"post-532053","1":"post","2":"type-post","3":"status-publish","4":"format-standard","5":"has-post-thumbnail","7":"category-paris","8":"tag-actualites","9":"tag-attentats-du-13-novembre-2015","10":"tag-eu","11":"tag-europe","12":"tag-fil-info","13":"tag-fr","14":"tag-france","15":"tag-france-monde","16":"tag-news","17":"tag-paris","18":"tag-republique-francaise","19":"tag-societe","20":"tag-terrorisme"},"share_on_mastodon":{"url":"https:\/\/pubeurope.com\/@fr\/115544174290704645","error":""},"_links":{"self":[{"href":"https:\/\/www.europesays.com\/fr\/wp-json\/wp\/v2\/posts\/532053","targetHints":{"allow":["GET"]}}],"collection":[{"href":"https:\/\/www.europesays.com\/fr\/wp-json\/wp\/v2\/posts"}],"about":[{"href":"https:\/\/www.europesays.com\/fr\/wp-json\/wp\/v2\/types\/post"}],"author":[{"embeddable":true,"href":"https:\/\/www.europesays.com\/fr\/wp-json\/wp\/v2\/users\/2"}],"replies":[{"embeddable":true,"href":"https:\/\/www.europesays.com\/fr\/wp-json\/wp\/v2\/comments?post=532053"}],"version-history":[{"count":0,"href":"https:\/\/www.europesays.com\/fr\/wp-json\/wp\/v2\/posts\/532053\/revisions"}],"wp:featuredmedia":[{"embeddable":true,"href":"https:\/\/www.europesays.com\/fr\/wp-json\/wp\/v2\/media\/532054"}],"wp:attachment":[{"href":"https:\/\/www.europesays.com\/fr\/wp-json\/wp\/v2\/media?parent=532053"}],"wp:term":[{"taxonomy":"category","embeddable":true,"href":"https:\/\/www.europesays.com\/fr\/wp-json\/wp\/v2\/categories?post=532053"},{"taxonomy":"post_tag","embeddable":true,"href":"https:\/\/www.europesays.com\/fr\/wp-json\/wp\/v2\/tags?post=532053"}],"curies":[{"name":"wp","href":"https:\/\/api.w.org\/{rel}","templated":true}]}}