{"id":532059,"date":"2025-11-13T20:04:11","date_gmt":"2025-11-13T20:04:11","guid":{"rendered":"https:\/\/www.europesays.com\/fr\/532059\/"},"modified":"2025-11-13T20:04:11","modified_gmt":"2025-11-13T20:04:11","slug":"obeses-diabetiques-cancereux-ces-immigres-bientot-persona-non-grata-aux-etats-unis","status":"publish","type":"post","link":"https:\/\/www.europesays.com\/fr\/532059\/","title":{"rendered":"Ob\u00e8ses, diab\u00e9tiques, canc\u00e9reux\u2026 Ces immigr\u00e9s bient\u00f4t \u00abpersona non grata\u00bb aux \u00c9tats-Unis"},"content":{"rendered":"<p>Les immigr\u00e9s en surpoids ne sont plus les bienvenus aux <a href=\"https:\/\/www.lejdd.fr\/Tags\/Etats-Unis\" target=\"_blank\" rel=\"nofollow noopener\">\u00c9tats-Unis<\/a>. Ni les personnes souffrant de maladies cardiovasculaires, troubles respiratoires, cancers, diab\u00e8te, pathologies m\u00e9taboliques, troubles mentaux ou neurologiques. Une directive du d\u00e9partement d\u2019\u00c9tat pr\u00e9conise d\u00e9sormais aux ambassades am\u00e9ricaines d\u2019\u00e9valuer la condition physique et les ressources financi\u00e8res des demandeurs de visa, rapporte le <a href=\"https:\/\/www.lefigaro.fr\/international\/immigration-donald-trump-veut-priver-de-visas-les-personnes-en-surpoids-20251113\" target=\"_blank\" rel=\"nofollow noopener\">Figaro<\/a>.<\/p>\n<p>L\u2019administration <a href=\"https:\/\/www.lejdd.fr\/Donald-Trump\" target=\"_blank\" rel=\"nofollow noopener\">Trump<\/a> veut s\u2019\u00e9pargner des d\u00e9penses, craignant que ces futurs r\u00e9sidents sollicitent des\u00a0prestations sociales financ\u00e9es par les contribuables am\u00e9ricains. Aussi, ces derniers devront disposer de\u00a0moyens suffisants pour financer leurs soins, faute de quoi\u2026 pas de visa. Certaines maladies chroniques peuvent g\u00e9n\u00e9rer \u00ab\u00a0des centaines de milliers de dollars\u00a0\u00bb, fait valoir\u00a0la directive, qui s\u2019inscrit dans une s\u00e9rie de mesures visant \u00e0 restreindre les crit\u00e8res permettant aux \u00e9trangers de d\u00e9barquer sur le sol am\u00e9ricain.<\/p>\n<p>    La suite apr\u00e8s cette publicit\u00e9<\/p>\n<p>Des milliers de visas d\u00e9j\u00e0 r\u00e9voqu\u00e9s<\/p>\n<p>Augmentation\u00a0drastique des droits pour les visas H-1B destin\u00e9s aux travailleurs qualifi\u00e9s \u00e9trangers, d\u00e9sormais factur\u00e9s jusqu\u2019\u00e0 100\u00a0000\u00a0dollars par an, cr\u00e9ation d\u2019une \u00ab\u00a0carte or\u00a0\u00bb r\u00e9serv\u00e9e aux investisseurs et m\u00e9c\u00e8nes capables de verser de g\u00e9n\u00e9reux dons\u2026 L\u2019<a href=\"https:\/\/www.lejdd.fr\/dossiers\/immigration\" target=\"_blank\" rel=\"nofollow noopener\">immigration<\/a>, du point de vue de Donald Trump, doit \u00eatre choisie. Au-del\u00e0 de la sant\u00e9, les id\u00e9es aussi sont soumises \u00e0 certains crit\u00e8res. Depuis son retour au pouvoir, le d\u00e9partement d\u2019\u00c9tat a r\u00e9voqu\u00e9 des dizaines de milliers de visas de personnes aux \u00c9tats-Unis, y compris pour des opinions jug\u00e9es anti-am\u00e9ricaines.<\/p>\n<p>    La suite apr\u00e8s cette publicit\u00e9<\/p>\n<p>Pour ce qui est des r\u00e9fugi\u00e9s, Washington ne pr\u00e9voit d\u2019en admettre que 7\u00a0500 cette ann\u00e9e, contre environ 100\u00a0000 sous l\u2019administration\u00a0<a href=\"https:\/\/www.lejdd.fr\/joe-biden\" target=\"_blank\" rel=\"nofollow noopener\">Biden<\/a>. Choix in\u00e9dit\u00a0: la majorit\u00e9 de ces r\u00e9fugi\u00e9s viendra d\u2019<a href=\"https:\/\/www.lejdd.fr\/Tags\/Afrique-du-Sud\" target=\"_blank\" rel=\"nofollow noopener\">Afrique du Sud<\/a>, et plus pr\u00e9cis\u00e9ment de la <a href=\"https:\/\/www.lejdd.fr\/International\/qui-sont-les-afrikaners-163758\" target=\"_blank\" rel=\"nofollow noopener\">communaut\u00e9 afrikaner<\/a>, blanche et issue des premiers colons europ\u00e9ens, ont annonc\u00e9 les autorit\u00e9s am\u00e9ricaines fin octobre.<\/p>\n","protected":false},"excerpt":{"rendered":"Les immigr\u00e9s en surpoids ne sont plus les bienvenus aux \u00c9tats-Unis. Ni les personnes souffrant de maladies cardiovasculaires,&hellip;\n","protected":false},"author":2,"featured_media":532060,"comment_status":"","ping_status":"","sticky":false,"template":"","format":"standard","meta":{"footnotes":""},"categories":[1589],"tags":[11,73,1866,12,1864,1865,1863,308],"class_list":{"0":"post-532059","1":"post","2":"type-post","3":"status-publish","4":"format-standard","5":"has-post-thumbnail","7":"category-etats-unis","8":"tag-actualites","9":"tag-etats-unis","10":"tag-etats-unis-damerique","11":"tag-news","12":"tag-united-states","13":"tag-united-states-of-america","14":"tag-us","15":"tag-usa"},"share_on_mastodon":{"url":"https:\/\/pubeurope.com\/@fr\/115544186135380519","error":""},"_links":{"self":[{"href":"https:\/\/www.europesays.com\/fr\/wp-json\/wp\/v2\/posts\/532059","targetHints":{"allow":["GET"]}}],"collection":[{"href":"https:\/\/www.europesays.com\/fr\/wp-json\/wp\/v2\/posts"}],"about":[{"href":"https:\/\/www.europesays.com\/fr\/wp-json\/wp\/v2\/types\/post"}],"author":[{"embeddable":true,"href":"https:\/\/www.europesays.com\/fr\/wp-json\/wp\/v2\/users\/2"}],"replies":[{"embeddable":true,"href":"https:\/\/www.europesays.com\/fr\/wp-json\/wp\/v2\/comments?post=532059"}],"version-history":[{"count":0,"href":"https:\/\/www.europesays.com\/fr\/wp-json\/wp\/v2\/posts\/532059\/revisions"}],"wp:featuredmedia":[{"embeddable":true,"href":"https:\/\/www.europesays.com\/fr\/wp-json\/wp\/v2\/media\/532060"}],"wp:attachment":[{"href":"https:\/\/www.europesays.com\/fr\/wp-json\/wp\/v2\/media?parent=532059"}],"wp:term":[{"taxonomy":"category","embeddable":true,"href":"https:\/\/www.europesays.com\/fr\/wp-json\/wp\/v2\/categories?post=532059"},{"taxonomy":"post_tag","embeddable":true,"href":"https:\/\/www.europesays.com\/fr\/wp-json\/wp\/v2\/tags?post=532059"}],"curies":[{"name":"wp","href":"https:\/\/api.w.org\/{rel}","templated":true}]}}