{"id":532061,"date":"2025-11-13T20:05:12","date_gmt":"2025-11-13T20:05:12","guid":{"rendered":"https:\/\/www.europesays.com\/fr\/532061\/"},"modified":"2025-11-13T20:05:12","modified_gmt":"2025-11-13T20:05:12","slug":"trois-a-quinze-ans-de-prison-requis-contre-huit-passeurs-presumes","status":"publish","type":"post","link":"https:\/\/www.europesays.com\/fr\/532061\/","title":{"rendered":"trois \u00e0 quinze ans de prison requis contre huit passeurs pr\u00e9sum\u00e9s"},"content":{"rendered":"<p>\n    Dans ce drame qui avait entra\u00een\u00e9 la mort de sept candidats afghans \u00e0 l\u2019exil vers le Royaume-Uni, la repr\u00e9sentante du minist\u00e8re public a en revanche demand\u00e9 au tribunal de lib\u00e9rer le neuvi\u00e8me pr\u00e9venu de ce proc\u00e8s.<\/p>\n<p class=\"fig-paragraph\">Des peines allant de trois \u00e0 quinze ans de prison ferme ont \u00e9t\u00e9 requises par le parquet jeudi \u00e0 Paris \u00e0 l&rsquo;encontre de huit hommes\u00a0<a href=\"http:\/\/www.lefigaro.fr\/faits-divers\/paris-un-afghan-de-20-ans-mis-en-examen-et-ecroue-pour-association-de-malfaiteurs-terroriste-20251101\" target=\"_blank\" data-fig-type=\"NewsFlash\" rel=\"noopener\" data-gtm-custom-categorie=\"navigation\" data-gtm-custom-action=\"crossclick\" data-gtm-custom-label=\"Contextuel\" data-gtm-event=\"customEventSPE\" data-fig-domain=\"LEFIGARO\">afghans<\/a>\u00a0et kurdes irakiens accus\u00e9s d&rsquo;\u00eatre les \u00ab<a href=\"http:\/\/www.lefigaro.fr\/actualite-france\/j-ai-fait-le-taxi-je-n-ai-pas-cause-le-naufrage-au-proces-de-passeurs-accuses-d-avoir-provoque-la-mort-de-huit-migrants-les-prevenus-se-defaussent-20250618\" target=\"_blank\" data-fig-type=\"Article\" rel=\"noopener\" data-gtm-custom-categorie=\"navigation\" data-gtm-custom-action=\"crossclick\" data-gtm-custom-label=\"Contextuel\" data-gtm-event=\"customEventSPE\" data-fig-domain=\"LEFIGARO\">passeurs<\/a> \u00bb \u00e0 l&rsquo;origine d&rsquo;un naufrage meurtrier dans la Manche en 2023.<\/p>\n<p class=\"fig-paragraph\">Dans ce drame qui avait entra\u00een\u00e9 la mort de sept candidats afghans \u00e0 l&rsquo;exil vers le Royaume-Uni, la repr\u00e9sentante du minist\u00e8re public a en revanche demand\u00e9 au tribunal de lib\u00e9rer le neuvi\u00e8me pr\u00e9venu de ce proc\u00e8s ouvert d\u00e9but novembre, un ressortissant soudanais originaire du Darfour et pilote pr\u00e9sum\u00e9 de l&#8217;embarcation, en reconnaissant \u00e0 ce rescap\u00e9 du naufrage sa qualit\u00e9 de \u00abvictime\u00bb.<\/p>\n","protected":false},"excerpt":{"rendered":"Dans ce drame qui avait entra\u00een\u00e9 la mort de sept candidats afghans \u00e0 l\u2019exil vers le Royaume-Uni, la&hellip;\n","protected":false},"author":2,"featured_media":532062,"comment_status":"","ping_status":"","sticky":false,"template":"","format":"standard","meta":{"footnotes":""},"categories":[1588],"tags":[11,1777,674,1251,12,473,1853,1851,1850,1852],"class_list":{"0":"post-532061","1":"post","2":"type-post","3":"status-publish","4":"format-standard","5":"has-post-thumbnail","7":"category-royaume-uni","8":"tag-actualites","9":"tag-eu","10":"tag-europe","11":"tag-migrants","12":"tag-news","13":"tag-royaume-uni","14":"tag-royaume-uni-de-grande-bretagne-et-dirlande-du-nord","15":"tag-uk","16":"tag-united-kingdom","17":"tag-united-kingdom-of-great-britain-and-northern-ireland"},"share_on_mastodon":{"url":"https:\/\/pubeurope.com\/@fr\/115544190043044800","error":""},"_links":{"self":[{"href":"https:\/\/www.europesays.com\/fr\/wp-json\/wp\/v2\/posts\/532061","targetHints":{"allow":["GET"]}}],"collection":[{"href":"https:\/\/www.europesays.com\/fr\/wp-json\/wp\/v2\/posts"}],"about":[{"href":"https:\/\/www.europesays.com\/fr\/wp-json\/wp\/v2\/types\/post"}],"author":[{"embeddable":true,"href":"https:\/\/www.europesays.com\/fr\/wp-json\/wp\/v2\/users\/2"}],"replies":[{"embeddable":true,"href":"https:\/\/www.europesays.com\/fr\/wp-json\/wp\/v2\/comments?post=532061"}],"version-history":[{"count":0,"href":"https:\/\/www.europesays.com\/fr\/wp-json\/wp\/v2\/posts\/532061\/revisions"}],"wp:featuredmedia":[{"embeddable":true,"href":"https:\/\/www.europesays.com\/fr\/wp-json\/wp\/v2\/media\/532062"}],"wp:attachment":[{"href":"https:\/\/www.europesays.com\/fr\/wp-json\/wp\/v2\/media?parent=532061"}],"wp:term":[{"taxonomy":"category","embeddable":true,"href":"https:\/\/www.europesays.com\/fr\/wp-json\/wp\/v2\/categories?post=532061"},{"taxonomy":"post_tag","embeddable":true,"href":"https:\/\/www.europesays.com\/fr\/wp-json\/wp\/v2\/tags?post=532061"}],"curies":[{"name":"wp","href":"https:\/\/api.w.org\/{rel}","templated":true}]}}