{"id":532070,"date":"2025-11-13T20:10:22","date_gmt":"2025-11-13T20:10:22","guid":{"rendered":"https:\/\/www.europesays.com\/fr\/532070\/"},"modified":"2025-11-13T20:10:22","modified_gmt":"2025-11-13T20:10:22","slug":"ces-quatre-amendements-a-42-milliards-qui-ne-plaisent-pas-a-ladministration-liberation","status":"publish","type":"post","link":"https:\/\/www.europesays.com\/fr\/532070\/","title":{"rendered":"ces quatre amendements \u00e0 42\u00a0milliards qui ne plaisent pas \u00e0 l\u2019administration \u2013 Lib\u00e9ration"},"content":{"rendered":"<p class=\"sc-cPiKLX AiZTS text-element\">Le gouvernement a choisi de conserver les amendements vot\u00e9s \u00e0 l\u2019Assembl\u00e9e lors de la transmission au S\u00e9nat des projets de budget, qu\u2019ils lui plaisent ou non. Ce sera le cas de quatre d\u2019entre eux qu\u2019il avait <a href=\"https:\/\/www.liberation.fr\/economie\/budget-2026-a-la-mi-temps-des-debats-a-lassemblee-bercy-releve-les-compteurs-20251103_C7JQXZBVZFCOLIHASH5T2Q4MKY\/\" target=\"_blank\" rel=\"noopener\">\u00e9cart\u00e9s jusqu\u2019\u00e0 pr\u00e9sent de ses chiffrages<\/a>. Ces dispositifs approuv\u00e9s dans la premi\u00e8re partie du projet de loi de finances pour l\u2019an prochain, \u00e0 propos de laquelle la discussion vient de reprendre dans l\u2019h\u00e9micycle du Palais-Bourbon, ne totaliseraient pas moins de 42 milliards d\u2019euros de recettes suppl\u00e9mentaires.<\/p>\n<p class=\"sc-cPiKLX AiZTS text-element\">Ces amendements sont \u00abnotoirement anticonstitutionnels\u00bb et \u00abnotoirement inapplicables\u00bb, a martel\u00e9 ce jeudi 13 novembre au matin la ministre des Comptes publics, Am\u00e9lie de Montchalin. \u00abIl ne serait ni possible ni dans l\u2019int\u00e9r\u00eat des finances publiques que ces dispositions soient appliqu\u00e9es\u00bb, a-t-elle ajout\u00e9 devant les d\u00e9put\u00e9s, afin d\u2019inciter les parlementaires \u00e0 ne pas les conserver dans la suite de l\u2019examen du texte.<\/p>\n<p class=\"sc-cPiKLX AiZTS text-element\">Pour motiver sa prise de position, la ministre a transmis \u00e0 deux membres de la commission des finances de l\u2019Assembl\u00e9e, <a href=\"https:\/\/www.liberation.fr\/economie\/eric-coquerel-la-raison-principale-du-derapage-budgetaire-cest-lechec-de-la-politique-de-loffre-et-la-croyance-dans-le-ruissellement-20250409_6NWFZNR7YJAFXPMER6GNZX4IKI\/?\" target=\"_blank\" rel=\"noopener\"><\/p>\n","protected":false},"excerpt":{"rendered":"Le gouvernement a choisi de conserver les amendements vot\u00e9s \u00e0 l\u2019Assembl\u00e9e lors de la transmission au S\u00e9nat des&hellip;\n","protected":false},"author":2,"featured_media":532071,"comment_status":"","ping_status":"","sticky":false,"template":"","format":"standard","meta":{"footnotes":""},"categories":[2],"tags":[11,25548,1011,27,780,12,25,2848],"class_list":{"0":"post-532070","1":"post","2":"type-post","3":"status-publish","4":"format-standard","5":"has-post-thumbnail","7":"category-actualites","8":"tag-actualites","9":"tag-budget-public","10":"tag-fr","11":"tag-france","12":"tag-lfi","13":"tag-news","14":"tag-republique-francaise","15":"tag-rn"},"share_on_mastodon":{"url":"https:\/\/pubeurope.com\/@fr\/115544209733040483","error":""},"_links":{"self":[{"href":"https:\/\/www.europesays.com\/fr\/wp-json\/wp\/v2\/posts\/532070","targetHints":{"allow":["GET"]}}],"collection":[{"href":"https:\/\/www.europesays.com\/fr\/wp-json\/wp\/v2\/posts"}],"about":[{"href":"https:\/\/www.europesays.com\/fr\/wp-json\/wp\/v2\/types\/post"}],"author":[{"embeddable":true,"href":"https:\/\/www.europesays.com\/fr\/wp-json\/wp\/v2\/users\/2"}],"replies":[{"embeddable":true,"href":"https:\/\/www.europesays.com\/fr\/wp-json\/wp\/v2\/comments?post=532070"}],"version-history":[{"count":0,"href":"https:\/\/www.europesays.com\/fr\/wp-json\/wp\/v2\/posts\/532070\/revisions"}],"wp:featuredmedia":[{"embeddable":true,"href":"https:\/\/www.europesays.com\/fr\/wp-json\/wp\/v2\/media\/532071"}],"wp:attachment":[{"href":"https:\/\/www.europesays.com\/fr\/wp-json\/wp\/v2\/media?parent=532070"}],"wp:term":[{"taxonomy":"category","embeddable":true,"href":"https:\/\/www.europesays.com\/fr\/wp-json\/wp\/v2\/categories?post=532070"},{"taxonomy":"post_tag","embeddable":true,"href":"https:\/\/www.europesays.com\/fr\/wp-json\/wp\/v2\/tags?post=532070"}],"curies":[{"name":"wp","href":"https:\/\/api.w.org\/{rel}","templated":true}]}}