{"id":532076,"date":"2025-11-13T20:13:13","date_gmt":"2025-11-13T20:13:13","guid":{"rendered":"https:\/\/www.europesays.com\/fr\/532076\/"},"modified":"2025-11-13T20:13:13","modified_gmt":"2025-11-13T20:13:13","slug":"la-minute-sport-lactualite-sportive-de-ce-jeudi-13-novembre-2025","status":"publish","type":"post","link":"https:\/\/www.europesays.com\/fr\/532076\/","title":{"rendered":"LA MINUTE SPORT L&rsquo;actualit\u00e9 sportive de ce jeudi 13 novembre 2025"},"content":{"rendered":"<p>Les raisons du d\u00e9part de l&rsquo;attaquant des Crocos Dylan Okyere, la 6e BLB \u00e0 l&rsquo;honneur au stade Kaufmann, la victoire du BHNM, de la sarbacane \u00e0 la halle des sports et du volley dans le noir \u00e0 Al\u00e8s.\u00a0<\/p>\n<p>                N\u00eemes Olympique<\/p>\n<p><strong>Okyere s\u2019en va d\u00e9j\u00e0<\/strong>. Il faisait partie des premi\u00e8res recrues annonc\u00e9es en juillet dernier au moment de la reconstruction du groupe n\u00eemois, Dylan Okyere quitte le club \u00e0 peine quatre mois plus tard. \u00ab Merci Dylan pour ton investissement, ton \u00e9tat d\u2019esprit et tout ce que tu as apport\u00e9 au groupe \u00bb, a sobrement \u00e9crit le club sur ses r\u00e9seaux pour annoncer son d\u00e9part. Le Marseillais de naissance avait \u00e9t\u00e9 recrut\u00e9 apr\u00e8s une saison plus que r\u00e9ussie en N3. Grand artisan de la mont\u00e9e de Rousset Sainte-Victoire en N2, il avait inscrit six buts et d\u00e9livr\u00e9 10 passes d\u00e9cisives la saison derni\u00e8re. Sous le maillot n\u00eemois, il n\u2019est pas parvenu \u00e0 s\u2019imposer \u00e0 ce niveau, b\u00e9n\u00e9ficiant de seulement 42 minutes de jeu avec trois apparitions en cours de match. Il n\u2019a jamais fait partie des plans de Micka\u00ebl Gas. \u00ab Je n\u2019ai pas le budget pour payer un joueur qui ne joue pas et il avait aussi besoin de voir autre chose pour avoir du temps de jeu. C\u2019est un d\u00e9part qui s\u2019est fait d\u2019un commun accord \u00bb, explique Anthony Dupr\u00e9, le directeur sportif de N\u00eemes Olympique. Avec l\u2019arriv\u00e9e d\u2019un attaquant suppl\u00e9mentaire en la personne de Bissourou Tour\u00e9, Dylan Okyere a \u00e9t\u00e9 rel\u00e9gu\u00e9 tout en bas de la hi\u00e9rarchie \u00e0 ce poste. Il y a dix jours, lors du match perdu \u00e0 Goal FC (2-0), il n\u2019avait pas \u00e9t\u00e9 convoqu\u00e9 alors qu\u2019il y avait de nombreux absents sur le front de l\u2019attaque n\u00eemoise. L\u2019effectif compte d\u00e9sormais 23 joueurs de champ et trois gardiens.<\/p>\n<p>Rugby Club N\u00eemois<\/p>\n<p>\n\t<img decoding=\"async\" src=\"https:\/\/www.europesays.com\/fr\/wp-content\/uploads\/2025\/11\/1763064792_544_image.jpg\" alt=\"6e blb rcn\"\/><\/p>\n<p>\t\t\t\t\tSteve Carleton et Steeve Calligaro\u00a0<br \/>\n\t\t\t\t\t\t\t\t \u2022 <strong>Photo Corentin Corger<\/strong><\/p>\n<p><strong>La 6\u1d49 BLB \u00e0 l\u2019honneur<\/strong>. \u00c0 l\u2019occasion de la r\u00e9ception de Vienne, ce samedi \u00e0 19h30 au stade Kaufmann, le RCN a d\u00e9cid\u00e9 de mettre en avant son partenariat avec la 6\u1d49 Brigade L\u00e9g\u00e8re Blind\u00e9e (6\u1d49 BLB) en place depuis quatre ans maintenant. \u00ab On s\u2019est retrouv\u00e9 sur des valeurs communes : la combativit\u00e9, l\u2019esprit d\u2019\u00e9quipe, l\u2019engagement avec une discipline, le courage ou encore le d\u00e9passement de soi \u00bb, confie le g\u00e9n\u00e9ral Steve Carleton, commandant de la 6\u1d49 BLB qui donnera le coup d\u2019envoi fictif du match. Ce samedi d\u00e8s 15 heures, plusieurs stands seront install\u00e9s aux abords du stade pour mettre \u00e0 l\u2019honneur les principales formations militaires du d\u00e9partement. Avant le d\u00e9but de la rencontre, la Marseillaise sera jou\u00e9e par la fanfare du 1\u1d49\u02b3 RS et \u00e0 la mi-temps, le public aura droit \u00e0 une d\u00e9monstration dynamique avec une quinzaine de commandos et des drones. \u00ab J\u2019\u00e9tais extr\u00eamement surpris de d\u00e9couvrir la m\u00e9connaissance de certains joueurs sur l\u2019organisation de nos arm\u00e9es et leurs pr\u00e9rogatives qui se limitaient \u00e0 G.I. Joe et Rambo. En tant que citoyen, \u00e7a m\u2019a heurt\u00e9, insiste Steeve Calligaro, pr\u00e9sident du RCN, m\u00eame si on ne joue pas notre vie sur le terrain, il y a des valeurs communes dont le fait que la victoire s\u2019obtient de mani\u00e8re collective. \u00bb Le club veut donc renforcer la p\u00e9dagogie sur les forces arm\u00e9es aupr\u00e8s de ses licenci\u00e9s et am\u00e9liorer aussi les connexions avec l\u2019arm\u00e9e, notamment sur la reconversion du personnel et le travail des conjoints de militaires.<\/p>\n<p>Bouillargues Handball N\u00eemes M\u00e9diterran\u00e9e<\/p>\n<p><strong>Les Bouillarguaises en balade en Ard\u00e8che<\/strong>. Au Pouzin, le BHNM a confirm\u00e9 son tr\u00e8s bon d\u00e9but de saison en s\u2019imposant assez facilement (31-20). Toujours aux commandes de la rencontre, les co\u00e9quipi\u00e8res de L\u00e9a Lacroix (9 buts hier soir) n\u2019ont pas vraiment trembl\u00e9. \u00ab On a mis un peu de temps \u00e0 rentrer dans le match et les 13 premi\u00e8res minutes ne sont pas tr\u00e8s bonnes. Ensuite, on a commenc\u00e9 \u00e0 trouver notre rythme d\u00e9fensif en mettant plus d\u2019impact. Tout le monde a \u00e9t\u00e9 tr\u00e8s concern\u00e9. Les filles ont bien retranscrit ce que l\u2019on travaille \u00e0 l\u2019entra\u00eenement. On a essay\u00e9 de jouer beaucoup plus vite et je savais que je prenais un risque en choisissant les grands espaces. Je pense que c\u2019est une arme fatale dans ce championnat \u00bb, analyse Baptiste Filipe, l\u2019entra\u00eeneur bouillarguais. Les Gardoises enregistrent leur plus large victoire de la saison (+11) et leur sixi\u00e8me succ\u00e8s en sept journ\u00e9es. Au classement, Bouillargues est deuxi\u00e8me de la D2F \u00e0 un point du leader <a href=\"https:\/\/www.objectifgard.com\/sports-gard\/usam-les-nimoises-courageuses-mais-battues-par-le-leader-clermont-155326.php\" rel=\"nofollow noopener\" target=\"_blank\">Clermont qui s\u2019est impos\u00e9 au Parnasse (28-26).<\/a><\/p>\n<p><strong>Les autres r\u00e9sultats de la 7\u1d49 journ\u00e9e <\/strong>: Palente-Besan\u00e7on \u2013 Vaulx-en-Velin 20-25, Pessac \u2013 B\u00e8gles 28-39, Saint-Gr\u00e9goire Rennes \u2013 La Roche-sur-Yon 40-30.<\/p>\n<p><strong>Le classement :<\/strong> 1er Clermont 20 pts, <strong>2e Bouillargues 19 pts<\/strong>, 3e Saint-Gr\u00e9goire Rennes 18 pts, <strong>4e USAM N\u00eemoises 15 pts<\/strong>, 5e Vaulx-en-Velin 14 pts, 6e B\u00e8gles 12 pts, 7e La Roche-sur-Yon 11 pts, 8e Pessac 11 pts, 9e Le Pouzin 11 pts, 10e Palente Besan\u00e7on 9 pts.<\/p>\n<p><strong>Prochaine journ\u00e9e<\/strong> : le samedi 10 janvier, <strong>Bouillargues <\/strong>\u2013 Saint-Gr\u00e9goire Rennes, <strong>USAM N\u00eemoises<\/strong> \u2013 La Roche-sur-Yon, Clermont \u2013 Le Pouzin, Vaulx-en-Velin \u2013 B\u00e8gles et Pessac \u2013 Palente Besan\u00e7on.<\/p>\n<p>N\u00eemes Handisport<\/p>\n<p>\n\t<img decoding=\"async\" src=\"https:\/\/www.europesays.com\/fr\/wp-content\/uploads\/2025\/11\/1763064793_193_image.jpg\" alt=\"sarbacane n\u00eemes handisport\"\/><\/p>\n<p>\t\t\t\t\tLa Halle des Sports va accueillir pour la premi\u00e8re fois une comp\u00e9tition de sarbacane<br \/>\n\t\t\t\t\t\t\t\t \u2022 <strong>Photo N\u00eemes Handisport<\/strong><\/p>\n<p><strong>Un premier challenge.<\/strong> Avec le soutien du Comit\u00e9 d\u00e9partemental handisport du Gard, le club N\u00eemes Handisport organise, ce samedi 15 novembre, le Challenge national de sarbacane \u00e0 la halle des sports. C\u2019est la premi\u00e8re fois que cette comp\u00e9tition handisport se d\u00e9roule \u00e0 N\u00eemes. Une discipline connue dont le but est de propulser un projectile sur une cible verticale en soufflant dans une sarbacane. Ce challenge constitue une \u00e9tape qualificative pour les championnats de France seniors, pr\u00e9vus le 28 mars 2026 \u00e0 Limoges. Le club h\u00f4te, N\u00eemes Handisport, pr\u00e9sente six comp\u00e9titeurs, dont trois sont d\u00e9j\u00e0 qualifi\u00e9s pour le rendez-vous national. \u00ab Cet \u00e9v\u00e9nement repr\u00e9sente une opportunit\u00e9 unique de mettre en lumi\u00e8re leurs performances et de promouvoir la pratique de la sarbacane handisport au niveau national \u00bb, souligne Jean-Michel Samat, pr\u00e9sident de N\u00eemes Handisport.<\/p>\n<p>Al\u00e8s Agglo Volley-ball<\/p>\n<p><strong>Un tournoi dans le noir.<\/strong> Il fallait \u00eatre visible pour jouer. Vendredi dernier, le club Al\u00e8s Agglo Volley-ball, en collaboration avec le bureau des sports de l\u2019\u00c9cole des Mines d\u2019Al\u00e8s, a organis\u00e9 un tournoi de volley assez particulier. En effet, le tournoi, qui se d\u00e9roulait de 19 heures \u00e0 minuit, se jouait dans le noir, seulement \u00e9clair\u00e9 par des lumi\u00e8res et des objets fluorescents. La comp\u00e9tition amicale, qui comptait 16 \u00e9quipes mixtes (+100 participants), proposait des matchs de poule, puis un tableau principal et un tableau consolant afin de r\u00e9guler les niveaux. Si les premiers matchs ont \u00e9t\u00e9 compliqu\u00e9s \u00e0 mettre en place \u2014 le temps de s\u2019habituer \u00e0 jouer dans le noir et de se rep\u00e9rer uniquement \u00e0 l\u2019aide d\u2019un ballon, de lignes et d\u2019un filet fluorescents \u2014, les sensations \u00e9taient bien pr\u00e9sentes. \u00ab C\u2019est sympa, et c\u2019est vrai que rapidement on peut prendre du plaisir, que ce soit pour des joueurs exp\u00e9riment\u00e9s ou des loisirs \u00bb, confie Andrea Candes, organisateur de l\u2019\u00e9v\u00e9nement avec Laura Perez au BDS de l\u2019\u00c9cole des Mines. Une exp\u00e9rience appr\u00e9ci\u00e9e par un public de tous \u00e2ges, allant de 16 \u00e0 55 ans. Pour la pr\u00e9sidente du club d\u2019Al\u00e8s, C\u00e9cile Soenen, \u00ab c\u2019est peut-\u00eatre un rendez-vous qu\u2019on va se donner chaque ann\u00e9e, pour montrer qu\u2019on peut proposer une autre mani\u00e8re de pratiquer le volley \u00bb.<\/p>\n","protected":false},"excerpt":{"rendered":"Les raisons du d\u00e9part de l&rsquo;attaquant des Crocos Dylan Okyere, la 6e BLB \u00e0 l&rsquo;honneur au stade Kaufmann,&hellip;\n","protected":false},"author":2,"featured_media":532077,"comment_status":"","ping_status":"","sticky":false,"template":"","format":"standard","meta":{"footnotes":""},"categories":[1417],"tags":[1011,27,60,1470,1469],"class_list":{"0":"post-532076","1":"post","2":"type-post","3":"status-publish","4":"format-standard","5":"has-post-thumbnail","7":"category-volley","8":"tag-fr","9":"tag-france","10":"tag-sports","11":"tag-volley","12":"tag-volleyball"},"share_on_mastodon":{"url":"https:\/\/pubeurope.com\/@fr\/115544223035572359","error":""},"_links":{"self":[{"href":"https:\/\/www.europesays.com\/fr\/wp-json\/wp\/v2\/posts\/532076","targetHints":{"allow":["GET"]}}],"collection":[{"href":"https:\/\/www.europesays.com\/fr\/wp-json\/wp\/v2\/posts"}],"about":[{"href":"https:\/\/www.europesays.com\/fr\/wp-json\/wp\/v2\/types\/post"}],"author":[{"embeddable":true,"href":"https:\/\/www.europesays.com\/fr\/wp-json\/wp\/v2\/users\/2"}],"replies":[{"embeddable":true,"href":"https:\/\/www.europesays.com\/fr\/wp-json\/wp\/v2\/comments?post=532076"}],"version-history":[{"count":0,"href":"https:\/\/www.europesays.com\/fr\/wp-json\/wp\/v2\/posts\/532076\/revisions"}],"wp:featuredmedia":[{"embeddable":true,"href":"https:\/\/www.europesays.com\/fr\/wp-json\/wp\/v2\/media\/532077"}],"wp:attachment":[{"href":"https:\/\/www.europesays.com\/fr\/wp-json\/wp\/v2\/media?parent=532076"}],"wp:term":[{"taxonomy":"category","embeddable":true,"href":"https:\/\/www.europesays.com\/fr\/wp-json\/wp\/v2\/categories?post=532076"},{"taxonomy":"post_tag","embeddable":true,"href":"https:\/\/www.europesays.com\/fr\/wp-json\/wp\/v2\/tags?post=532076"}],"curies":[{"name":"wp","href":"https:\/\/api.w.org\/{rel}","templated":true}]}}