{"id":532078,"date":"2025-11-13T20:14:13","date_gmt":"2025-11-13T20:14:13","guid":{"rendered":"https:\/\/www.europesays.com\/fr\/532078\/"},"modified":"2025-11-13T20:14:13","modified_gmt":"2025-11-13T20:14:13","slug":"incomprehensible-detre-aussi-bon-une-semaine-et-aussi-mauvais-la-suivante","status":"publish","type":"post","link":"https:\/\/www.europesays.com\/fr\/532078\/","title":{"rendered":"\u00ab\u00a0Incompr\u00e9hensible d\u2019\u00eatre aussi bon une semaine et aussi mauvais la suivante\u00a0\u00bb"},"content":{"rendered":"<p class=\"interview-question\">Vous avez fait votre retour de blessure \u00e0 Brive apr\u00e8s deux mois d\u2019absence, mais l\u2019\u00e9quipe a conc\u00e9d\u00e9 une lourde d\u00e9faite. Comment expliquez-vous un tel rat\u00e9\u00a0?<\/p>\n<p class=\"interview-answer\">On a tout rat\u00e9, on n\u2019a pas \u00e9t\u00e9 pr\u00e9cis\u2026 On prend un premier essai d\u00e8s la premi\u00e8re minute qui nous fait mal \u00e0 la t\u00eate d\u2019entr\u00e9e. Brive, c\u2019est une grosse \u00e9quipe qui s\u2019est mise en confiance. Tout a march\u00e9 pour elle et rien pour nous. Il faut qu\u2019on travaille encore plus, surtout nous les avants, sur ballons port\u00e9s et en touche pour avoir des ballons propres, car on a une bonne \u00e9quipe derri\u00e8re pour exploiter ces ballons. Personnellement, je me suis senti bien, ma blessure ne m\u2019a pas g\u00ean\u00e9. Sur le premier ballon, je prends un coup de genou dans la pommette, \u00e7a m\u2019a permis de voir que \u00e7a allait (sourire). \u00c0 part le match compliqu\u00e9, ma reprise s\u2019est bien pass\u00e9e.<\/p>\n<blockquote><p>\u00ab\u00a0Pour moi, ce n\u2019est que dans la t\u00eate, ce n\u2019est qu\u2019une question d\u2019\u00e9tat d\u2019esprit\u00a0\u00bb<\/p><\/blockquote>\n<p class=\"interview-question\">Quel est le principal point \u00e0 corriger pour redresser la situation, selon vous\u00a0?<\/p>\n<p class=\"interview-answer\">On doit comprendre qu\u2019on en est capable. Il faut juste trouver le moyen de r\u00e9p\u00e9ter les m\u00eames choses \u00e0 chaque match. On a battu Vannes, Grenoble, et Nevers de 70 points, ce n\u2019est pas venu de nulle part, ce n\u2019est pas rien. \u00catre aussi bon une semaine et aussi mauvais la suivante, c\u2019est incompr\u00e9hensible. Pour moi, ce n\u2019est que dans la t\u00eate, ce n\u2019est qu\u2019une question d\u2019\u00e9tat d\u2019esprit. On va essayer de donner le maximum chaque semaine pour \u00eatre mieux dans la t\u00eate, mais aussi au niveau du classement.<\/p>\n<p>        <img decoding=\"async\" id=\"25625252\" src=\"https:\/\/www.europesays.com\/fr\/wp-content\/uploads\/2025\/11\/20250821225042-dsf55882.jpg\" alt=\"L\u2019indisponibilit\u00e9 de Ioane Iashagashvili a amput\u00e9 le pack montois de l\u2019un de ses plus gros porteurs. Son retour sera-t-il suffisant pour retrouver le succ\u00e8s face au SA XV\u00a0?\" itemprop=\"contentURL\"\/><\/p>\n<p>    L\u2019indisponibilit\u00e9 de Ioane Iashagashvili a amput\u00e9 le pack montois de l\u2019un de ses plus gros porteurs. Son retour sera-t-il suffisant pour retrouver le succ\u00e8s face au SA XV\u00a0?<\/p>\n<p>Matthieu Sartre<\/p>\n<p class=\"interview-question\">Et pour mettre fin \u00e0 votre mauvaise s\u00e9rie \u00e0 l\u2019ext\u00e9rieur, et ces dix d\u00e9faites sans point d\u2019affil\u00e9e\u2026<\/p>\n<p class=\"interview-answer\">Je trouve \u00e7a tr\u00e8s sp\u00e9cial qu\u2019en France, les matchs \u00e0 l\u2019ext\u00e9rieur sont toujours compliqu\u00e9s. En G\u00e9orgie, ou plus globalement pour les \u00e9trangers, ce n\u2019est pas pareil. Je ne sais pas ce qui change \u00e0 l\u2019ext\u00e9rieur, l\u2019ambiance, les supporteurs\u00a0? Peut-\u00eatre un peu tout. Mais il faut qu\u2019on trouve un moyen de renverser cette dynamique, car je pense qu\u2019on est la pire \u00e9quipe \u00e0 l\u2019ext\u00e9rieur pour le moment\u2026<\/p>\n<p class=\"interview-question\">Personnellement, la saison avait bien d\u00e9marr\u00e9 pour vous, avec cet essai marqu\u00e9 contre Colomiers d\u00e8s la 8e minute de la 1re journ\u00e9e. Et vous prenez ce violent coup qui vous prive de deux mois de comp\u00e9tition\u2026<\/p>\n<p class=\"interview-answer\">J\u2019ai pris un coup sur un plaquage. J\u2019ai jou\u00e9 15 minutes comme \u00e7a, avant que le m\u00e9decin ne diagnostique une fracture lors d\u2019un arr\u00eat de jeu\u2026 J\u2019avais h\u00e2te de red\u00e9marrer la saison. Deux mois loin de l\u2019\u00e9quipe, c\u2019\u00e9tait long. C\u2019est surtout le premier mois qui a \u00e9t\u00e9 compliqu\u00e9. Tout \u00e9tait interdit, ni muscu, ni cardio, car j\u2019avais trois fractures au niveau du visage\u2026 Je ne pouvais rien faire, je ne pouvais pas forcer. Petit \u00e0 petit, j\u2019ai repris. \u00c7a fait partie du rugby.<\/p>\n<p class=\"interview-question\">Vous \u00eates form\u00e9 \u00e0 Bayonne, mais vous n\u2019avez jamais jou\u00e9 en Top 14. C\u2019est votre objectif, et vous serez en fin de contrat \u00e0 Mont-de-Marsan \u00e0 la fin de la saison\u2026<\/p>\n<p class=\"interview-answer\">Oui, le Top 14 est le meilleur championnat du monde. C\u2019est pour cela que je suis venu en France. Je n\u2019ai pas r\u00e9ussi \u00e0 Bayonne, mais \u00e7a reste toujours un objectif d\u2019aller jusqu\u2019en Top 14. J\u2019esp\u00e8re que ce sera le cas un jour. Concernant la saison prochaine, je n\u2019ai pas fait mon choix, c\u2019est encore trop t\u00f4t pour cela. Avec ma blessure, je n\u2019y ai pas trop r\u00e9fl\u00e9chi, je voulais d\u2019abord rejouer et prendre du plaisir. Mon objectif reste le Top 14, mais on verra.<\/p>\n<blockquote><p>\u00ab\u00a0Ma fin de contrat\u00a0? Je n\u2019ai pas fait mon choix, c\u2019est encore trop t\u00f4t pour cela. Avec ma blessure, je n\u2019y ai pas trop r\u00e9fl\u00e9chi\u00a0\u00bb<\/p><\/blockquote>\n<p class=\"interview-question\">Votre autre grand objectif, c\u2019est la s\u00e9lection, mais vous n\u2019\u00eates plus apparu dans le groupe depuis votre premi\u00e8re cape en juillet 2024 contre l\u2019Australie. \u00cates-vous d\u00e9\u00e7u\u00a0?<\/p>\n<p class=\"interview-answer\">Non, non. Depuis ma premi\u00e8re s\u00e9lection, j\u2019ai toujours figur\u00e9 dans le groupe \u00e9largi. Je ne suis pas loin, m\u00eame si je n\u2019y suis pas non plus. Mon but, aujourd\u2019hui, c\u2019est d\u2019abord de trouver ma place en France, en Top 14 si je peux. Et je pense que la s\u00e9lection suivra toute seule derri\u00e8re. La troisi\u00e8me ligne, ce n\u2019est pas le poste le plus facile en G\u00e9orgie (sourire), mais cette concurrence nous fait grandir, donc c\u2019est tant mieux.<\/p>\n<p class=\"interview-question\">Quel est votre regard sur le SA XV, une \u00e9quipe mal class\u00e9e, mais impr\u00e9visible et dangereuse \u00e0 l\u2019ext\u00e9rieur\u00a0?<\/p>\n<p class=\"interview-answer\">C\u2019est une bonne \u00e9quipe, qui joue bien, avec beaucoup de tr\u00e8s bons joueurs. Mais nous voulons surtout nous concentrer sur nous pour sortir notre meilleur match. Il faut montrer notre meilleur niveau et notre meilleure image. On en est capable.<\/p>\n","protected":false},"excerpt":{"rendered":"Vous avez fait votre retour de blessure \u00e0 Brive apr\u00e8s deux mois d\u2019absence, mais l\u2019\u00e9quipe a conc\u00e9d\u00e9 une&hellip;\n","protected":false},"author":2,"featured_media":532079,"comment_status":"","ping_status":"","sticky":false,"template":"","format":"standard","meta":{"footnotes":""},"categories":[1416],"tags":[1011,27,479,1468,60],"class_list":{"0":"post-532078","1":"post","2":"type-post","3":"status-publish","4":"format-standard","5":"has-post-thumbnail","7":"category-rugby","8":"tag-fr","9":"tag-france","10":"tag-rugby","11":"tag-rugby-football","12":"tag-sports"},"share_on_mastodon":{"url":"https:\/\/pubeurope.com\/@fr\/115544225730363088","error":""},"_links":{"self":[{"href":"https:\/\/www.europesays.com\/fr\/wp-json\/wp\/v2\/posts\/532078","targetHints":{"allow":["GET"]}}],"collection":[{"href":"https:\/\/www.europesays.com\/fr\/wp-json\/wp\/v2\/posts"}],"about":[{"href":"https:\/\/www.europesays.com\/fr\/wp-json\/wp\/v2\/types\/post"}],"author":[{"embeddable":true,"href":"https:\/\/www.europesays.com\/fr\/wp-json\/wp\/v2\/users\/2"}],"replies":[{"embeddable":true,"href":"https:\/\/www.europesays.com\/fr\/wp-json\/wp\/v2\/comments?post=532078"}],"version-history":[{"count":0,"href":"https:\/\/www.europesays.com\/fr\/wp-json\/wp\/v2\/posts\/532078\/revisions"}],"wp:featuredmedia":[{"embeddable":true,"href":"https:\/\/www.europesays.com\/fr\/wp-json\/wp\/v2\/media\/532079"}],"wp:attachment":[{"href":"https:\/\/www.europesays.com\/fr\/wp-json\/wp\/v2\/media?parent=532078"}],"wp:term":[{"taxonomy":"category","embeddable":true,"href":"https:\/\/www.europesays.com\/fr\/wp-json\/wp\/v2\/categories?post=532078"},{"taxonomy":"post_tag","embeddable":true,"href":"https:\/\/www.europesays.com\/fr\/wp-json\/wp\/v2\/tags?post=532078"}],"curies":[{"name":"wp","href":"https:\/\/api.w.org\/{rel}","templated":true}]}}