{"id":532080,"date":"2025-11-13T20:15:18","date_gmt":"2025-11-13T20:15:18","guid":{"rendered":"https:\/\/www.europesays.com\/fr\/532080\/"},"modified":"2025-11-13T20:15:18","modified_gmt":"2025-11-13T20:15:18","slug":"atp-finals-andrea-gaudenzi-directeur-de-latp-est-tres-clair-nous-allons-continuer-a-reduire-le-nombre-de-tournois-atp-250","status":"publish","type":"post","link":"https:\/\/www.europesays.com\/fr\/532080\/","title":{"rendered":"ATP &#8211; Finals > Andrea Gaudenzi (directeur de l&rsquo;ATP) est tr\u00e8s clair : \u00ab\u00a0Nous allons continuer \u00e0 r\u00e9duire le nombre de tournois ATP 250\u00a0\u00bb"},"content":{"rendered":"<p>De passage en conf\u00e9\u00adrence de presse ce jeudi sur le Masters de Turin, le direc\u00adteur de l\u2019ATP, Andrea Gaudenzi, s\u2019est longue\u00adment exprim\u00e9 sur les prin\u00adci\u00adpaux sujets chauds, comme le calendrier.\u00a0<\/p>\n<p>Et le patron italien a \u00e9t\u00e9 tr\u00e8s clair\u00a0: les ATP 250 vont se faire de plus en plus\u00a0rare.\u00a0<\/p>\n<p><strong>\u00ab\u202fConcernant les 250, nous avons mis en place ces derni\u00e8res ann\u00e9es une stra\u00adt\u00e9gie visant \u00e0 r\u00e9duire leur nombre. Nous sommes pass\u00e9s de 38 \u00e0, je ne me souviens plus exac\u00adte\u00adment du chiffre, je pense que c\u2019est 29. Notre objectif, dans le cadre de nos efforts pour opti\u00admiser le calen\u00addrier 2028, lorsque le nouveau Masters en Arabie Saoudite fera son appa\u00adri\u00adtion, est de conti\u00adnuer \u00e0 r\u00e9duire le nombre de tour\u00adnois 250. Les tour\u00adnois 250 sont tr\u00e8s impor\u00adtants, tout comme les chal\u00adlen\u00adgers et les 500. Chaque cat\u00e9\u00adgorie est impor\u00adtante. Mais nous en avions un peu trop. Il \u00e9tait vrai\u00adment diffi\u00adcile de les int\u00e9\u00adgrer dans le calendrier.\u202f\u00bb<\/strong><\/p>\n<p class=\"post-published-date\" style=\"color: silver; font-size: 75%; text-align: left;\">Publi\u00e9 le jeudi 13 novembre 2025 \u00e0 19:33<\/p>\n","protected":false},"excerpt":{"rendered":"De passage en conf\u00e9\u00adrence de presse ce jeudi sur le Masters de Turin, le direc\u00adteur de l\u2019ATP, Andrea&hellip;\n","protected":false},"author":2,"featured_media":532081,"comment_status":"","ping_status":"","sticky":false,"template":"","format":"standard","meta":{"footnotes":""},"categories":[1415],"tags":[1011,27,60,1467],"class_list":{"0":"post-532080","1":"post","2":"type-post","3":"status-publish","4":"format-standard","5":"has-post-thumbnail","7":"category-tennis","8":"tag-fr","9":"tag-france","10":"tag-sports","11":"tag-tennis"},"share_on_mastodon":{"url":"https:\/\/pubeurope.com\/@fr\/115544229347392054","error":""},"_links":{"self":[{"href":"https:\/\/www.europesays.com\/fr\/wp-json\/wp\/v2\/posts\/532080","targetHints":{"allow":["GET"]}}],"collection":[{"href":"https:\/\/www.europesays.com\/fr\/wp-json\/wp\/v2\/posts"}],"about":[{"href":"https:\/\/www.europesays.com\/fr\/wp-json\/wp\/v2\/types\/post"}],"author":[{"embeddable":true,"href":"https:\/\/www.europesays.com\/fr\/wp-json\/wp\/v2\/users\/2"}],"replies":[{"embeddable":true,"href":"https:\/\/www.europesays.com\/fr\/wp-json\/wp\/v2\/comments?post=532080"}],"version-history":[{"count":0,"href":"https:\/\/www.europesays.com\/fr\/wp-json\/wp\/v2\/posts\/532080\/revisions"}],"wp:featuredmedia":[{"embeddable":true,"href":"https:\/\/www.europesays.com\/fr\/wp-json\/wp\/v2\/media\/532081"}],"wp:attachment":[{"href":"https:\/\/www.europesays.com\/fr\/wp-json\/wp\/v2\/media?parent=532080"}],"wp:term":[{"taxonomy":"category","embeddable":true,"href":"https:\/\/www.europesays.com\/fr\/wp-json\/wp\/v2\/categories?post=532080"},{"taxonomy":"post_tag","embeddable":true,"href":"https:\/\/www.europesays.com\/fr\/wp-json\/wp\/v2\/tags?post=532080"}],"curies":[{"name":"wp","href":"https:\/\/api.w.org\/{rel}","templated":true}]}}