{"id":532090,"date":"2025-11-13T20:24:19","date_gmt":"2025-11-13T20:24:19","guid":{"rendered":"https:\/\/www.europesays.com\/fr\/532090\/"},"modified":"2025-11-13T20:24:19","modified_gmt":"2025-11-13T20:24:19","slug":"la-bataille-la-malediction-de-lile-saison-01-episode-04-du-13-novembre-2025-la-bataille-la-malediction-de-lile","status":"publish","type":"post","link":"https:\/\/www.europesays.com\/fr\/532090\/","title":{"rendered":"La Bataille : La Mal\u00e9diction de L&rsquo;\u00eele &#8211; Saison 01 Episode 04 du 13 novembre 2025 &#8211; La Bataille : La Mal\u00e9diction de L&rsquo;\u00eele"},"content":{"rendered":"<p id=\"descriptionPanel\" class=\"text-secondary mr-2 line-clamp-2 pr-2.5 overflow-visible\">De bon matin, Vivian veut que Nicolo et Am\u00e9lie enterre la hache de guerre. Pour la strat\u00e9gie, il est important de garder des bonnes relations avec tous les bin\u00f4mes pour ce d\u00e9but d&rsquo;aventure. Cette strat\u00e9gie, Cynthia l&rsquo;a bien comprise. Une chose qui n&rsquo;a pas \u00e9t\u00e9 comprise ce sont les r\u00e8gles de l&rsquo;\u00eele. En effet, M\u00e9lanie a donn\u00e9 un fruit \u00e0 Cynthia ce qui est formellement interdit&#8230; Cette entorse au r\u00e8glement va tout de suite \u00eatre rappel\u00e9e \u00e0 l&rsquo;ordre par l&rsquo;\u00eele ! Apr\u00e8s ce rappel \u00e0 l&rsquo;ordre, l&rsquo;\u00eele convoque tous les duos pour une nouvelle \u00e9preuve dans le \u00ab\u00a0Cercle Maudit\u00a0\u00bb. Cette \u00e9preuve d\u00e9terminera les bin\u00f4mes en danger pour les prochaines nominations. Alors qui sera frapp\u00e9 par cette nouvelle mal\u00e9diction de l&rsquo;\u00eele ? La Bataille :  La Mal\u00e9diction de L&rsquo;\u00eele &#8211; Saison 01 Episode 04 du 13 novembre 2025<br \/>En savoir plus sur <a class=\"text-white hover:text-blue-500\" href=\"https:\/\/www.tf1.fr\/dossier\/melanie-secret-story-9\" target=\"_blank\" rel=\"noopener\">M\u00e9lanie Da Cruz<\/a>, <a class=\"text-white hover:text-blue-500\" href=\"https:\/\/www.tf1.fr\/dossier\/nicolo-ferrari-17810266\" target=\"_blank\" rel=\"noopener\">Nicol\u00f3 Ferrari<\/a>, <a class=\"text-white hover:text-blue-500\" href=\"https:\/\/www.tf1.fr\/dossier\/gabriel-ayuso-04623479\" target=\"_blank\" rel=\"noopener\">Gabriel Ayuso<\/a>, <a class=\"text-white hover:text-blue-500\" href=\"https:\/\/www.tf1.fr\/dossier\/maissane-aghioul-61458410\" target=\"_blank\" rel=\"noopener\">Maissane Aghioul<\/a>, <a class=\"text-white hover:text-blue-500\" href=\"https:\/\/www.tf1.fr\/dossier\/giovanni-prat-47518092\" target=\"_blank\" rel=\"noopener\">Giovanni Prat<\/a>, <a class=\"text-white hover:text-blue-500\" href=\"https:\/\/www.tf1.fr\/dossier\/aimed-secret-story-2025-63413122\" target=\"_blank\" rel=\"noopener\">A\u00efmed Boualaoui<\/a>, <a class=\"text-white hover:text-blue-500\" href=\"https:\/\/www.tf1.fr\/dossier\/amelie-neten-83340298\" target=\"_blank\" rel=\"noopener\">Am\u00e9lie Neten<\/a>, <a class=\"text-white hover:text-blue-500\" href=\"https:\/\/www.tf1.fr\/dossier\/celia-secret-story-2025-18208385\" target=\"_blank\" rel=\"noopener\">C\u00e9lia Mejjati<\/a>, <a class=\"text-white hover:text-blue-500\" href=\"https:\/\/www.tf1.fr\/dossier\/adixia-86869001\" target=\"_blank\" rel=\"noopener\">Adixia<\/a>, <a class=\"text-white hover:text-blue-500\" href=\"https:\/\/www.tf1.fr\/dossier\/vivian-lvcb-3\" target=\"_blank\" rel=\"noopener\">Vivian Grimigni<\/a>, <a class=\"text-white hover:text-blue-500\" href=\"https:\/\/www.tf1.fr\/dossier\/constance-secret-story-2025-97345810\" target=\"_blank\" rel=\"noopener\">Constance Omar<\/a>, <a class=\"text-white hover:text-blue-500\" href=\"https:\/\/www.tf1.fr\/dossier\/christophe-mercy-90571552\" target=\"_blank\" rel=\"noopener\">Christophe Mercy<\/a>, <a class=\"text-white hover:text-blue-500\" href=\"https:\/\/www.tf1.fr\/dossier\/melanie-orlenko-98845143\" target=\"_blank\" rel=\"noopener\">M\u00e9lanie Orlenko<\/a>, <a class=\"text-white hover:text-blue-500\" href=\"https:\/\/www.tf1.fr\/dossier\/romain-spodarek-67295069\" target=\"_blank\" rel=\"noopener\">Romain Spodarek<\/a>, <a class=\"text-white hover:text-blue-500\" href=\"https:\/\/www.tf1.fr\/dossier\/elsa-fayer\" target=\"_blank\" rel=\"noopener\">Elsa Fayer<\/a>, <a class=\"text-white hover:text-blue-500\" href=\"https:\/\/www.tf1.fr\/dossier\/matis-mercy-16020508\" target=\"_blank\" rel=\"noopener\">Mathis Mercy<\/a>, <a class=\"text-white hover:text-blue-500\" href=\"https:\/\/www.tf1.fr\/dossier\/lisa-marie-giocanti-18932665\" target=\"_blank\" rel=\"noopener\">Lisa-Marie Giocanti<\/a>, <a class=\"text-white hover:text-blue-500\" href=\"https:\/\/www.tf1.fr\/dossier\/cynthia-makhoul-89948165\" target=\"_blank\" rel=\"noopener\">Cynthia Makhoul<\/a> ou <a class=\"text-white hover:text-blue-500\" href=\"https:\/\/www.tf1.fr\/dossier\/gary-jarny-45589774\" target=\"_blank\" rel=\"noopener\">Gary Jarny<\/a><\/p>\n<p>Afficher la version longue du r\u00e9sum\u00e9<a class=\"shrink-0\" href=\"https:\/\/www.tf1.fr\/tfx\/la-bataille-la-malediction-de-lile\" target=\"_blank\" rel=\"noopener\"><img decoding=\"async\" src=\"https:\/\/www.europesays.com\/fr\/wp-content\/uploads\/2025\/11\/program-card-portrait-1-1a7341-5a3804-0@1x.jpg\" width=\"138\" height=\"184\" alt=\"\" loading=\"eager\" fetchpriority=\"auto\" class=\"rounded-3px aspect-[3\/4] h-24 w-auto\" aria-hidden=\"true\"\/><\/a><img alt=\"Sous-Titrage T\u00e9l\u00e9texte\" loading=\"lazy\" width=\"27\" height=\"20\" decoding=\"async\" data-nimg=\"1\" style=\"color:transparent\" src=\"https:\/\/www.tf1.fr\/public\/_next\/static\/media\/sme.b8f879c0.svg\"\/>13 nov. 2025 \u00e0 19:48<\/p>\n","protected":false},"excerpt":{"rendered":"De bon matin, Vivian veut que Nicolo et Am\u00e9lie enterre la hache de guerre. Pour la strat\u00e9gie, il&hellip;\n","protected":false},"author":2,"featured_media":528349,"comment_status":"","ping_status":"","sticky":false,"template":"","format":"standard","meta":{"footnotes":""},"categories":[1356],"tags":[58,59,1365,64104,64105,43632,1011,27,64102,64106,64107,64114,64118,64103,64115,64119,64111,64110,64116,64117,64112,64113,252,1364,64108,64109],"class_list":{"0":"post-532090","1":"post","2":"type-post","3":"status-publish","4":"format-standard","5":"has-post-thumbnail","7":"category-television","8":"tag-divertissement","9":"tag-entertainment","10":"tag-episode","11":"tag-episode-la-bataille-la-malediction-de-lile","12":"tag-episode-la-bataille-la-malediction-de-lile-tfx","13":"tag-episode-tfx","14":"tag-fr","15":"tag-france","16":"tag-la-bataille-la-malediction-de-lile","17":"tag-la-bataille-la-malediction-de-lile-episode","18":"tag-la-bataille-la-malediction-de-lile-episode-tfx","19":"tag-la-bataille-la-malediction-de-lile-streaming","20":"tag-la-bataille-la-malediction-de-lile-streaming-gratuit","21":"tag-la-bataille-la-malediction-de-lile-tfx","22":"tag-la-bataille-la-malediction-de-lile-tfx-streaming","23":"tag-la-bataille-la-malediction-de-lile-tfx-streaming-gratuit","24":"tag-la-bataille-la-malediction-de-lile-tfx-video","25":"tag-la-bataille-la-malediction-de-lile-video","26":"tag-streaming-gratuit-la-bataille-la-malediction-de-lile","27":"tag-streaming-gratuit-la-bataille-la-malediction-de-lile-tfx","28":"tag-streaming-la-bataille-la-malediction-de-lile","29":"tag-streaming-la-bataille-la-malediction-de-lile-tfx","30":"tag-television","31":"tag-tv","32":"tag-video-la-bataille-la-malediction-de-lile","33":"tag-video-la-bataille-la-malediction-de-lile-tfx"},"share_on_mastodon":{"url":"","error":"Validation failed: Text character limit of 500 exceeded"},"_links":{"self":[{"href":"https:\/\/www.europesays.com\/fr\/wp-json\/wp\/v2\/posts\/532090","targetHints":{"allow":["GET"]}}],"collection":[{"href":"https:\/\/www.europesays.com\/fr\/wp-json\/wp\/v2\/posts"}],"about":[{"href":"https:\/\/www.europesays.com\/fr\/wp-json\/wp\/v2\/types\/post"}],"author":[{"embeddable":true,"href":"https:\/\/www.europesays.com\/fr\/wp-json\/wp\/v2\/users\/2"}],"replies":[{"embeddable":true,"href":"https:\/\/www.europesays.com\/fr\/wp-json\/wp\/v2\/comments?post=532090"}],"version-history":[{"count":0,"href":"https:\/\/www.europesays.com\/fr\/wp-json\/wp\/v2\/posts\/532090\/revisions"}],"wp:featuredmedia":[{"embeddable":true,"href":"https:\/\/www.europesays.com\/fr\/wp-json\/wp\/v2\/media\/528349"}],"wp:attachment":[{"href":"https:\/\/www.europesays.com\/fr\/wp-json\/wp\/v2\/media?parent=532090"}],"wp:term":[{"taxonomy":"category","embeddable":true,"href":"https:\/\/www.europesays.com\/fr\/wp-json\/wp\/v2\/categories?post=532090"},{"taxonomy":"post_tag","embeddable":true,"href":"https:\/\/www.europesays.com\/fr\/wp-json\/wp\/v2\/tags?post=532090"}],"curies":[{"name":"wp","href":"https:\/\/api.w.org\/{rel}","templated":true}]}}